{"id":72403,"date":"2022-02-04T09:28:30","date_gmt":"2022-02-04T12:28:30","guid":{"rendered":"https:\/\/catolicanet.net\/wp-cnet\/?p=72403"},"modified":"2022-02-04T16:13:15","modified_gmt":"2022-02-04T19:13:15","slug":"cf-2022-regional-nordeste-5-lanca-subsidio-para-encontros-quaresmais","status":"publish","type":"post","link":"https:\/\/catolicanet.net\/wp-cnet\/cf-2022-regional-nordeste-5-lanca-subsidio-para-encontros-quaresmais\/","title":{"rendered":"CF 2022: REGIONAL NORDESTE 5 LAN\u00c7A SUBS\u00cdDIO PARA ENCONTROS QUARESMAIS"},"content":{"rendered":"<p id=\"viewer-ermb2\" class=\"mm8Nw _1j-51 _1atvN _1FoOD _78FBa _3_La3 _1atvN public-DraftStyleDefault-block-depth0 fixed-tab-size public-DraftStyleDefault-text-ltr\" style=\"text-align: justify;\"><span class=\"_2PHJq public-DraftStyleDefault-ltr\">O regional Nordeste 5 da Confer\u00eancia Nacional dos Bispos do Brasil (CNBB), que comprende o Estado do Maranh\u00e3o, lan\u00e7ou a publica\u00e7\u00e3o\u00a0<strong>\u201cCampanha da Fraternidade 2022\u201d<\/strong>\u00a0com encontros quaresmais baseados na CF 2022, que neste ano tem como tema\u00a0<strong>\u201cFraternidade e Educa\u00e7\u00e3o\u201d<\/strong>\u00a0e o lema\u00a0<strong>\u201cFala com sabedoria, ensina com amor\u201d\u00a0 (Pr 31,26)<\/strong>. Seu in\u00edcio se dar\u00e1 na abertura da Quaresma, dia 2 de mar\u00e7o, na Quarta-Feira de Cinzas.<\/span><\/p>\n<p class=\"mm8Nw _1j-51 _1atvN _1FoOD _78FBa _3_La3 _1atvN public-DraftStyleDefault-block-depth0 fixed-tab-size public-DraftStyleDefault-text-ltr\" style=\"text-align: justify;\"><span class=\"_2PHJq public-DraftStyleDefault-ltr\">O subs\u00eddio \u00e9 composto por cinco encontros, contendo a Via Sacra, Celebra\u00e7\u00e3o de P\u00e1scoa, cantos e um cartaz. Foi elaborado pela equipe de reda\u00e7\u00e3o que \u00e9 composta pela irm\u00e3 Bertila Teixeira, da congrega\u00e7\u00e3o dos Santos Anjos; Martha Bispo, secret\u00e1ria executiva do regional; Terezinha Moura, do CEBI-MA \u2013 da arquidiocese de S\u00e3o Lu\u00eds; irm\u00e3 Virg\u00ednia, mission\u00e1ria da a\u00e7\u00e3o paroquial da diocese de Imperatriz; Marilene Bandeira, da diocese de Coroat\u00e1.<\/span><\/p>\n<p id=\"viewer-55uh6\" class=\"mm8Nw _1j-51 _1atvN _1FoOD _78FBa _3_La3 _1atvN public-DraftStyleDefault-block-depth0 fixed-tab-size public-DraftStyleDefault-text-ltr\" style=\"text-align: justify;\"><span class=\"_2PHJq public-DraftStyleDefault-ltr\">Dom Valentim Meneses, bispo da diocese de Balsas e referencial para a A\u00e7\u00e3o Mission\u00e1ria, no regional, em sua mensagem de apresenta\u00e7\u00e3o do subs\u00eddio motiva os mission\u00e1rios: \u201cRecordando a forte palavra de Jesus: \u2018N\u00e3o tenham medo\u2019, fa\u00e7amos nossos 5 (cinco) encontros quaresmais, aproveitando toda a riqueza da reflex\u00e3o e da ora\u00e7\u00e3o, a fim de fazer dessa Quaresma um verdadeiro tempo de convers\u00e3o\u201d, disse.<\/span><\/p>\n<p id=\"viewer-6u3gr\" class=\"mm8Nw _1j-51 _1atvN _1FoOD _78FBa _3_La3 _1atvN public-DraftStyleDefault-block-depth0 fixed-tab-size public-DraftStyleDefault-text-ltr\" style=\"text-align: justify;\"><span class=\"_2PHJq public-DraftStyleDefault-ltr\">O subs\u00eddio j\u00e1 est\u00e1 sendo entregue para a arquidiocese e dioceses do regional. Cada exemplar custa R$ 2,00, e pode ser adquirido nas secretarias paroquiais e na sede do Regional NE 5 da CNBB, na rua do Rancho, 57, Centro, S\u00e3o Lu\u00eds-MA.<\/span><\/p>\n<h4 id=\"viewer-f3891\" class=\"mm8Nw _1j-51 _1atvN _1FoOD _78FBa _3_La3 _1atvN public-DraftStyleDefault-block-depth0 fixed-tab-size public-DraftStyleDefault-text-ltr\" style=\"text-align: justify;\"><span class=\"_2PHJq public-DraftStyleDefault-ltr\"><strong>Os encontros<\/strong><\/span><\/h4>\n<p id=\"viewer-f0m0o\" class=\"mm8Nw _1j-51 _1atvN _1FoOD _78FBa _3_La3 _1atvN public-DraftStyleDefault-block-depth0 fixed-tab-size public-DraftStyleDefault-text-ltr\" style=\"text-align: justify;\"><span class=\"_2PHJq public-DraftStyleDefault-ltr\">Os encontros s\u00e3o din\u00e2micos, com uma linguagem de f\u00e1cil compreens\u00e3o, voltados para a espiritualidade quaresmal, com partilha da Palavra de Deus e reflex\u00f5es sobre o tema Campanha da Fraternidade 2022: \u201cFraternidade e educa\u00e7\u00e3o\u201d, e o lema: \u201cFala com sabedoria, ensina com amor\u201d (cf. Pr 31,26). Ao final de cada encontro, que deve ser realizado uma vez por semana, um compromisso \u00e9 proposto para concretizar as reflex\u00f5es.<\/span><\/p>\n<p id=\"viewer-35e1k\" class=\"mm8Nw _1j-51 _1atvN _1FoOD _78FBa _3_La3 _1atvN public-DraftStyleDefault-block-depth0 fixed-tab-size public-DraftStyleDefault-text-ltr\" style=\"text-align: justify;\"><span class=\"_2PHJq public-DraftStyleDefault-ltr\">\u00c9 poss\u00edvel realizar tamb\u00e9m a Via Sacra orante e a Celebra\u00e7\u00e3o de P\u00e1scoa, o que possibilita ao grupo celebrar juntos a alegria pascal.<\/span><\/p>\n<blockquote id=\"viewer-fb5sq\" class=\"_3cMZT _3Dd1B _1yXpC _1FoOD _78FBa _3_La3 _1atvN public-DraftStyleDefault-block-depth0 fixed-tab-size public-DraftStyleDefault-text-ltr\"><p><span class=\"_2PHJq public-DraftStyleDefault-ltr\">\u201cComecemos nos educando a fazer chegar a Campanha da Fraternidade a todos os que est\u00e3o ao nosso alcance\u201d, dom Valentim Meneses.<\/span><\/p><\/blockquote>\n<p>&nbsp;<\/p>\n<pre>Com informa\u00e7\u00f5es do <a href=\"https:\/\/www.cnbbne5.org\/post\/cf-2022-regional-nordeste-5-lan%C3%A7a-subs%C3%ADdio-para-encontros-quaresmais\" target=\"_blank\" rel=\"noopener\">regional Nordeste 5<\/a><\/pre>\n","protected":false},"excerpt":{"rendered":"<p>O regional Nordeste 5 da Confer\u00eancia Nacional dos Bispos do Brasil (CNBB), que comprende o Estado do Maranh\u00e3o, lan\u00e7ou a publica\u00e7\u00e3o\u00a0\u201cCampanha da Fraternidade 2022\u201d\u00a0com encontros quaresmais baseados na CF 2022, que neste ano tem como tema\u00a0\u201cFraternidade e Educa\u00e7\u00e3o\u201d\u00a0e o lema\u00a0\u201cFala com sabedoria, ensina com amor\u201d\u00a0 (Pr 31,26). Seu in\u00edcio se dar\u00e1 na abertura da Quaresma, [&hellip;]<\/p>\n","protected":false},"author":1,"featured_media":72404,"comment_status":"open","ping_status":"closed","sticky":false,"template":"","format":"standard","meta":{"footnotes":""},"categories":[7],"tags":[],"class_list":["post-72403","post","type-post","status-publish","format-standard","has-post-thumbnail","hentry","category-cnbb"],"_links":{"self":[{"href":"https:\/\/catolicanet.net\/wp-cnet\/wp-json\/wp\/v2\/posts\/72403","targetHints":{"allow":["GET"]}}],"collection":[{"href":"https:\/\/catolicanet.net\/wp-cnet\/wp-json\/wp\/v2\/posts"}],"about":[{"href":"https:\/\/catolicanet.net\/wp-cnet\/wp-json\/wp\/v2\/types\/post"}],"author":[{"embeddable":true,"href":"https:\/\/catolicanet.net\/wp-cnet\/wp-json\/wp\/v2\/users\/1"}],"replies":[{"embeddable":true,"href":"https:\/\/catolicanet.net\/wp-cnet\/wp-json\/wp\/v2\/comments?post=72403"}],"version-history":[{"count":1,"href":"https:\/\/catolicanet.net\/wp-cnet\/wp-json\/wp\/v2\/posts\/72403\/revisions"}],"predecessor-version":[{"id":72405,"href":"https:\/\/catolicanet.net\/wp-cnet\/wp-json\/wp\/v2\/posts\/72403\/revisions\/72405"}],"wp:featuredmedia":[{"embeddable":true,"href":"https:\/\/catolicanet.net\/wp-cnet\/wp-json\/wp\/v2\/media\/72404"}],"wp:attachment":[{"href":"https:\/\/catolicanet.net\/wp-cnet\/wp-json\/wp\/v2\/media?parent=72403"}],"wp:term":[{"taxonomy":"category","embeddable":true,"href":"https:\/\/catolicanet.net\/wp-cnet\/wp-json\/wp\/v2\/categories?post=72403"},{"taxonomy":"post_tag","embeddable":true,"href":"https:\/\/catolicanet.net\/wp-cnet\/wp-json\/wp\/v2\/tags?post=72403"}],"curies":[{"name":"wp","href":"https:\/\/api.w.org\/{rel}","templated":true}]}}