{"id":72400,"date":"2022-02-04T09:26:45","date_gmt":"2022-02-04T12:26:45","guid":{"rendered":"https:\/\/catolicanet.net\/wp-cnet\/?p=72400"},"modified":"2022-02-04T16:06:14","modified_gmt":"2022-02-04T19:06:14","slug":"pastoral-do-turismo-aposta-na-retomada-do-setor-no-brasil-e-foca-esforcos-na-implementacao-de-novos-nucleos-e-na-formacao-e-espiritualidade-dos-agentes","status":"publish","type":"post","link":"https:\/\/catolicanet.net\/wp-cnet\/pastoral-do-turismo-aposta-na-retomada-do-setor-no-brasil-e-foca-esforcos-na-implementacao-de-novos-nucleos-e-na-formacao-e-espiritualidade-dos-agentes\/","title":{"rendered":"PASTORAL DO TURISMO APOSTA NA RETOMADA DO SETOR NO BRASIL E FOCA ESFOR\u00c7OS NA IMPLEMENTA\u00c7\u00c3O DE NOVOS N\u00daCLEOS E NA FORMA\u00c7\u00c3O E ESPIRITUALIDADE DOS AGENTES"},"content":{"rendered":"<p style=\"text-align: justify;\">O ano de 2022 apresenta perspectivas positivas para o setor do Turismo no Brasil que come\u00e7a a reagir no p\u00f3s-pandemia. Dados da pesquisa mensal de Servi\u00e7os, do Instituto Brasileiro de Geografia e Estat\u00edstica (IBGE), aponta que entre maio e agosto de 2021 o ac\u00famulo j\u00e1 aponta uma alta de 49,1%.<\/p>\n<figure id=\"attachment_242379\" class=\"wp-caption alignleft\" style=\"text-align: justify;\" aria-describedby=\"caption-attachment-242379\"><img loading=\"lazy\" decoding=\"async\" class=\"wp-image-242379 lazyloaded\" src=\"https:\/\/eadn-wc02-718006.nxedge.io\/cdn\/wp-content\/uploads\/2020\/07\/Ciclo-de-romarias-em-Canind%C3%A9-teve-in%C3%ADcio-com-Perd%C3%A3o-de-Assis-e-prociss%C3%A3o_Fotos_Secretaria-de-Turismo-de-Canind%C3%A9-e1594775611917.jpg\" sizes=\"auto, (max-width: 358px) 100vw, 358px\" srcset=\"https:\/\/eadn-wc02-718006.nxedge.io\/cdn\/wp-content\/uploads\/2020\/07\/Ciclo-de-romarias-em-Canind\u00e9-teve-in\u00edcio-com-Perd\u00e3o-de-Assis-e-prociss\u00e3o_Fotos_Secretaria-de-Turismo-de-Canind\u00e9-e1594775611917.jpg 635w, https:\/\/eadn-wc02-718006.nxedge.io\/cdn\/wp-content\/uploads\/2020\/07\/Ciclo-de-romarias-em-Canind\u00e9-teve-in\u00edcio-com-Perd\u00e3o-de-Assis-e-prociss\u00e3o_Fotos_Secretaria-de-Turismo-de-Canind\u00e9-e1594775611917-300x191.jpg 300w, https:\/\/eadn-wc02-718006.nxedge.io\/cdn\/wp-content\/uploads\/2020\/07\/Ciclo-de-romarias-em-Canind\u00e9-teve-in\u00edcio-com-Perd\u00e3o-de-Assis-e-prociss\u00e3o_Fotos_Secretaria-de-Turismo-de-Canind\u00e9-e1594775611917-500x319.jpg 500w\" alt=\"\" width=\"358\" height=\"228\" data-srcset=\"https:\/\/eadn-wc02-718006.nxedge.io\/cdn\/wp-content\/uploads\/2020\/07\/Ciclo-de-romarias-em-Canind\u00e9-teve-in\u00edcio-com-Perd\u00e3o-de-Assis-e-prociss\u00e3o_Fotos_Secretaria-de-Turismo-de-Canind\u00e9-e1594775611917.jpg 635w, https:\/\/eadn-wc02-718006.nxedge.io\/cdn\/wp-content\/uploads\/2020\/07\/Ciclo-de-romarias-em-Canind\u00e9-teve-in\u00edcio-com-Perd\u00e3o-de-Assis-e-prociss\u00e3o_Fotos_Secretaria-de-Turismo-de-Canind\u00e9-e1594775611917-300x191.jpg 300w, https:\/\/eadn-wc02-718006.nxedge.io\/cdn\/wp-content\/uploads\/2020\/07\/Ciclo-de-romarias-em-Canind\u00e9-teve-in\u00edcio-com-Perd\u00e3o-de-Assis-e-prociss\u00e3o_Fotos_Secretaria-de-Turismo-de-Canind\u00e9-e1594775611917-500x319.jpg 500w\" data-src=\"https:\/\/eadn-wc02-718006.nxedge.io\/cdn\/wp-content\/uploads\/2020\/07\/Ciclo-de-romarias-em-Canind\u00e9-teve-in\u00edcio-com-Perd\u00e3o-de-Assis-e-prociss\u00e3o_Fotos_Secretaria-de-Turismo-de-Canind\u00e9-e1594775611917.jpg\" data-sizes=\"(max-width: 358px) 100vw, 358px\" \/><figcaption id=\"caption-attachment-242379\" class=\"wp-caption-text\"><em>Ciclo de romarias em Canind\u00e9. Foto: Secretaria de Turismo de Canind\u00e9<\/em><\/figcaption><\/figure>\n<p style=\"text-align: justify;\">O Turismo religioso, que tamb\u00e9m movimenta bastante a economia, sofreu os impactos da pandemia da Covid-19, principalmente, depois que os templos religiosos, como bas\u00edlicas e santu\u00e1rios, tiveram de fechar as portas para evitar aglomera\u00e7\u00f5es.<\/p>\n<p style=\"text-align: justify;\">Por\u00e9m, a expectativa para o ano de 2022 \u00e9 de crescimento e a Pastoral do Turismo da Confer\u00eancia Nacional dos Bispos do Brasil (CNBB), celebra essa retomada. \u00a0Para este ano, a pastoral preparou dois grandes momentos de atua\u00e7\u00e3o. O primeiro \u00e9 a dissemina\u00e7\u00e3o do Livro\u00a0<a href=\"https:\/\/www.edicoescnbb.com.br\/produto\/marco-historico-e-pastoral-da-pastur-no-brasil-71701\" target=\"_blank\" rel=\"noopener\"><strong>\u2018Marco Hist\u00f3rico e Pastoral do Turismo (Pastur)\u2019<\/strong><\/a>, publicado pela Edi\u00e7\u00f5es CNBB no fim de 2021.<\/p>\n<p style=\"text-align: justify;\"><img loading=\"lazy\" decoding=\"async\" class=\"wp-image-863107 alignright lazyloaded\" src=\"https:\/\/eadn-wc02-718006.nxedge.io\/cdn\/wp-content\/uploads\/2022\/02\/Livro-Marco-Historico-e-Pastoral-do-Turismo-Pastur.png\" sizes=\"auto, (max-width: 232px) 100vw, 232px\" srcset=\"https:\/\/eadn-wc02-718006.nxedge.io\/cdn\/wp-content\/uploads\/2022\/02\/Livro-Marco-Historico-e-Pastoral-do-Turismo-Pastur.png 214w, https:\/\/eadn-wc02-718006.nxedge.io\/cdn\/wp-content\/uploads\/2022\/02\/Livro-Marco-Historico-e-Pastoral-do-Turismo-Pastur-200x300.png 200w\" alt=\"\" width=\"232\" height=\"349\" data-srcset=\"https:\/\/eadn-wc02-718006.nxedge.io\/cdn\/wp-content\/uploads\/2022\/02\/Livro-Marco-Historico-e-Pastoral-do-Turismo-Pastur.png 214w, https:\/\/eadn-wc02-718006.nxedge.io\/cdn\/wp-content\/uploads\/2022\/02\/Livro-Marco-Historico-e-Pastoral-do-Turismo-Pastur-200x300.png 200w\" data-src=\"https:\/\/eadn-wc02-718006.nxedge.io\/cdn\/wp-content\/uploads\/2022\/02\/Livro-Marco-Historico-e-Pastoral-do-Turismo-Pastur.png\" data-sizes=\"(max-width: 232px) 100vw, 232px\" \/>A obra apresenta a identidade, a hist\u00f3ria e a realidade da Pastoral do Turismo no Brasil, uma experi\u00eancia que foi sendo elaborada no decurso de sua exist\u00eancia, at\u00e9 os dias atuais. O livro apresenta desde o perfil do agente e a espiritualidade da acolhida, at\u00e9 aos conceitos antropol\u00f3gicos e teol\u00f3gicos que permeiam toda atua\u00e7\u00e3o dessa importante pastoral que \u201cprepara, defende e acolhe\u201d irm\u00e3os e irm\u00e3s, em diversas regi\u00f5es do Brasil.<\/p>\n<blockquote><p><strong><em>\u201cN\u00f3s pretendemos difundir este livro em 2022 para que possamos avan\u00e7ar na compreens\u00e3o sobre a identidade, miss\u00e3o e metodologia da Pastur no Brasil\u201d<\/em><\/strong>, explica o coordenador Nacional da Pastoral do Turismo, padre Manoel de Oliveira Filho.<\/p><\/blockquote>\n<p style=\"text-align: justify;\">Al\u00e9m desse trabalho de base, a pastoral prepara o 7\u00ba Encontro Nacional da Pastur, na cidade de Santa Cruz, no Rio Grande do Norte, que ser\u00e1 realizado entre 22 e 24 de setembro.\u00a0<em>\u201cO encontro ser\u00e1 uma oportunidade para os agentes refletirem sobre a sua identidade enquanto pastoral da mobilidade\u201d<\/em>, diz.<\/p>\n<figure id=\"attachment_242380\" class=\"wp-caption alignleft\" style=\"text-align: justify;\" aria-describedby=\"caption-attachment-242380\"><img loading=\"lazy\" decoding=\"async\" class=\"wp-image-242380 lazyloaded\" src=\"https:\/\/eadn-wc02-718006.nxedge.io\/cdn\/wp-content\/uploads\/2020\/07\/Padre-Manoel-Filho.jpg\" sizes=\"auto, (max-width: 357px) 100vw, 357px\" srcset=\"https:\/\/eadn-wc02-718006.nxedge.io\/cdn\/wp-content\/uploads\/2020\/07\/Padre-Manoel-Filho.jpg 542w, https:\/\/eadn-wc02-718006.nxedge.io\/cdn\/wp-content\/uploads\/2020\/07\/Padre-Manoel-Filho-300x300.png 300w, https:\/\/eadn-wc02-718006.nxedge.io\/cdn\/wp-content\/uploads\/2020\/07\/Padre-Manoel-Filho-150x150-1.jpg 150w, https:\/\/eadn-wc02-718006.nxedge.io\/cdn\/wp-content\/uploads\/2020\/07\/Padre-Manoel-Filho-500x498-1.jpg 500w\" alt=\"\" width=\"357\" height=\"356\" data-srcset=\"https:\/\/eadn-wc02-718006.nxedge.io\/cdn\/wp-content\/uploads\/2020\/07\/Padre-Manoel-Filho.jpg 542w, https:\/\/eadn-wc02-718006.nxedge.io\/cdn\/wp-content\/uploads\/2020\/07\/Padre-Manoel-Filho-300x300.png 300w, https:\/\/eadn-wc02-718006.nxedge.io\/cdn\/wp-content\/uploads\/2020\/07\/Padre-Manoel-Filho-150x150-1.jpg 150w, https:\/\/eadn-wc02-718006.nxedge.io\/cdn\/wp-content\/uploads\/2020\/07\/Padre-Manoel-Filho-500x498-1.jpg 500w\" data-src=\"https:\/\/eadn-wc02-718006.nxedge.io\/cdn\/wp-content\/uploads\/2020\/07\/Padre-Manoel-Filho.jpg\" data-sizes=\"(max-width: 357px) 100vw, 357px\" \/><figcaption id=\"caption-attachment-242380\" class=\"wp-caption-text\"><em>Padre Manoel de Oliveira Filho. Foto: arquivo pessoal<\/em><\/figcaption><\/figure>\n<p style=\"text-align: justify;\">A Pastur trabalha a partir de quatro eixos de a\u00e7\u00e3o: Turismo Religioso e Cultural, Turismo de Base Comunit\u00e1ria, Dimens\u00e3o Prof\u00e9tica e Forma\u00e7\u00e3o de Agentes. Outro ponto importante que j\u00e1 vem sendo trabalhado com os agentes de pastoral \u00e9 a forma\u00e7\u00e3o e a espiritualidade, afinal s\u00e3o eles que atuam diretamente na miss\u00e3o de evangelizar o mundo do Turismo.<\/p>\n<p style=\"text-align: justify;\">De acordo com a coordena\u00e7\u00e3o nacional da Pastur, ao longo de 2022, a meta \u00e9 continuar implementando n\u00facleos da pastoral nas dioceses brasileiras.\u00a0<em>\u201cEsse \u00e9 o mais importante para efetivar a evangeliza\u00e7\u00e3o no mundo do turismo\u201d<\/em>, ressalta o padre.<\/p>\n<h3 style=\"text-align: justify;\">Turismo e o direito universal<\/h3>\n<p style=\"text-align: justify;\">O Conc\u00edlio Vaticano II diz que tudo que tem rela\u00e7\u00e3o com a pessoa humana n\u00e3o \u00e9 indiferente ao cora\u00e7\u00e3o da Igreja. Segundo a coordena\u00e7\u00e3o nacional da Pastur, o descanso, o passeio, a frui\u00e7\u00e3o da vida, o turismo portanto, de t\u00e3o importante \u00e9 considerado direito universal e divino.<\/p>\n<p style=\"text-align: justify;\">De acordo com padre Manoel Filho, existe um universo de pessoas ligadas ao turismo. Profissionais das mais diversas \u00e1reas, comunidades acolhedoras e o turista em si.\u00a0<em>\u201cA Igreja n\u00e3o pode e n\u00e3o deve negligenciar esse mundo.\u201d<\/em><\/p>\n<p style=\"text-align: justify;\">No entanto, a Pastur faz um alerta como tudo que \u00e9 humano, o turismo carrega contradi\u00e7\u00f5es. Segundo a pastoral, no entorno da atividade turista existe o trabalho infantil, a prostitui\u00e7\u00e3o, a precariza\u00e7\u00e3o das condi\u00e7\u00f5es de trabalho e etc.<\/p>\n<p style=\"text-align: justify;\"><em>\u201cPrecisamos denunciar tudo que fere a dignidade humana no vasto mundo do turismo. O Evangelho sempre \u00e9 not\u00edcia boa que resgata e aprimora. Por isso precisamos evangelizar o mundo do turismo\u201d<\/em>, ressalta padre Manoel Filho.<\/p>\n","protected":false},"excerpt":{"rendered":"<p>O ano de 2022 apresenta perspectivas positivas para o setor do Turismo no Brasil que come\u00e7a a reagir no p\u00f3s-pandemia. Dados da pesquisa mensal de Servi\u00e7os, do Instituto Brasileiro de Geografia e Estat\u00edstica (IBGE), aponta que entre maio e agosto de 2021 o ac\u00famulo j\u00e1 aponta uma alta de 49,1%. Ciclo de romarias em Canind\u00e9. [&hellip;]<\/p>\n","protected":false},"author":1,"featured_media":72401,"comment_status":"open","ping_status":"closed","sticky":false,"template":"","format":"standard","meta":{"footnotes":""},"categories":[7,13],"tags":[],"class_list":["post-72400","post","type-post","status-publish","format-standard","has-post-thumbnail","hentry","category-cnbb","category-featured"],"_links":{"self":[{"href":"https:\/\/catolicanet.net\/wp-cnet\/wp-json\/wp\/v2\/posts\/72400","targetHints":{"allow":["GET"]}}],"collection":[{"href":"https:\/\/catolicanet.net\/wp-cnet\/wp-json\/wp\/v2\/posts"}],"about":[{"href":"https:\/\/catolicanet.net\/wp-cnet\/wp-json\/wp\/v2\/types\/post"}],"author":[{"embeddable":true,"href":"https:\/\/catolicanet.net\/wp-cnet\/wp-json\/wp\/v2\/users\/1"}],"replies":[{"embeddable":true,"href":"https:\/\/catolicanet.net\/wp-cnet\/wp-json\/wp\/v2\/comments?post=72400"}],"version-history":[{"count":1,"href":"https:\/\/catolicanet.net\/wp-cnet\/wp-json\/wp\/v2\/posts\/72400\/revisions"}],"predecessor-version":[{"id":72402,"href":"https:\/\/catolicanet.net\/wp-cnet\/wp-json\/wp\/v2\/posts\/72400\/revisions\/72402"}],"wp:featuredmedia":[{"embeddable":true,"href":"https:\/\/catolicanet.net\/wp-cnet\/wp-json\/wp\/v2\/media\/72401"}],"wp:attachment":[{"href":"https:\/\/catolicanet.net\/wp-cnet\/wp-json\/wp\/v2\/media?parent=72400"}],"wp:term":[{"taxonomy":"category","embeddable":true,"href":"https:\/\/catolicanet.net\/wp-cnet\/wp-json\/wp\/v2\/categories?post=72400"},{"taxonomy":"post_tag","embeddable":true,"href":"https:\/\/catolicanet.net\/wp-cnet\/wp-json\/wp\/v2\/tags?post=72400"}],"curies":[{"name":"wp","href":"https:\/\/api.w.org\/{rel}","templated":true}]}}