{"id":72367,"date":"2022-02-02T15:05:19","date_gmt":"2022-02-02T18:05:19","guid":{"rendered":"https:\/\/catolicanet.net\/wp-cnet\/?p=72367"},"modified":"2022-02-02T15:05:19","modified_gmt":"2022-02-02T18:05:19","slug":"apresentacao-do-senhor-2","status":"publish","type":"post","link":"https:\/\/catolicanet.net\/wp-cnet\/apresentacao-do-senhor-2\/","title":{"rendered":"Apresenta\u00e7\u00e3o do Senhor"},"content":{"rendered":"<p style=\"text-align: justify;\">Celebramos neste dia 2 de fevereiro, a Festa da Apresenta\u00e7\u00e3o do Senhor. Esta data ocorre 40 dias ap\u00f3s a celebra\u00e7\u00e3o do Natal do Senhor. E ainda nos prepara para logo mais celebrarmos a paix\u00e3o, morte e ressurrei\u00e7\u00e3o do Senhor Jesus. Essa festa significa que temos que estar sempre vigilantes, com as velas acesas e prontos para irmos ao encontro do Senhor.<\/p>\n<p style=\"text-align: justify;\">Esta celebra\u00e7\u00e3o recorda o cumprimento por Maria e Jos\u00e9 de uma lei hebraica, que dizia que todo primog\u00eanito do sexo masculino deveria ser consagrado ao Senhor. Dizia, tamb\u00e9m, que 40 dias ap\u00f3s a m\u00e3e dar \u00e0 luz, ela deveria passar por um ritual de purifica\u00e7\u00e3o, e apresentar o filho ao Senhor, no templo. Desde o s\u00e9culo IV, essa festa era chamada de Purifica\u00e7\u00e3o de Maria.<\/p>\n<p style=\"text-align: justify;\">A partir da reforma lit\u00fargica nos anos 1960, passou-se a valorizar o sentido da apresenta\u00e7\u00e3o, oferta de Jesus ao Pai, para que se cumprisse o seu destino e, ainda, a gratid\u00e3o de Maria pelo fruto de seu ventre. A partir disso, essa celebra\u00e7\u00e3o come\u00e7ou a ser chamada como Apresenta\u00e7\u00e3o do Senhor, no sentido de Maria ofertar como gratid\u00e3o, o filho de Deus que nascera dela.<\/p>\n<p style=\"text-align: justify;\">Ao chegar no templo, a Sagrada Fam\u00edlia foi acolhida pelo profeta Sime\u00e3o, um anci\u00e3o que servia dia e noite no templo e o Senhor lhe prometeu que ele n\u00e3o morreria sem antes ver o Messias. Ao ver o menino, o profeta agradece ao Senhor cheio de alegria e diz: <em>\u201cAgora, Senhor, conforme a sua promessa, podes deixar o vosso servo partir em paz; porque os meus olhos viram a tua salva\u00e7\u00e3o, que preparastes diante de todos os povos: luz para iluminar as na\u00e7\u00f5es e gl\u00f3ria do teu povo Israel\u201d (Lc 2,29-31). <\/em>Tamb\u00e9m vai ao encontro da Sagrada fam\u00edlia, a profetiza Ana.<\/p>\n<p style=\"text-align: justify;\">Sime\u00e3o, ao aben\u00e7oar o menino, e, ap\u00f3s proferir essas palavras de gratid\u00e3o ao Senhor, diz a Maria: <em>\u201cEste Menino ser\u00e1 um sinal de contradi\u00e7\u00e3o, para ru\u00edna e salva\u00e7\u00e3o de muitos em Israel; e uma espada atravessar\u00e1 a tua alma para que se descubram os pensamentos de muitos cora\u00e7\u00f5es\u201d (Lc 2,22-35). <\/em>Maria, ao ouvir o que era dito a respeito do menino, guardava e meditava tudo em seu cora\u00e7\u00e3o. De fato, Sime\u00e3o profetizou o que seria a miss\u00e3o de Jesus entre n\u00f3s e culminaria com sua morte na cruz. Essa \u00e9 a espada que atravessou a alma de Maria, uma de suas \u201csete\u201d dores. Mas como sabemos, ap\u00f3s a morte, vem a ressurrei\u00e7\u00e3o de Jesus.<\/p>\n<p style=\"text-align: justify;\">Lucas relata em seu evangelho (Lc 2,22-40) o encontro da Sagrada Fam\u00edlia com Sime\u00e3o e Ana:<em> \u201cAssim que se completaram os dias da purifica\u00e7\u00e3o conforme a Lei de Mois\u00e9s, levaram o Menino a Jerusal\u00e9m para apresent\u00e1-lo ao Senhor, segundo est\u00e1 escrito na Lei do Senhor, que todo var\u00e3o primog\u00eanito ser\u00e1 consagrado ao Senhor e para oferecerem em sacrif\u00edcio, segundo o que est\u00e1 prescrito na Lei do Senhor, um par de rolas ou dois pombinhos\u201d. <\/em><\/p>\n<p style=\"text-align: justify;\">A Sagrada Fam\u00edlia era fiel \u00e0 lei judaica e cumpria todos os preceitos da religi\u00e3o e com certeza ensinaram isso a Jesus. Por isso, Jos\u00e9 \u00e9 considerado o justo, pois servia fielmente \u00e0 lei judaica. As fam\u00edlias consideradas mais ricas de Israel ofereciam outros animais na apresenta\u00e7\u00e3o de seus filhos no templo, como cordeiros e cabritos. Mas as fam\u00edlias mais humildes, como era o caso da Sagrada Fam\u00edlia, ofereciam animais mais simples, como um par de rolas ou dois pombinhos.<\/p>\n<p style=\"text-align: justify;\">Tanto Sime\u00e3o, quanto Ana, reconhecem em Jesus o Messias esperado e profetizaram o sofrimento e a gl\u00f3ria que viriam para ele e a Sagrada Fam\u00edlia. A partir da celebra\u00e7\u00e3o dessa festa, temos outras duas celebra\u00e7\u00f5es nessa data: Nossa Senhora da Candel\u00e1ria e Nossa Senhora da Luz ou dos Navegantes.<\/p>\n<p style=\"text-align: justify;\">Por isso, somos convidados a ir \u00e0 celebra\u00e7\u00e3o eucar\u00edstica nesse dia e irmos ao encontro do Senhor com as nossas velas acesas, tendo a certeza de que Ele vai iluminar as nossas vidas e a luz que Ele vai iluminar em n\u00f3s, vamos iluminar \u00e0queles que nos cercam. Atrav\u00e9s dessa celebra\u00e7\u00e3o, ainda, nos preparamos para a festa central do cristianismo que \u00e9 a P\u00e1scoa.<\/p>\n<p style=\"text-align: justify;\">Que possamos renovar nesse dia a nossa consagra\u00e7\u00e3o a Deus e a nossa vida possa estar voltada sempre para o Senhor. Somos chamados a viver a santidade no dia a dia e sermos luz para quem encontrarmos. Temos que cuidar do templo do nosso corpo, e n\u00e3o deixar que ele se manche ou seja destru\u00eddo pelo pecado.<\/p>\n<p style=\"text-align: justify;\">Apresentemos nesse dia ao Senhor as nossas vidas, as nossas fragilidades e afli\u00e7\u00f5es, apresentemos, ainda, a vida da nossa fam\u00edlia e consagremos a n\u00f3s e nossas fam\u00edlias ao Senhor. Escutemos a voz do Senhor nesse dia e aceitemos os planos d\u00b4Ele para a nossa vida.<\/p>\n<p style=\"text-align: justify;\">Que a Virgem Maria, a Virgem das Luzes, a Senhora da Luz, da Candel\u00e1ria e das Candeias nos guie e proteja sempre. Am\u00e9m.<\/p>\n","protected":false},"excerpt":{"rendered":"<p>Celebramos neste dia 2 de fevereiro, a Festa da Apresenta\u00e7\u00e3o do Senhor. Esta data ocorre 40 dias ap\u00f3s a celebra\u00e7\u00e3o do Natal do Senhor. E ainda nos prepara para logo mais celebrarmos a paix\u00e3o, morte e ressurrei\u00e7\u00e3o do Senhor Jesus. Essa festa significa que temos que estar sempre vigilantes, com as velas acesas e prontos [&hellip;]<\/p>\n","protected":false},"author":5,"featured_media":55819,"comment_status":"open","ping_status":"closed","sticky":false,"template":"","format":"standard","meta":{"footnotes":""},"categories":[9],"tags":[],"class_list":["post-72367","post","type-post","status-publish","format-standard","has-post-thumbnail","hentry","category-artigos"],"_links":{"self":[{"href":"https:\/\/catolicanet.net\/wp-cnet\/wp-json\/wp\/v2\/posts\/72367","targetHints":{"allow":["GET"]}}],"collection":[{"href":"https:\/\/catolicanet.net\/wp-cnet\/wp-json\/wp\/v2\/posts"}],"about":[{"href":"https:\/\/catolicanet.net\/wp-cnet\/wp-json\/wp\/v2\/types\/post"}],"author":[{"embeddable":true,"href":"https:\/\/catolicanet.net\/wp-cnet\/wp-json\/wp\/v2\/users\/5"}],"replies":[{"embeddable":true,"href":"https:\/\/catolicanet.net\/wp-cnet\/wp-json\/wp\/v2\/comments?post=72367"}],"version-history":[{"count":1,"href":"https:\/\/catolicanet.net\/wp-cnet\/wp-json\/wp\/v2\/posts\/72367\/revisions"}],"predecessor-version":[{"id":72368,"href":"https:\/\/catolicanet.net\/wp-cnet\/wp-json\/wp\/v2\/posts\/72367\/revisions\/72368"}],"wp:featuredmedia":[{"embeddable":true,"href":"https:\/\/catolicanet.net\/wp-cnet\/wp-json\/wp\/v2\/media\/55819"}],"wp:attachment":[{"href":"https:\/\/catolicanet.net\/wp-cnet\/wp-json\/wp\/v2\/media?parent=72367"}],"wp:term":[{"taxonomy":"category","embeddable":true,"href":"https:\/\/catolicanet.net\/wp-cnet\/wp-json\/wp\/v2\/categories?post=72367"},{"taxonomy":"post_tag","embeddable":true,"href":"https:\/\/catolicanet.net\/wp-cnet\/wp-json\/wp\/v2\/tags?post=72367"}],"curies":[{"name":"wp","href":"https:\/\/api.w.org\/{rel}","templated":true}]}}