{"id":72351,"date":"2022-02-02T14:48:35","date_gmt":"2022-02-02T17:48:35","guid":{"rendered":"https:\/\/catolicanet.net\/wp-cnet\/?p=72351"},"modified":"2022-02-02T14:48:35","modified_gmt":"2022-02-02T17:48:35","slug":"hoje-a-igreja-celebra-o-dia-mundial-da-vida-consagrada","status":"publish","type":"post","link":"https:\/\/catolicanet.net\/wp-cnet\/hoje-a-igreja-celebra-o-dia-mundial-da-vida-consagrada\/","title":{"rendered":"Hoje a Igreja celebra o Dia Mundial da Vida Consagrada"},"content":{"rendered":"<p style=\"text-align: justify;\">Hoje, 2 de fevereiro, festa da Apresenta\u00e7\u00e3o do Senhor, a\u00a0Igreja\u00a0celebra o XXVI Dia Mundial da\u00a0Vida\u00a0Consagrada institu\u00eddo pelo papa s\u00e3o Jo\u00e3o Paulo II em 1997.<\/p>\n<p style=\"text-align: justify;\">\u201cA vida consagrada, caminhando juntos\u201d \u00e9 o lema que anima o dia deste ano, cuja\u00a0missa\u00a0ser\u00e1 celebrada pelo papa Francisco \u00e0s 17h30 (13h30 no hor\u00e1rio de Bras\u00edlia) na bas\u00edlica de S\u00e3o Pedro, e contar\u00e1 com a presen\u00e7a de membros de institutos de vida consagrada e sociedades de vida apost\u00f3lica.<\/p>\n<p style=\"text-align: justify;\">O cardeal Jo\u00e3o Braz de Aviz e dom Jos\u00e9 Rodr\u00edguez Carballo, prefeito e secret\u00e1rio da Congrega\u00e7\u00e3o para os Institutos de Vida Consagrada, respectivamente, afirmaram em carta que o dia ser\u00e1 &#8220;uma ocasi\u00e3o de encontro marcada pela fidelidade de Deus, que se manifesta na perseveran\u00e7a jubilosa de muitos homens e mulheres\u201d consagrados e consagradas.<\/p>\n<p style=\"text-align: justify;\">Os dois citaram o papa Francisco, que disse em 11 de dezembro de 2021 que \u201ca vida consagrada nasce na Igreja, cresce e pode dar frutos evang\u00e9licos somente na Igreja, na comunh\u00e3o viva do povo fiel de Deus\u201d.<\/p>\n<p style=\"text-align: justify;\">No Dia de\u00a02021, o papa Francisco se referiu \u00e0 aridez espiritual que atinge muitos consagrados diante das frustra\u00e7\u00f5es durante sua miss\u00e3o.<\/p>\n<p style=\"text-align: justify;\">\u00a0\u201cA tristeza interior em n\u00f3s consagrados \u00e9 um verme, um verme que nos corr\u00f3i por dentro. Fuji da tristeza interior\u201d, disse o papa. Segundo Francisco, \u00e9 preciso &#8220;ter paci\u00eancia\u201d e \u201cesperar, confiantes, os tempos e as modalidades de Deus: Ele \u00e9 fiel \u00e0s suas promessas.\u201d<\/p>\n<p style=\"text-align: justify;\">No\u00a0Dia de 2020, o papa Francisco disse que os consagrados s\u00e3o \u201co grande tesouro da Igreja\u201d, porque \u201cseguem de perto o Senhor professando os conselhos evang\u00e9licos\u201d que s\u00e3o pobreza, castidade e obedi\u00eancia.<\/p>\n<p style=\"text-align: justify;\">O papa recordou tamb\u00e9m que a vida consagrada \u00e9 um imerecido &#8220;dom de amor&#8221; do Senhor que deve ser acolhido &#8220;de bra\u00e7os abertos&#8221;; e convidou os consagrados a &#8220;saber ver a gra\u00e7a&#8221; recebida na voca\u00e7\u00e3o na hist\u00f3ria pessoal, &#8220;n\u00e3o apenas nos grandes momentos da vida, mas tamb\u00e9m nas fragilidades, fraquezas, mis\u00e9rias&#8221;.<\/p>\n<p style=\"text-align: justify;\">Em 26 de janeiro de 2019, durante sua visita ao Panam\u00e1 para a Jornada Mundial da Juventude, o papa Francisco presidiu uma missa com sacerdotes, religiosos e consagrados.<\/p>\n<p style=\"text-align: justify;\">Naquela ocasi\u00e3o, Francisco lembrou algumas das causas que causam cansa\u00e7o nos consagrados: &#8220;Desde as longas horas de trabalho que deixam pouco tempo para comer, descansar, rezar e estar com a fam\u00edlia, at\u00e9 \u00e0s \u2018t\u00f3xicas\u2019 condi\u00e7\u00f5es laborais e afetivas que levam ao esgotamento e desgastam o cora\u00e7\u00e3o&#8221;. \u201cTodas elas reclamam, como um grito silencioso, um po\u00e7o donde come\u00e7ar de novo&#8221;, disse ele.<\/p>\n<p style=\"text-align: justify;\">O papa encorajou os consagrados a recuperar &#8220;a paix\u00e3o dos enamorados&#8221; de sua voca\u00e7\u00e3o e &#8220;voltar, sem medo, ao po\u00e7o origin\u00e1rio do primeiro amor, quando Jesus passou pelo nosso caminho, olhou-nos com miseric\u00f3rdia, escolheu-nos e pediu que O segu\u00edssemos&#8221;.<\/p>\n<p style=\"text-align: justify;\">\u201cAo diz\u00ea-lo, recuperamos a mem\u00f3ria daquele momento em que os seus olhos cruzaram os nossos, o momento em que Ele nos fez sentir que nos amava, que me amava, e n\u00e3o s\u00f3 como indiv\u00edduo, mas tamb\u00e9m como comunidade\u201d, acrescentou.<\/p>\n<p style=\"text-align: justify;\"><strong>Vida consagrada no mundo<\/strong><\/p>\n<p style=\"text-align: justify;\">A vida consagrada \u00e9 composta por todos os batizados que se consagram a Deus pelo rito da profiss\u00e3o ou pela consagra\u00e7\u00e3o das virgens. Estes fi\u00e9is comprometem-se a viver a pobreza, a castidade e a obedi\u00eancia, atrav\u00e9s da emiss\u00e3o de votos ou promessas.<\/p>\n<p style=\"text-align: justify;\">Os fi\u00e9is que respondem \u00e0 voca\u00e7\u00e3o da vida consagrada integram os institutos de vida contemplativa (homens e mulheres em comunidades de clausura), institutos de vida apost\u00f3lica (congrega\u00e7\u00f5es religiosas masculinas e femininas, sociedades de vida apost\u00f3lica), institutos seculares, ordem das virgens consagradas e novas formas de vida consagrada.<\/p>\n<p style=\"text-align: justify;\">De acordo com um relat\u00f3rio estat\u00edstico da Igreja Cat\u00f3lica publicado em outubro de 2021 pela ag\u00eancia Fides, servi\u00e7o noticioso das Obras Mission\u00e1rias Pontif\u00edcias, no mundo existem 5.364\u00a0bispos, 414.336 sacerdotes, 48.238 di\u00e1conos permanentes, 50.295 religiosos n\u00e3o sacerdotes e 630.099 religiosos.<\/p>\n<p style=\"text-align: justify;\">A Igreja tem 582 membros de institutos seculares masculinos e 20.913 membros de institutos seculares femininos. O n\u00famero de seminaristas maiores diocesanos e religiosos \u00e9 de 114.058 e 96.990 s\u00e3o seminaristas menores diocesanos e religiosos.<\/p>\n<p style=\"text-align: justify;\">O Ano da Vida Consagrada come\u00e7ou em 30 de novembro de 2014 e terminou em 2 de fevereiro de 2016 em Roma, na presen\u00e7a de cerca de seis mil religiosos e religiosas.<\/p>\n","protected":false},"excerpt":{"rendered":"<p>Hoje, 2 de fevereiro, festa da Apresenta\u00e7\u00e3o do Senhor, a\u00a0Igreja\u00a0celebra o XXVI Dia Mundial da\u00a0Vida\u00a0Consagrada institu\u00eddo pelo papa s\u00e3o Jo\u00e3o Paulo II em 1997. \u201cA vida consagrada, caminhando juntos\u201d \u00e9 o lema que anima o dia deste ano, cuja\u00a0missa\u00a0ser\u00e1 celebrada pelo papa Francisco \u00e0s 17h30 (13h30 no hor\u00e1rio de Bras\u00edlia) na bas\u00edlica de S\u00e3o Pedro, [&hellip;]<\/p>\n","protected":false},"author":1,"featured_media":72352,"comment_status":"open","ping_status":"closed","sticky":false,"template":"","format":"standard","meta":{"footnotes":""},"categories":[4,13],"tags":[],"class_list":["post-72351","post","type-post","status-publish","format-standard","has-post-thumbnail","hentry","category-cotidiano","category-featured"],"_links":{"self":[{"href":"https:\/\/catolicanet.net\/wp-cnet\/wp-json\/wp\/v2\/posts\/72351","targetHints":{"allow":["GET"]}}],"collection":[{"href":"https:\/\/catolicanet.net\/wp-cnet\/wp-json\/wp\/v2\/posts"}],"about":[{"href":"https:\/\/catolicanet.net\/wp-cnet\/wp-json\/wp\/v2\/types\/post"}],"author":[{"embeddable":true,"href":"https:\/\/catolicanet.net\/wp-cnet\/wp-json\/wp\/v2\/users\/1"}],"replies":[{"embeddable":true,"href":"https:\/\/catolicanet.net\/wp-cnet\/wp-json\/wp\/v2\/comments?post=72351"}],"version-history":[{"count":1,"href":"https:\/\/catolicanet.net\/wp-cnet\/wp-json\/wp\/v2\/posts\/72351\/revisions"}],"predecessor-version":[{"id":72353,"href":"https:\/\/catolicanet.net\/wp-cnet\/wp-json\/wp\/v2\/posts\/72351\/revisions\/72353"}],"wp:featuredmedia":[{"embeddable":true,"href":"https:\/\/catolicanet.net\/wp-cnet\/wp-json\/wp\/v2\/media\/72352"}],"wp:attachment":[{"href":"https:\/\/catolicanet.net\/wp-cnet\/wp-json\/wp\/v2\/media?parent=72351"}],"wp:term":[{"taxonomy":"category","embeddable":true,"href":"https:\/\/catolicanet.net\/wp-cnet\/wp-json\/wp\/v2\/categories?post=72351"},{"taxonomy":"post_tag","embeddable":true,"href":"https:\/\/catolicanet.net\/wp-cnet\/wp-json\/wp\/v2\/tags?post=72351"}],"curies":[{"name":"wp","href":"https:\/\/api.w.org\/{rel}","templated":true}]}}