{"id":72324,"date":"2022-01-26T09:04:24","date_gmt":"2022-01-26T12:04:24","guid":{"rendered":"https:\/\/catolicanet.net\/wp-cnet\/?p=72324"},"modified":"2022-01-26T15:55:49","modified_gmt":"2022-01-26T18:55:49","slug":"o-papa-pais-nao-se-espantem-diante-dos-problemas-dos-filhos-apelo-pela-paz-na-ucrania","status":"publish","type":"post","link":"https:\/\/catolicanet.net\/wp-cnet\/o-papa-pais-nao-se-espantem-diante-dos-problemas-dos-filhos-apelo-pela-paz-na-ucrania\/","title":{"rendered":"O Papa: pais, n\u00e3o se espantem diante dos problemas dos filhos. Apelo pela paz na Ucr\u00e2nia"},"content":{"rendered":"<div class=\"article__subTitle\" style=\"text-align: justify;\">Na Audi\u00eancia Geral desta quarta-feira, Francisco convidou aos pais, diante dos problemas dos filhos, a pensarem no Senhor, a pensarem em como Jos\u00e9 resolveu os problemas e a pedirem a Jos\u00e9 que os ajude. &#8220;.Nunca condenar um filho&#8221;, acrescentou o Papa.<\/div>\n<div class=\"title__separator\" style=\"text-align: justify;\"><\/div>\n<div class=\"article__text \">\n<p style=\"text-align: justify;\"><b>Mariangela Jaguraba &#8211; Vatican News<\/b><\/p>\n<p style=\"text-align: justify;\">&#8220;S\u00e3o Jos\u00e9, homem que sonha&#8221; foi o tema da catequese do Papa Francisco na Audi\u00eancia Geral, desta quarta-feira (26\/01), realizada na Sala Paulo VI.<\/p>\n<div style=\"text-align: justify;\">\n<div class=\"article__embed article__embed--unwrap article__embed--dark\">\n<div class=\"article__innerTitle\">Ou\u00e7a e compartilhe<\/div>\n<div><\/div>\n<\/div>\n<\/div>\n<p style=\"text-align: justify;\">O Papa explicou que &#8220;na B\u00edblia, como nas culturas dos povos antigos, os sonhos eram considerados um meio pelo qual Deus se revelava. O sonho simboliza a vida espiritual de cada um de n\u00f3s, aquele espa\u00e7o interior, que cada um \u00e9 chamado a cultivar e a proteger, onde Deus se manifesta e muitas vezes nos fala&#8221;.<\/p>\n<p style=\"text-align: justify;\">Segundo o Papa, &#8220;devemos dizer que dentro de cada um de n\u00f3s n\u00e3o existe apenas a voz de Deus: existem muitas outras vozes. Por exemplo, as vozes de nossos medos, experi\u00eancias passadas, das esperan\u00e7as; e h\u00e1 tamb\u00e9m a voz do maligno que quer nos enganar e confundir. Portanto, \u00e9 importante ser capaz de reconhecer a voz de Deus no meio de outras vozes. Jos\u00e9 demonstra que sabe cultivar o sil\u00eancio necess\u00e1rio e tomar as decis\u00f5es justas diante da Palavra que o Senhor lhe dirige interiormente&#8221;.<\/p>\n<h2 style=\"text-align: justify;\">A\u00a0ora\u00e7\u00e3o faz nascer em n\u00f3s a intui\u00e7\u00e3o do caminho de sa\u00edda<\/h2>\n<p style=\"text-align: justify;\">Para entender como nos colocar diante da revela\u00e7\u00e3o de Deus, o Papa retomou quatro sonhos relatados no Evangelho que t\u00eam Jos\u00e9 como protagonista.<\/p>\n<p style=\"text-align: justify;\">No primeiro sonho, o anjo ajuda Jos\u00e9 a resolver o drama que o aflige ao saber da gravidez de Maria, quando o anjo lhe apareceu em sonho e lhe disse para n\u00e3o ter medo de receber Maria como esposa. A resposta de Jos\u00e9 foi imediata, pois quando acordou fez conforme o Anjo do Senhor havia mandado.<\/p>\n<p style=\"text-align: justify;\"><i>Muitas vezes a vida nos coloca diante de situa\u00e7\u00f5es que n\u00e3o entendemos e parecem sem solu\u00e7\u00e3o. Rezar, nesses momentos, significa deixar que o Senhor nos mostre a coisa certa a ser feita.\u00a0 De fato, muitas vezes \u00e9 a ora\u00e7\u00e3o que faz nascer em n\u00f3s a intui\u00e7\u00e3o do caminho de sa\u00edda. Como resolver aquela situa\u00e7\u00e3o. Queridos irm\u00e3os e irm\u00e3s, o Senhor nunca permite um problema sem nos dar tamb\u00e9m a ajuda necess\u00e1ria para enfrent\u00e1-lo. Ele n\u00e3o nos joga ali no forno sozinhos. N\u00e3o nos joga no meio dos animais ferozes. N\u00e3o. O Senhor quando nos faz ver um problema ou revela um problema, nos d\u00e1 sempre sua ajuda, sua presen\u00e7a para sair, para resolv\u00ea-lo.<\/i><\/p>\n<h2 style=\"text-align: justify;\">A coragem de Jos\u00e9 para enfrentar as dificuldades<\/h2>\n<p style=\"text-align: justify;\">O segundo sonho revelador de Jos\u00e9 ocorre quando a vida do menino Jesus est\u00e1 em perigo. Ele pegou o menino Jesus e sua m\u00e3e e fugiram para o Egito e ficaram l\u00e1 at\u00e9 a morte de Herodes.<i><\/i><\/p>\n<p style=\"text-align: justify;\"><i>Na vida fazemos experi\u00eancia de perigos que amea\u00e7am nossa exist\u00eancia ou a de quem amamos. Nessas situa\u00e7\u00f5es, rezar significa escutar a voz que pode fazer nascer em n\u00f3s a coragem de Jos\u00e9 para enfrentar as dificuldades sem sucumbir.<\/i><\/p>\n<h2 style=\"text-align: justify;\">O medo tamb\u00e9m precisa da nossa ora\u00e7\u00e3o<\/h2>\n<p style=\"text-align: justify;\">No Egito, Jos\u00e9 espera de Deus o sinal para poder voltar para casa. Este \u00e9 o conte\u00fado do terceiro sonho. O anjo lhe revela que aqueles que queriam matar o menino morreram e ordena a Jos\u00e9 de partir com Maria e Jesus e retornar \u00e0 sua p\u00e1tria. Mas na viagem de volta, &#8220;quando soube que Arquelau reinava na Jud\u00e9ia, como sucessor de seu pai Herodes, teve medo de ir para l\u00e1&#8221;. Depois de receber aviso em sonho, Jos\u00e9 partiu para a regi\u00e3o da Galileia, e foi morar numa cidade chamada Nazar\u00e9. Esta \u00e9 a quarta revela\u00e7\u00e3o.<\/p>\n<p style=\"text-align: justify;\"><i>O medo tamb\u00e9m faz parte da vida e ele tamb\u00e9m precisa da nossa ora\u00e7\u00e3o. Deus n\u00e3o nos promete que n\u00e3o teremos mais medo, mas que, com sua ajuda, o medo n\u00e3o ser\u00e1 o crit\u00e9rio de nossas decis\u00f5es. Jos\u00e9 experimenta o medo, mas Deus tamb\u00e9m o guia atrav\u00e9s do medo. O poder da ora\u00e7\u00e3o ilumina as situa\u00e7\u00f5es sombrias.<\/i><\/p>\n<h2 style=\"text-align: justify;\">Os pais diante dos problemas dos filhos<\/h2>\n<p style=\"text-align: justify;\">A seguir, o Papa recordou &#8220;as muitas pessoas que s\u00e3o esmagadas pelo peso da vida e n\u00e3o conseguem mais esperar e nem rezar. Que S\u00e3o Jos\u00e9 as ajude a abrir-se ao di\u00e1logo com Deus, para reencontrar luz, for\u00e7a e paz&#8221;.<\/p>\n<p style=\"text-align: justify;\">Francisco recordou tamb\u00e9m &#8220;os pais diante dos problemas dos filhos. Filhos doentes, com doen\u00e7as permanentes. Quanta dor ali! Pais que veem orienta\u00e7\u00f5es sexuais diferentes nos filhos, como lidar com isso e acompanhar os filhos e n\u00e3o se esconder no comportamento de condena\u00e7\u00e3o. Pais que veem os filhos morrerem por causa de uma doen\u00e7a, e o mais triste, vemos todos os dias nos jornais, os jovens que fazem travessuras e morrem em acidentes de carro. Pais que veem os filhos n\u00e3o prosseguirem na escola, muitos problemas dos pais. Pensemos em como ajud\u00e1-los. A esses pais eu digo que n\u00e3o se espantem. H\u00e1 muita dor, muita, mas pensem no Senhor, pensem em como Jos\u00e9 resolveu os problemas e pe\u00e7am a Jos\u00e9 que os ajude. Nunca condenar um filho&#8221;.<\/p>\n<p style=\"text-align: justify;\">O Papa recordou as m\u00e3es que visitam os filhos nas pris\u00f5es. Uma m\u00e3e diante de um filho que errou e est\u00e1 preso, mas n\u00e3o o deixa sozinho, d\u00e1 a cara e o acompanha. Esta coragem de pai e m\u00e3e que acompanham o filho sempre.<\/p>\n<h2 style=\"text-align: justify;\">A ora\u00e7\u00e3o n\u00e3o \u00e9 um gesto abstrato ou intimista<\/h2>\n<p style=\"text-align: justify;\">O Papa concluiu, dizendo que &#8220;a ora\u00e7\u00e3o nunca \u00e9 um gesto abstrato ou intimista, como querem fazer estes movimentos espiritualistas mais gn\u00f3sticos do que crist\u00e3os, n\u00e3o \u00e9 isso. A ora\u00e7\u00e3o est\u00e1 sempre indissoluvelmente ligada \u00e0 caridade. Somente quando unimos o amor \u00e0 ora\u00e7\u00e3o, amor pelo filho e pelo pr\u00f3ximo, conseguimos compreender as mensagens do Senhor. Jos\u00e9 rezava, trabalhava e amava, e por isso sempre recebeu o necess\u00e1rio para enfrentar as prova\u00e7\u00f5es da vida. Confiemo-nos a ele e \u00e0 sua intercess\u00e3o&#8221;.<\/p>\n<h2 style=\"text-align: justify;\">Apelo pela paz na Ucr\u00e2nia<\/h2>\n<p style=\"text-align: justify;\">No final da Audi\u00eancia Geral, o Papa convidou a rezar pela paz na Ucr\u00e2nia, e a faz\u00ea-lo muitas vezes durante este dia:<\/p>\n<p style=\"text-align: justify;\"><i>Pe\u00e7amos ao Senhor com insist\u00eancia que aquela terra possa ver florescer a fraternidade e superar feridas, medos e divis\u00f5es. Que as ora\u00e7\u00f5es e s\u00faplicas, que hoje se elevam ao C\u00e9u, toquem as mentes e os cora\u00e7\u00f5es dos respons\u00e1veis na terra, para que fa\u00e7am prevalecer o di\u00e1logo, e o bem de todos seja colocado acima dos interesses de parte. Rezemos pela paz com o Pai Nosso: \u00e9 a ora\u00e7\u00e3o dos filhos que se dirigem ao mesmo Pai, \u00e9 a ora\u00e7\u00e3o que nos faz irm\u00e3os, \u00e9 a ora\u00e7\u00e3o dos irm\u00e3os que imploram reconcilia\u00e7\u00e3o e conc\u00f3rdia.<\/i><\/p>\n<\/div>\n","protected":false},"excerpt":{"rendered":"<p>Na Audi\u00eancia Geral desta quarta-feira, Francisco convidou aos pais, diante dos problemas dos filhos, a pensarem no Senhor, a pensarem em como Jos\u00e9 resolveu os problemas e a pedirem a Jos\u00e9 que os ajude. &#8220;.Nunca condenar um filho&#8221;, acrescentou o Papa. Mariangela Jaguraba &#8211; Vatican News &#8220;S\u00e3o Jos\u00e9, homem que sonha&#8221; foi o tema da [&hellip;]<\/p>\n","protected":false},"author":1,"featured_media":0,"comment_status":"open","ping_status":"closed","sticky":false,"template":"","format":"standard","meta":{"footnotes":""},"categories":[13,3],"tags":[],"class_list":["post-72324","post","type-post","status-publish","format-standard","hentry","category-featured","category-vaticano"],"_links":{"self":[{"href":"https:\/\/catolicanet.net\/wp-cnet\/wp-json\/wp\/v2\/posts\/72324","targetHints":{"allow":["GET"]}}],"collection":[{"href":"https:\/\/catolicanet.net\/wp-cnet\/wp-json\/wp\/v2\/posts"}],"about":[{"href":"https:\/\/catolicanet.net\/wp-cnet\/wp-json\/wp\/v2\/types\/post"}],"author":[{"embeddable":true,"href":"https:\/\/catolicanet.net\/wp-cnet\/wp-json\/wp\/v2\/users\/1"}],"replies":[{"embeddable":true,"href":"https:\/\/catolicanet.net\/wp-cnet\/wp-json\/wp\/v2\/comments?post=72324"}],"version-history":[{"count":1,"href":"https:\/\/catolicanet.net\/wp-cnet\/wp-json\/wp\/v2\/posts\/72324\/revisions"}],"predecessor-version":[{"id":72325,"href":"https:\/\/catolicanet.net\/wp-cnet\/wp-json\/wp\/v2\/posts\/72324\/revisions\/72325"}],"wp:attachment":[{"href":"https:\/\/catolicanet.net\/wp-cnet\/wp-json\/wp\/v2\/media?parent=72324"}],"wp:term":[{"taxonomy":"category","embeddable":true,"href":"https:\/\/catolicanet.net\/wp-cnet\/wp-json\/wp\/v2\/categories?post=72324"},{"taxonomy":"post_tag","embeddable":true,"href":"https:\/\/catolicanet.net\/wp-cnet\/wp-json\/wp\/v2\/tags?post=72324"}],"curies":[{"name":"wp","href":"https:\/\/api.w.org\/{rel}","templated":true}]}}