{"id":72317,"date":"2022-01-14T09:21:36","date_gmt":"2022-01-14T12:21:36","guid":{"rendered":"https:\/\/catolicanet.net\/wp-cnet\/?p=72317"},"modified":"2022-01-17T10:23:39","modified_gmt":"2022-01-17T13:23:39","slug":"ii-domingo-do-tempo-comum","status":"publish","type":"post","link":"https:\/\/catolicanet.net\/wp-cnet\/ii-domingo-do-tempo-comum\/","title":{"rendered":"II DOMINGO DO TEMPO COMUM"},"content":{"rendered":"<p style=\"text-align: center;\"><em>\u201cMas tu guardaste o vinho melhor at\u00e9 agora!\u201d (cf. Jo 2,10c)<\/em><em>\u00a0 \u00a0<\/em><\/p>\n<p style=\"text-align: justify;\"><em>\u00a0\u00a0\u00a0\u00a0\u00a0\u00a0\u00a0\u00a0\u00a0 <\/em>Ap\u00f3s a Festa do Batismo do Senhor, iniciamos um novo tempo na Liturgia da Igreja, o Tempo Comum. Embora a palavra \u201ccomum\u201d possar soar como algo simples e normal, o Tempo Comum \u00e9 uma das escolas mais importantes para vivenciar a compreens\u00e3o das Sagradas Escrituras, atrav\u00e9s da viv\u00eancia da Palavra de Deus no dia a dia, bem como o peso da convers\u00e3o intr\u00ednseca\/expl\u00edcita, al\u00e9m das a\u00e7\u00f5es dadas por Jesus Cristo na sua miss\u00e3o de Evangeliza\u00e7\u00e3o e de Amor, visto em todo o percorrer deste Tempo Lit\u00fargico. Tudo isto, visando a Revela\u00e7\u00e3o do Amor de Deus pelo Plano de Salva\u00e7\u00e3o instaurado no meio de n\u00f3s pelo Evangelho de Jesus Cristo.<\/p>\n<p style=\"text-align: justify;\">\u00a0\u00a0\u00a0\u00a0\u00a0\u00a0\u00a0\u00a0\u00a0 O cerne da Liturgia deste Domingo encontramos o casamento como a rela\u00e7\u00e3o que exprime a privilegiada rela\u00e7\u00e3o de amor de Deus com o seu Povo, o Noivo e a Noiva respectivamente. Em que o amor se transforma em alegria, onde h\u00e1 cumplicidade e respeito; amor que \u00e9 imensur\u00e1vel e traz a verdadeira vida.<\/p>\n<p style=\"text-align: justify;\">A Primeira Leitura, retirada do Livro do Profeta Isa\u00edas <em>(Is 62,1-5),<\/em> o profeta demonstra o Amor de Deus pelo seu Povo, que n\u00e3o cala ou tampouco esmorece em trazer a verdadeira Luz e Justi\u00e7a para sua amada, a qual nunca mais ser\u00e1 abandonada. Portanto, <em>\u201cas na\u00e7\u00f5es ver\u00e3o a tua justi\u00e7a, todos os reis ver\u00e3o a tua gl\u00f3ria; ser\u00e1s chamada com um nome novo, que a boca do Senhor h\u00e1 de designar.<\/em> <em>N\u00e3o mais te chamar\u00e3o Abandonada, e tua terra n\u00e3o mais ser\u00e1 chamada Deserta; teu nome ser\u00e1 Minha Predileta e tua terra ser\u00e1 a Bem-Casada, pois o Senhor agradou-se de ti e tua terra ser\u00e1 desposada\u201d (cf. Is 62,2.4).<\/em><\/p>\n<p style=\"text-align: justify;\">\u00a0\u00a0\u00a0\u00a0\u00a0\u00a0\u00a0\u00a0\u00a0 No Evangelho de Jo\u00e3o <em>(Jo 2,1-11),<\/em> somos inseridos no contexto das Bodas de Can\u00e1, t\u00e3o conhecida em nosso meio crist\u00e3o como a transforma\u00e7\u00e3o da \u201c\u00e1gua em vinho\u201d. Ora, mais do que este milagre vivenciado, o simbolismo do vinho \u00e9 o sinal da alegria e da abund\u00e2ncia, logo atrav\u00e9s da intercess\u00e3o da Virgem Maria, Jesus inicia a sua miss\u00e3o, trazendo nada menos que a Alegria para a festa, em que o sabor deste Vinho \u00e9 diferente, onde at\u00e9 o pr\u00f3prio mestre-sala exclama: \u201c<em>Mas tu guardaste o vinho melhor at\u00e9 agora!\u201d (cf. Jo 2,10c),<\/em> pois o sabor da verdadeira alegria sobressai sobre as alegrias passageiras. Assim, <em>\u201ceste foi o in\u00edcio dos sinais de Jesus. Ele o realizou em Can\u00e1 da Galileia e manifestou a sua gl\u00f3ria, e seus disc\u00edpulos creram nele\u201d (cf. Jo 2,11).<\/em><\/p>\n<p style=\"text-align: justify;\"><em>\u00a0\u00a0\u00a0\u00a0\u00a0\u00a0\u00a0\u00a0\u00a0 <\/em>A Segunda Leitura extra\u00edda da Primeira Carta de S\u00e3o Paulo aos Cor\u00edntios <em>(1Cor 12,4-11), <\/em>o ap\u00f3stolo fala sobre os carismas que s\u00e3o a manifesta\u00e7\u00e3o do Amor de Deus para a humanidade. Onde todos estes dons s\u00e3o destinados para o bem de todos, sendo usado para o bem comum e n\u00e3o somente para si, pois se for, seria ato ego\u00edsta e contrap\u00f5e a vida da comunidade. Portanto, como tantos carismas, dons, minist\u00e9rios e diversidade de atividades, somos unidos num mesmo Esp\u00edrito e Senhor, sendo partes integrantes de um mesmo Corpo, sendo Jesus Cristo a cabe\u00e7a. Com isto, <em>\u201ca cada um \u00e9 dada a manifesta\u00e7\u00e3o do Esp\u00edrito<\/em><\/p>\n<p style=\"text-align: justify;\"><em>em vista do bem comum. <\/em><em>Todas estas coisas as realizam um e o mesmo Esp\u00edrito,<\/em><\/p>\n<p style=\"text-align: justify;\"><em>que distribui a cada um conforme quer\u201d (cf. 1Cor 23,7.11).<\/em><\/p>\n<p style=\"text-align: justify;\"><em>\u00a0\u00a0\u00a0\u00a0\u00a0\u00a0\u00a0\u00a0\u00a0 <\/em>Que ao iniciar o Tempo Comum em nossa Igreja, possamos estar atentos aos sinais do Amor de Deus em seu Evangelho, no nosso cotidiano e em nossa vida. Aguardando fielmente e na esperan\u00e7a do retorno do Noivo, Jesus Cristo, para o encontro da sua Noiva, a Igreja, para que finalmente possamos ador\u00e1-Lo eternamente<em>.<\/em><\/p>\n<p style=\"text-align: justify;\">\n<p style=\"text-align: justify;\"><em>Sauda\u00e7\u00f5es em Cristo!<\/em><\/p>\n","protected":false},"excerpt":{"rendered":"<p>\u201cMas tu guardaste o vinho melhor at\u00e9 agora!\u201d (cf. Jo 2,10c)\u00a0 \u00a0 \u00a0\u00a0\u00a0\u00a0\u00a0\u00a0\u00a0\u00a0\u00a0 Ap\u00f3s a Festa do Batismo do Senhor, iniciamos um novo tempo na Liturgia da Igreja, o Tempo Comum. Embora a palavra \u201ccomum\u201d possar soar como algo simples e normal, o Tempo Comum \u00e9 uma das escolas mais importantes para vivenciar a compreens\u00e3o [&hellip;]<\/p>\n","protected":false},"author":10,"featured_media":55817,"comment_status":"open","ping_status":"closed","sticky":false,"template":"","format":"standard","meta":{"footnotes":""},"categories":[9],"tags":[],"class_list":["post-72317","post","type-post","status-publish","format-standard","has-post-thumbnail","hentry","category-artigos"],"_links":{"self":[{"href":"https:\/\/catolicanet.net\/wp-cnet\/wp-json\/wp\/v2\/posts\/72317","targetHints":{"allow":["GET"]}}],"collection":[{"href":"https:\/\/catolicanet.net\/wp-cnet\/wp-json\/wp\/v2\/posts"}],"about":[{"href":"https:\/\/catolicanet.net\/wp-cnet\/wp-json\/wp\/v2\/types\/post"}],"author":[{"embeddable":true,"href":"https:\/\/catolicanet.net\/wp-cnet\/wp-json\/wp\/v2\/users\/10"}],"replies":[{"embeddable":true,"href":"https:\/\/catolicanet.net\/wp-cnet\/wp-json\/wp\/v2\/comments?post=72317"}],"version-history":[{"count":1,"href":"https:\/\/catolicanet.net\/wp-cnet\/wp-json\/wp\/v2\/posts\/72317\/revisions"}],"predecessor-version":[{"id":72318,"href":"https:\/\/catolicanet.net\/wp-cnet\/wp-json\/wp\/v2\/posts\/72317\/revisions\/72318"}],"wp:featuredmedia":[{"embeddable":true,"href":"https:\/\/catolicanet.net\/wp-cnet\/wp-json\/wp\/v2\/media\/55817"}],"wp:attachment":[{"href":"https:\/\/catolicanet.net\/wp-cnet\/wp-json\/wp\/v2\/media?parent=72317"}],"wp:term":[{"taxonomy":"category","embeddable":true,"href":"https:\/\/catolicanet.net\/wp-cnet\/wp-json\/wp\/v2\/categories?post=72317"},{"taxonomy":"post_tag","embeddable":true,"href":"https:\/\/catolicanet.net\/wp-cnet\/wp-json\/wp\/v2\/tags?post=72317"}],"curies":[{"name":"wp","href":"https:\/\/api.w.org\/{rel}","templated":true}]}}