{"id":72305,"date":"2022-01-17T10:08:53","date_gmt":"2022-01-17T13:08:53","guid":{"rendered":"https:\/\/catolicanet.net\/wp-cnet\/?p=72305"},"modified":"2022-01-17T10:08:53","modified_gmt":"2022-01-17T13:08:53","slug":"papa-jesus-esta-pronto-para-nos-reerguer","status":"publish","type":"post","link":"https:\/\/catolicanet.net\/wp-cnet\/papa-jesus-esta-pronto-para-nos-reerguer\/","title":{"rendered":"Papa: Jesus est\u00e1 pronto para nos reerguer"},"content":{"rendered":"<h2 class=\"subtitle\" style=\"text-align: justify;\">&#8220;Tentemos, hoje, procurar em nossas mem\u00f3rias os sinais que o Senhor realizou em nossa vida, para nos mostrar que Ele nos ama&#8221;<\/h2>\n<p style=\"text-align: justify;\">OPapa Francisco comentou no Angelus deste domingo o epis\u00f3dio evang\u00e9lico das Bodas de Can\u00e1.<\/p>\n<p style=\"text-align: justify;\">\u201cObservamos \u2013 disse o Papa \u2013 que o evangelista Jo\u00e3o n\u00e3o fala de um milagre, ou seja, de um evento poderoso e extraordin\u00e1rio que gera maravilhas. Ele escreve que em Can\u00e1 ocorre um sinal, que desperta a f\u00e9 dos disc\u00edpulos.\u201d<\/p>\n<div class=\"wp-block-aleteia-heading3\" style=\"text-align: justify;\">\n<h3>Amor de Deus<\/h3>\n<\/div>\n<p style=\"text-align: justify;\">Podemos ent\u00e3o nos perguntar: o que \u00e9 um \u201csinal\u201d de acordo com o Evangelho? \u201c\u00c9 um ind\u00edcio que revela o amor de Deus, ou seja, n\u00e3o chama a aten\u00e7\u00e3o para o poder do gesto, mas para o amor que o provocou. Ele nos ensina algo do amor de Deus, que \u00e9 sempre pr\u00f3ximo, terno e compassivo. O primeiro sinal ocorre enquanto dois rec\u00e9m-casados est\u00e3o em dificuldade no dia mais importante de suas vidas. No meio da festa, falta um elemento essencial, o vinho, e a alegria corre o risco de acabar em meio \u00e0s cr\u00edticas e insatisfa\u00e7\u00e3o dos convidados.\u201d<\/p>\n<p style=\"text-align: justify;\">O Santo Padre prosseguiu ressaltando que Nossa Senhora percebe o problema e discretamente o aponta para Jesus. E Ele interv\u00e9m sem clamor, quase sem dar a perceber. Tudo se passa de forma reservada, \u201cnos bastidores\u201d: Jesus diz aos serventes para encher as talhas de \u00e1gua, que se transforma em vinho.<\/p>\n<div class=\"wp-block-aleteia-heading3\" style=\"text-align: justify;\">\n<h3>Deus em sua a\u00e7\u00e3o<\/h3>\n<\/div>\n<p style=\"text-align: justify;\"><em>\u00c9 assim que Deus age, com proximidade e discri\u00e7\u00e3o. Os disc\u00edpulos de Jesus veem isto: eles veem que gra\u00e7as a Ele a festa de casamento se tornou ainda mais bela. E eles tamb\u00e9m veem a maneira de agir de Jesus, seu servi\u00e7o escondido, de tal forma que os elogios pelo bom vinho v\u00e3o ent\u00e3o para o noivo. Assim a semente da f\u00e9 come\u00e7a a se desenvolver neles, ou seja, eles creem que em Jesus Deus est\u00e1 presente, o amor de Deus.<\/em><\/p>\n<p style=\"text-align: justify;\">Prosseguindo em sua alocu\u00e7\u00e3o, Francisco disse que \u201c\u00e9 bonito pensar que o primeiro sinal que Jesus realiza n\u00e3o \u00e9 uma cura extraordin\u00e1ria ou um prod\u00edgio no templo de Jerusal\u00e9m, mas um gesto que atende a uma necessidade simples e concreta das pessoas comuns\u201d. \u00c9 assim que Deus gosta de agir, frisou o Santo Padre.<\/p>\n<p style=\"text-align: justify;\"><em>E se n\u00f3s, como Maria em Can\u00e1, o interpelamos, Ele est\u00e1 pronto para nos ajudar, para nos reerguer. E assim, se estamos atentos a estes \u201csinais\u201d, somos conquistados por seu amor e nos tornamos seus disc\u00edpulos.<\/em><\/p>\n<div class=\"wp-block-aleteia-heading3\" style=\"text-align: justify;\">\n<h3>Deus quer o melhor para n\u00f3s<\/h3>\n<\/div>\n<p style=\"text-align: justify;\">O Pont\u00edfice apontou que h\u00e1 outra caracter\u00edstica distintiva do sinal de Can\u00e1. \u201cNormalmente o vinho dado no final da festa era o menos bom, o vinho aguado. Jesus, ao inv\u00e9s, faz de modo que a festa termine com o melhor vinho.\u201d<\/p>\n<p style=\"text-align: justify;\">Dito isso, explicou: \u201cSimbolicamente, isto nos diz que Deus quer o melhor para n\u00f3s, Ele quer que sejamos felizes. Ele n\u00e3o estabelece limites e n\u00e3o nos pede recompensa. No sinal de Jesus n\u00e3o h\u00e1 espa\u00e7o para segundos fins, para exig\u00eancias ao casal. N\u00e3o, a alegria que Jesus deixa no cora\u00e7\u00e3o \u00e9 plena e sem pretens\u00f5es. Nunca \u00e9 aguada!\u201d<\/p>\n<div class=\"wp-block-aleteia-heading3\" style=\"text-align: justify;\">\n<h3>Maria\u00a0nos ajude a valorizar os sinais de Deus em nossa vida<\/h3>\n<\/div>\n<p style=\"text-align: justify;\">Por fim, Francisco sugeriu um exerc\u00edcio aos fi\u00e9is e peregrinos reunidos na Pra\u00e7a S\u00e3o Pedro para a ora\u00e7\u00e3o mariana conduzida pelo Santo Padre, um exerc\u00edcio que \u2013 segundo ele \u2013 pode nos fazer muito bem.<\/p>\n<p style=\"text-align: justify;\"><em>Tentemos, hoje, procurar em nossas mem\u00f3rias os sinais que o Senhor realizou em nossa vida, para nos mostrar que Ele nos ama; aquele momento dif\u00edcil em que Deus me fez experimentar seu amor\u2026 E perguntemo-nos: com que sinais, discretos e sol\u00edcitos, Ele me fez sentir sua ternura? Como eu descobri sua proximidade e me deixou uma grande alegria no cora\u00e7\u00e3o?<\/em><\/p>\n<p style=\"text-align: justify;\">E concluiu exortando a revivermos os momentos em que experimentamos sua presen\u00e7a e a intercess\u00e3o de Maria. \u201cQue ela, a M\u00e3e, que como em Can\u00e1 est\u00e1 sempre atenta, nos ajude a valorizar os sinais de Deus em nossa vida.\u201d<\/p>\n<p style=\"text-align: justify;\">(Com\u00a0<a href=\"https:\/\/www.vaticannews.va\/pt\/papa\/news\/2022-01\/papa-francisco-angelus-16-janeiro-2022-bodas-de-cana.html\" target=\"_blank\" rel=\"noopener\">Vatican News<\/a>)<\/p>\n","protected":false},"excerpt":{"rendered":"<p>&#8220;Tentemos, hoje, procurar em nossas mem\u00f3rias os sinais que o Senhor realizou em nossa vida, para nos mostrar que Ele nos ama&#8221; OPapa Francisco comentou no Angelus deste domingo o epis\u00f3dio evang\u00e9lico das Bodas de Can\u00e1. \u201cObservamos \u2013 disse o Papa \u2013 que o evangelista Jo\u00e3o n\u00e3o fala de um milagre, ou seja, de um [&hellip;]<\/p>\n","protected":false},"author":1,"featured_media":72306,"comment_status":"open","ping_status":"closed","sticky":false,"template":"","format":"standard","meta":{"footnotes":""},"categories":[4],"tags":[],"class_list":["post-72305","post","type-post","status-publish","format-standard","has-post-thumbnail","hentry","category-cotidiano"],"_links":{"self":[{"href":"https:\/\/catolicanet.net\/wp-cnet\/wp-json\/wp\/v2\/posts\/72305","targetHints":{"allow":["GET"]}}],"collection":[{"href":"https:\/\/catolicanet.net\/wp-cnet\/wp-json\/wp\/v2\/posts"}],"about":[{"href":"https:\/\/catolicanet.net\/wp-cnet\/wp-json\/wp\/v2\/types\/post"}],"author":[{"embeddable":true,"href":"https:\/\/catolicanet.net\/wp-cnet\/wp-json\/wp\/v2\/users\/1"}],"replies":[{"embeddable":true,"href":"https:\/\/catolicanet.net\/wp-cnet\/wp-json\/wp\/v2\/comments?post=72305"}],"version-history":[{"count":1,"href":"https:\/\/catolicanet.net\/wp-cnet\/wp-json\/wp\/v2\/posts\/72305\/revisions"}],"predecessor-version":[{"id":72307,"href":"https:\/\/catolicanet.net\/wp-cnet\/wp-json\/wp\/v2\/posts\/72305\/revisions\/72307"}],"wp:featuredmedia":[{"embeddable":true,"href":"https:\/\/catolicanet.net\/wp-cnet\/wp-json\/wp\/v2\/media\/72306"}],"wp:attachment":[{"href":"https:\/\/catolicanet.net\/wp-cnet\/wp-json\/wp\/v2\/media?parent=72305"}],"wp:term":[{"taxonomy":"category","embeddable":true,"href":"https:\/\/catolicanet.net\/wp-cnet\/wp-json\/wp\/v2\/categories?post=72305"},{"taxonomy":"post_tag","embeddable":true,"href":"https:\/\/catolicanet.net\/wp-cnet\/wp-json\/wp\/v2\/tags?post=72305"}],"curies":[{"name":"wp","href":"https:\/\/api.w.org\/{rel}","templated":true}]}}