{"id":72295,"date":"2022-01-17T09:18:43","date_gmt":"2022-01-17T12:18:43","guid":{"rendered":"https:\/\/catolicanet.net\/wp-cnet\/?p=72295"},"modified":"2022-01-17T09:51:42","modified_gmt":"2022-01-17T12:51:42","slug":"saiba-como-se-preparar-para-a-campanha-da-fraternidade-2022-com-os-videos-do-seminario-nacional","status":"publish","type":"post","link":"https:\/\/catolicanet.net\/wp-cnet\/saiba-como-se-preparar-para-a-campanha-da-fraternidade-2022-com-os-videos-do-seminario-nacional\/","title":{"rendered":"SAIBA COMO SE PREPARAR PARA A CAMPANHA DA FRATERNIDADE 2022 COM OS V\u00cdDEOS DO SEMIN\u00c1RIO NACIONAL"},"content":{"rendered":"<p style=\"text-align: justify;\">Lideran\u00e7as de comunidades, par\u00f3quias, dioceses e regionais de todo o Brasil poder\u00e3o refor\u00e7ar a sua prepara\u00e7\u00e3o para a Campanha da Fraternidade (CF) deste ano, cujo in\u00edcio \u00e9 marcado para o dia 2 de mar\u00e7o, na Quarta-Feira de Cinzas. Mesmo quem n\u00e3o p\u00f4de participar do Semin\u00e1rio Nacional da CF 2022, realizado em 2021, pode ter acesso \u00e0s palestras completas em v\u00eddeo e as apresenta\u00e7\u00f5es utilizadas pelos expositores.<\/p>\n<p style=\"text-align: justify;\">O setor de Campanhas da Confer\u00eancia Nacional dos Bispos do Brasil (CNBB) promoveu o semin\u00e1rio de forma\u00e7\u00e3o e disponibiliza os materiais para a anima\u00e7\u00e3o das a\u00e7\u00f5es ligadas \u00e0 CF 2022, cujo tema \u00e9 \u201cFraternidade e Educa\u00e7\u00e3o\u201d e o lema \u201cFala com sabedoria, ensina com amor\u201d (cf. Pr 31, 26).<\/p>\n<p style=\"text-align: justify;\">Abaixo, os temas abordados em cada dia de Semin\u00e1rio e os v\u00eddeos com as palestras completas.<\/p>\n<h3 style=\"text-align: justify;\"><strong>1\u00ba Dia<\/strong><\/h3>\n<p style=\"text-align: justify;\">\u2013 Qual o contexto social em que vamos viver a CF 2022?<br \/>\n<em>Professor Ricardo Mariz<\/em><\/p>\n<p style=\"text-align: justify;\">\u2013 Apresenta\u00e7\u00e3o do Texto Base<br \/>\n<em>Professora Roberta Guedes<\/em><\/p>\n<div class=\"ast-oembed-container\" style=\"text-align: justify;\">\n<div>\n<div>\n<p><iframe loading=\"lazy\" title=\"Semin\u00e1rio Nacional Campanha da Fraternidade 2022 - 1\u00ba Dia\" width=\"696\" height=\"392\" src=\"https:\/\/www.youtube.com\/embed\/TNk_SZY3d3Q?feature=oembed\" frameborder=\"0\" allow=\"accelerometer; autoplay; clipboard-write; encrypted-media; gyroscope; picture-in-picture\" allowfullscreen><\/iframe><\/p>\n<\/div>\n<\/div>\n<\/div>\n<p style=\"text-align: justify;\"><a href=\"https:\/\/www.cnbb.org.br\/wp-content\/uploads\/2021\/09\/Campanha-da-Fraternidade-2022.pdf\">&#x1f4c1; Apresenta\u00e7\u00e3o em slides \u2013 Campanha da Fraternidade 2022<\/a><\/p>\n<h3 style=\"text-align: justify;\"><strong>2\u00ba Dia<\/strong><\/h3>\n<p style=\"text-align: justify;\">\u2013 CF e Tempo Quaresmal<br \/>\n<em>Irm\u00e3 Val\u00e9ria Leal<\/em><\/p>\n<p style=\"text-align: justify;\">\u2013 Jesus Cristo: mestre e educador<br \/>\n<em>Dom Jo\u00e3o Justino<\/em><\/p>\n<p style=\"text-align: justify;\">\u2013 Educar na f\u00e9<br \/>\n<em>Padre J\u00falio C\u00e9sar<\/em><\/p>\n<div class=\"ast-oembed-container\" style=\"text-align: justify;\">\n<div>\n<div>\n<p><iframe loading=\"lazy\" title=\"Semin\u00e1rio Nacional Campanha da Fraternidade 2022 - 2\u00ba Dia\" width=\"696\" height=\"392\" src=\"https:\/\/www.youtube.com\/embed\/4hk6mZxtnlU?feature=oembed\" frameborder=\"0\" allow=\"accelerometer; autoplay; clipboard-write; encrypted-media; gyroscope; picture-in-picture\" allowfullscreen><\/iframe><\/p>\n<\/div>\n<\/div>\n<\/div>\n<p style=\"text-align: justify;\"><a href=\"https:\/\/www.cnbb.org.br\/wp-content\/uploads\/2021\/09\/Campanha-da-Fraternidade-e-tempo-quaresmal.pdf\">&#x1f4c1; Campanha da Fraternidade e tempo quaresmal<\/a><\/p>\n<h3 style=\"text-align: justify;\"><strong>3\u00ba Dia<\/strong><\/h3>\n<p style=\"text-align: justify;\">\u2013 Um projeto de vida e um projeto de sociedade<br \/>\n<em>Dom Leomar Ant\u00f4nio Brustolin<\/em><\/p>\n<p style=\"text-align: justify;\">\u2013 Educar \u00e9 iniciar processos<br \/>\n<em>Padre Patriky Samuel Batista<\/em><\/p>\n<div class=\"ast-oembed-container\" style=\"text-align: justify;\">\n<div>\n<div>\n<p><iframe loading=\"lazy\" title=\"Semin\u00e1rio Nacional Campanha da Fraternidade 2022 - 3\u00ba Dia\" width=\"696\" height=\"392\" src=\"https:\/\/www.youtube.com\/embed\/JBoGwG4r_ic?feature=oembed\" frameborder=\"0\" allow=\"accelerometer; autoplay; clipboard-write; encrypted-media; gyroscope; picture-in-picture\" allowfullscreen><\/iframe><\/p>\n<\/div>\n<\/div>\n<\/div>\n<p style=\"text-align: justify;\"><a href=\"https:\/\/www.cnbb.org.br\/wp-content\/uploads\/2021\/09\/Campanha-da-Fraternidade-e-tempo-quaresmal.pdf\">&#x1f4c1;<\/a><a href=\"https:\/\/www.cnbb.org.br\/wp-content\/uploads\/2021\/09\/Seminario-Nacional-Agir-2.pdf\">\u00a0Slides \u2013 Educar \u00e9 iniciar processos<\/a><\/p>\n","protected":false},"excerpt":{"rendered":"<p>Lideran\u00e7as de comunidades, par\u00f3quias, dioceses e regionais de todo o Brasil poder\u00e3o refor\u00e7ar a sua prepara\u00e7\u00e3o para a Campanha da Fraternidade (CF) deste ano, cujo in\u00edcio \u00e9 marcado para o dia 2 de mar\u00e7o, na Quarta-Feira de Cinzas. Mesmo quem n\u00e3o p\u00f4de participar do Semin\u00e1rio Nacional da CF 2022, realizado em 2021, pode ter acesso [&hellip;]<\/p>\n","protected":false},"author":1,"featured_media":72296,"comment_status":"open","ping_status":"closed","sticky":false,"template":"","format":"standard","meta":{"footnotes":""},"categories":[7],"tags":[],"class_list":["post-72295","post","type-post","status-publish","format-standard","has-post-thumbnail","hentry","category-cnbb"],"_links":{"self":[{"href":"https:\/\/catolicanet.net\/wp-cnet\/wp-json\/wp\/v2\/posts\/72295","targetHints":{"allow":["GET"]}}],"collection":[{"href":"https:\/\/catolicanet.net\/wp-cnet\/wp-json\/wp\/v2\/posts"}],"about":[{"href":"https:\/\/catolicanet.net\/wp-cnet\/wp-json\/wp\/v2\/types\/post"}],"author":[{"embeddable":true,"href":"https:\/\/catolicanet.net\/wp-cnet\/wp-json\/wp\/v2\/users\/1"}],"replies":[{"embeddable":true,"href":"https:\/\/catolicanet.net\/wp-cnet\/wp-json\/wp\/v2\/comments?post=72295"}],"version-history":[{"count":1,"href":"https:\/\/catolicanet.net\/wp-cnet\/wp-json\/wp\/v2\/posts\/72295\/revisions"}],"predecessor-version":[{"id":72297,"href":"https:\/\/catolicanet.net\/wp-cnet\/wp-json\/wp\/v2\/posts\/72295\/revisions\/72297"}],"wp:featuredmedia":[{"embeddable":true,"href":"https:\/\/catolicanet.net\/wp-cnet\/wp-json\/wp\/v2\/media\/72296"}],"wp:attachment":[{"href":"https:\/\/catolicanet.net\/wp-cnet\/wp-json\/wp\/v2\/media?parent=72295"}],"wp:term":[{"taxonomy":"category","embeddable":true,"href":"https:\/\/catolicanet.net\/wp-cnet\/wp-json\/wp\/v2\/categories?post=72295"},{"taxonomy":"post_tag","embeddable":true,"href":"https:\/\/catolicanet.net\/wp-cnet\/wp-json\/wp\/v2\/tags?post=72295"}],"curies":[{"name":"wp","href":"https:\/\/api.w.org\/{rel}","templated":true}]}}