{"id":72181,"date":"2022-01-06T09:43:29","date_gmt":"2022-01-06T12:43:29","guid":{"rendered":"https:\/\/catolicanet.net\/wp-cnet\/?p=72181"},"modified":"2022-01-06T10:44:49","modified_gmt":"2022-01-06T13:44:49","slug":"aproveite-o-inicio-do-ano-para-conhecer-o-texto-base-da-campanha-da-fraternidade-2022-cujo-tema-e-educacao","status":"publish","type":"post","link":"https:\/\/catolicanet.net\/wp-cnet\/aproveite-o-inicio-do-ano-para-conhecer-o-texto-base-da-campanha-da-fraternidade-2022-cujo-tema-e-educacao\/","title":{"rendered":"APROVEITE O IN\u00cdCIO DO ANO PARA CONHECER O TEXTO BASE DA CAMPANHA DA FRATERNIDADE 2022 CUJO TEMA \u00c9 \u201cEDUCA\u00c7\u00c3O\u201d"},"content":{"rendered":"<p style=\"text-align: justify;\">A Confer\u00eancia Nacional dos Bispos do Brasil lan\u00e7ou, por meio da Edi\u00e7\u00f5es CNBB, o Texto-Base da Campanha da Fraternidade (CF) 2022. Neste ano, a CF tem como lema: \u201cFraternidade e Educa\u00e7\u00e3o\u201d e o lema \u201cFala com sabedoria, ensina com amor\u201d, \u00a0(Pr 31,26). O in\u00edcio da CF se d\u00e1 na abertura da Quaresma, dia 2 de mar\u00e7o, na Quarta-Feira de Cinzas.<\/p>\n<p style=\"text-align: justify;\">Na apresenta\u00e7\u00e3o da publica\u00e7\u00e3o, a presid\u00eancia da CNBB destaca que \u201ca Quaresma \u00e9 um tempo favor\u00e1vel para a convers\u00e3o do cora\u00e7\u00e3o \u201d e que a a CF, realizada pela Igreja no Brasil desde 1964, tem como prop\u00f3sito de ser um caminho para que os crist\u00e3os vivam a espiritualidade quaresmal com o sentido de mudan\u00e7a e transforma\u00e7\u00e3o pessoal rumo \u00e0 solidariedade a um problema concreto da sociedade brasileira.<\/p>\n<blockquote><p>A apresenta\u00e7\u00e3o do texto-base afirma que a realidade da educa\u00e7\u00e3o interpela e exige profunda convers\u00e3o de todos. \u201cVerdadeira mudan\u00e7a de mentalidade, reorienta\u00e7\u00e3o da vida, revis\u00e3o das atitudes e busca de um caminho que promova o desenvolvimento pessoal integral, a forma\u00e7\u00e3o para a vida fraterna e a cidadania. O documento convida a todos a ver a realidade da educa\u00e7\u00e3o em diversos \u00e2mbitos, ilumin\u00e1-la com a Palavra de Deus, encontrando e redescobrindo meios eficazes que favore\u00e7am processos mais adequados e criativos afim de que ningu\u00e9m seja exclu\u00eddo de um caminho educativo integral que humanize, promova a vida e estabele\u00e7a rela\u00e7\u00f5es de proximidade, justi\u00e7a e paz\u201d, diz um trecho.<\/p><\/blockquote>\n<p style=\"text-align: justify;\">Trata-se, em 2022, da terceira vez que a Igreja no Brasil vai aprofundar o tema da educa\u00e7\u00e3o em uma Campanha da Fraternidade. Desta vez, a reflex\u00e3o ser\u00e1 impulsionada pelo Pacto Educativo Global, convocado pelo Papa Francisco.\u00a0\u201cAo longo da\u00a0 caminhada quaresmal, em que a convers\u00e3o se faz meta primeira, recebemos o convite para busca os motivos de nossas escolhas em todas as a\u00e7\u00f5es e, por certo, naquelas que dizem respeito mais diretamente ao mundo da educa\u00e7\u00e3o\u201d, convida a presid\u00eancia da CNBB.<\/p>\n<p style=\"text-align: justify;\"><strong>Saiba como encontrar e adquirir o Texto Base da CF 2022<\/strong>:<a href=\"https:\/\/www.edicoescnbb.com.br\/produto\/cf-2022-texto-base-71649\" target=\"_blank\" rel=\"noopener\">\u00a0www.edicoescnbb.com.br<\/a><\/p>\n","protected":false},"excerpt":{"rendered":"<p>A Confer\u00eancia Nacional dos Bispos do Brasil lan\u00e7ou, por meio da Edi\u00e7\u00f5es CNBB, o Texto-Base da Campanha da Fraternidade (CF) 2022. Neste ano, a CF tem como lema: \u201cFraternidade e Educa\u00e7\u00e3o\u201d e o lema \u201cFala com sabedoria, ensina com amor\u201d, \u00a0(Pr 31,26). O in\u00edcio da CF se d\u00e1 na abertura da Quaresma, dia 2 de [&hellip;]<\/p>\n","protected":false},"author":1,"featured_media":72182,"comment_status":"open","ping_status":"closed","sticky":false,"template":"","format":"standard","meta":{"footnotes":""},"categories":[7],"tags":[],"class_list":["post-72181","post","type-post","status-publish","format-standard","has-post-thumbnail","hentry","category-cnbb"],"_links":{"self":[{"href":"https:\/\/catolicanet.net\/wp-cnet\/wp-json\/wp\/v2\/posts\/72181","targetHints":{"allow":["GET"]}}],"collection":[{"href":"https:\/\/catolicanet.net\/wp-cnet\/wp-json\/wp\/v2\/posts"}],"about":[{"href":"https:\/\/catolicanet.net\/wp-cnet\/wp-json\/wp\/v2\/types\/post"}],"author":[{"embeddable":true,"href":"https:\/\/catolicanet.net\/wp-cnet\/wp-json\/wp\/v2\/users\/1"}],"replies":[{"embeddable":true,"href":"https:\/\/catolicanet.net\/wp-cnet\/wp-json\/wp\/v2\/comments?post=72181"}],"version-history":[{"count":1,"href":"https:\/\/catolicanet.net\/wp-cnet\/wp-json\/wp\/v2\/posts\/72181\/revisions"}],"predecessor-version":[{"id":72183,"href":"https:\/\/catolicanet.net\/wp-cnet\/wp-json\/wp\/v2\/posts\/72181\/revisions\/72183"}],"wp:featuredmedia":[{"embeddable":true,"href":"https:\/\/catolicanet.net\/wp-cnet\/wp-json\/wp\/v2\/media\/72182"}],"wp:attachment":[{"href":"https:\/\/catolicanet.net\/wp-cnet\/wp-json\/wp\/v2\/media?parent=72181"}],"wp:term":[{"taxonomy":"category","embeddable":true,"href":"https:\/\/catolicanet.net\/wp-cnet\/wp-json\/wp\/v2\/categories?post=72181"},{"taxonomy":"post_tag","embeddable":true,"href":"https:\/\/catolicanet.net\/wp-cnet\/wp-json\/wp\/v2\/tags?post=72181"}],"curies":[{"name":"wp","href":"https:\/\/api.w.org\/{rel}","templated":true}]}}