{"id":72167,"date":"2022-01-06T09:07:51","date_gmt":"2022-01-06T12:07:51","guid":{"rendered":"https:\/\/catolicanet.net\/wp-cnet\/?p=72167"},"modified":"2022-01-06T10:31:18","modified_gmt":"2022-01-06T13:31:18","slug":"dia-mundial-das-missoes-2022-sereis-minhas-testemunhas","status":"publish","type":"post","link":"https:\/\/catolicanet.net\/wp-cnet\/dia-mundial-das-missoes-2022-sereis-minhas-testemunhas\/","title":{"rendered":"Dia Mundial das Miss\u00f5es 2022: &#8220;Sereis minhas testemunhas&#8221;"},"content":{"rendered":"<div class=\"article__subTitle\" style=\"text-align: justify;\">Este 6 de janeiro, Epifania do Senhor, quando se celebra tamb\u00e9m o Dia da Inf\u00e2ncia Mission\u00e1ria, foi publicada a mensagem do Papa Francisco para o pr\u00f3ximo Dia Mundial das Miss\u00f5es, que ter\u00e1 lugar em 23 de outubro, pen\u00faltimo domingo do m\u00eas<\/div>\n<div class=\"title__separator\" style=\"text-align: justify;\"><\/div>\n<div class=\"article__text \">\n<p style=\"text-align: justify;\"><b>Vatican News<\/b><\/p>\n<p style=\"text-align: justify;\">Nesta quinta-feira (06\/01) foi apresentada a Mensagem do Papa Francisco para o Dia Mundial das Miss\u00f5es 2022 com o tema \u201cSereis minhas testemunhas\u201d (At 1, 8). S\u00e3o palavras que se encontram no \u00faltimo col\u00f3quio de Jesus ressuscitado com os seus disc\u00edpulos, antes de subir ao C\u00e9u, como se descreve nos Atos dos Ap\u00f3stolos e constituem tamb\u00e9m o tema do Dia Mundial das Miss\u00f5es de 2022, que, como sempre, nos ajuda a viver o fato de a Igreja ser, por sua natureza, mission\u00e1ria.<\/p>\n<div style=\"text-align: justify;\">\n<div class=\"article__embed article__embed--unwrap article__embed--dark\">\n<div class=\"article__innerTitle\">Ou\u00e7a e compartilhe!<\/div>\n<div>\n<!--[if lt IE 9]><script>document.createElement('audio');<\/script><![endif]-->\n<audio class=\"wp-audio-shortcode\" id=\"audio-72167-1\" preload=\"none\" style=\"width: 100%;\" controls=\"controls\"><source type=\"audio\/mpeg\" src=\"https:\/\/media.vaticannews.va\/media\/audio\/s1\/2022\/01\/06\/11\/136382902_F136382902.mp3?_=1\" \/><a href=\"https:\/\/media.vaticannews.va\/media\/audio\/s1\/2022\/01\/06\/11\/136382902_F136382902.mp3\">https:\/\/media.vaticannews.va\/media\/audio\/s1\/2022\/01\/06\/11\/136382902_F136382902.mp3<\/a><\/audio>\n<\/div>\n<\/div>\n<\/div>\n<p style=\"text-align: justify;\">Para ilustrar o tema o Papa se detem em tr\u00eas express\u00f5es-chave que resumem os tr\u00eas alicerces da vida e da miss\u00e3o dos disc\u00edpulos: \u201cSereis minhas testemunhas\u201d, \u201cat\u00e9 aos confins do mundo\u201d e \u201crecebereis a for\u00e7a do Esp\u00edrito Santo\u201d.<\/p>\n<p style=\"text-align: justify;\">Iniciando sua reflex\u00e3o sobre estes tr\u00eas pontos, \u201cSereis minhas testemunhas\u201d \u2013 A chamada de todos os crist\u00e3os a testemunhar Cristo, o Pont\u00edfice afirma:<\/p>\n<p style=\"text-align: justify;\">\u201c<i>\u00c9 o ponto central, o cora\u00e7\u00e3o do ensinamento de Jesus aos disc\u00edpulos em ordem \u00e0 sua miss\u00e3o no mundo. Todos os disc\u00edpulos ser\u00e3o testemunhas de Jesus, gra\u00e7as ao Esp\u00edrito Santo que v\u00e3o receber: ser\u00e1 a gra\u00e7a a constitu\u00ed-los como tais, por todo o lado aonde forem, onde quer que estejam<\/i>\u201d. \u201c<i>Em segundo lugar \u2013 continua Francisco &#8211; \u00e9 pedido aos disc\u00edpulos para constru\u00edrem a sua vida pessoal em chave de miss\u00e3o: s\u00e3o enviados por Jesus ao mundo n\u00e3o s\u00f3 para fazer a miss\u00e3o, mas tamb\u00e9m e sobretudo para viver a miss\u00e3o que lhes foi confiada; n\u00e3o s\u00f3 para dar testemunho, mas tamb\u00e9m e sobretudo para ser testemunhas de Cristo<\/i>\u201d.<\/p>\n<p style=\"text-align: justify;\">No segundo ponto \u201cAt\u00e9 aos confins do mundo\u201d \u2013 A atualidade perene duma miss\u00e3o de evangeliza\u00e7\u00e3o universal, Francisco explica, &#8220;<i>ao\u00a0exortar os disc\u00edpulos a serem as suas testemunhas, o Senhor ressuscitado anuncia aonde s\u00e3o enviados. Aqui emerge muito claramente o car\u00e1ter universal da miss\u00e3o dos disc\u00edpulos. Coloca-se em destaque o movimento geogr\u00e1fico \u2018centr\u00edfugo\u2019, quase em c\u00edrculos conc\u00eantricos, desde Jerusal\u00e9m \u2013 considerada pela tradi\u00e7\u00e3o judaica como centro do mundo \u2013 \u00e0 Judeia e Samaria, e at\u00e9 aos extremos \u2018confins do mundo\u2019. N\u00e3o s\u00e3o enviados para fazer proselitismo, mas para anunciar; o crist\u00e3o n\u00e3o faz proselitismo<\/i>\u201d.<\/p>\n<p style=\"text-align: justify;\">Por fim o Papa reflete sobre o ponto tr\u00eas, \u201cRecebereis a for\u00e7a do Esp\u00edrito Santo\u201d \u2013 Deixar-se sempre fortalecer e guiar pelo Esp\u00edrito.<\/p>\n<p style=\"text-align: justify;\">&#8220;<i>Ao anunciar aos disc\u00edpulos a miss\u00e3o de serem suas testemunhas, Cristo ressuscitado prometeu tamb\u00e9m a gra\u00e7a para uma t\u00e3o grande responsabilidade: \u00abRecebereis a for\u00e7a do Esp\u00edrito Santo e sereis minhas testemunhas\u00bb (At 1, 8). Com efeito, segundo a narra\u00e7\u00e3o dos Atos, foi precisamente a seguir \u00e0 descida do Esp\u00edrito Santo sobre os disc\u00edpulos de Jesus que teve lugar a primeira a\u00e7\u00e3o de testemunhar Cristo, morto e ressuscitado, com um an\u00fancio querigm\u00e1tico: o chamado discurso mission\u00e1rio de S\u00e3o Pedro aos habitantes de Jerusal\u00e9m. Assim come\u00e7a a era da evangeliza\u00e7\u00e3o do mundo por parte dos disc\u00edpulos de Jesus, que antes apareciam fracos, medrosos, fechados. O Esp\u00edrito Santo fortaleceu-os, deu-lhes coragem e sabedoria para testemunhar Cristo diante de todos<\/i>&#8220;.<\/p>\n<p style=\"text-align: justify;\">Concluindo o Francisco escreve: \u201cQueridos irm\u00e3os e irm\u00e3s, continuo a sonhar com uma Igreja toda mission\u00e1ria e uma nova esta\u00e7\u00e3o da a\u00e7\u00e3o mission\u00e1ria das comunidades crist\u00e3s. E repito o desejo de Mois\u00e9s para o povo de Deus em caminho: &#8216;Quem dera que todo o povo do Senhor profetizasse&#8217; (Nm 11, 29)&#8221;.<\/p>\n<\/div>\n","protected":false},"excerpt":{"rendered":"<p>Este 6 de janeiro, Epifania do Senhor, quando se celebra tamb\u00e9m o Dia da Inf\u00e2ncia Mission\u00e1ria, foi publicada a mensagem do Papa Francisco para o pr\u00f3ximo Dia Mundial das Miss\u00f5es, que ter\u00e1 lugar em 23 de outubro, pen\u00faltimo domingo do m\u00eas Vatican News Nesta quinta-feira (06\/01) foi apresentada a Mensagem do Papa Francisco para o [&hellip;]<\/p>\n","protected":false},"author":1,"featured_media":72168,"comment_status":"open","ping_status":"closed","sticky":false,"template":"","format":"standard","meta":{"footnotes":""},"categories":[3],"tags":[],"class_list":["post-72167","post","type-post","status-publish","format-standard","has-post-thumbnail","hentry","category-vaticano"],"_links":{"self":[{"href":"https:\/\/catolicanet.net\/wp-cnet\/wp-json\/wp\/v2\/posts\/72167","targetHints":{"allow":["GET"]}}],"collection":[{"href":"https:\/\/catolicanet.net\/wp-cnet\/wp-json\/wp\/v2\/posts"}],"about":[{"href":"https:\/\/catolicanet.net\/wp-cnet\/wp-json\/wp\/v2\/types\/post"}],"author":[{"embeddable":true,"href":"https:\/\/catolicanet.net\/wp-cnet\/wp-json\/wp\/v2\/users\/1"}],"replies":[{"embeddable":true,"href":"https:\/\/catolicanet.net\/wp-cnet\/wp-json\/wp\/v2\/comments?post=72167"}],"version-history":[{"count":1,"href":"https:\/\/catolicanet.net\/wp-cnet\/wp-json\/wp\/v2\/posts\/72167\/revisions"}],"predecessor-version":[{"id":72169,"href":"https:\/\/catolicanet.net\/wp-cnet\/wp-json\/wp\/v2\/posts\/72167\/revisions\/72169"}],"wp:featuredmedia":[{"embeddable":true,"href":"https:\/\/catolicanet.net\/wp-cnet\/wp-json\/wp\/v2\/media\/72168"}],"wp:attachment":[{"href":"https:\/\/catolicanet.net\/wp-cnet\/wp-json\/wp\/v2\/media?parent=72167"}],"wp:term":[{"taxonomy":"category","embeddable":true,"href":"https:\/\/catolicanet.net\/wp-cnet\/wp-json\/wp\/v2\/categories?post=72167"},{"taxonomy":"post_tag","embeddable":true,"href":"https:\/\/catolicanet.net\/wp-cnet\/wp-json\/wp\/v2\/tags?post=72167"}],"curies":[{"name":"wp","href":"https:\/\/api.w.org\/{rel}","templated":true}]}}