{"id":72164,"date":"2022-01-06T09:20:44","date_gmt":"2022-01-06T12:20:44","guid":{"rendered":"https:\/\/catolicanet.net\/wp-cnet\/?p=72164"},"modified":"2022-01-06T10:27:32","modified_gmt":"2022-01-06T13:27:32","slug":"papa-francisco-sem-humildade-nao-encontraremos-o-senhor","status":"publish","type":"post","link":"https:\/\/catolicanet.net\/wp-cnet\/papa-francisco-sem-humildade-nao-encontraremos-o-senhor\/","title":{"rendered":"Papa Francisco: \u201cSem humildade n\u00e3o encontraremos o Senhor\u201d"},"content":{"rendered":"<div class=\"article__subTitle\" style=\"text-align: justify;\">\u201cSe n\u00e3o abandonarmos nossas pretens\u00f5es, as vaidades, podemos at\u00e9 mesmo adorar algu\u00e9m ou algo na vida, mas n\u00e3o ser\u00e1 o Senhor!\u201d. O Papa convida a termos a humildade dos Reis Magos para podermos encontrar o Senhor.<\/div>\n<div class=\"title__separator\" style=\"text-align: justify;\"><\/div>\n<div class=\"article__text \">\n<p style=\"text-align: justify;\"><b>Vatican News<\/b><\/p>\n<p style=\"text-align: justify;\">No Angelus da Solenidade da Epifania (06\/01) o Papa convidou-nos a contemplar o epis\u00f3dio dos Reis Magos. \u201cS\u00e3o guiados pelo sinal prodigioso de uma estrela e quando finalmente chegam ao seu destino, em vez de encontrar algo grandioso, veem uma crian\u00e7a com sua m\u00e3e\u201d.\u00a0 Eles poderiam ter protestado: &#8216;Todo este caminho e todos estes sacrif\u00edcios para estar diante de uma crian\u00e7a pobre?&#8217; No entanto eles n\u00e3o se escandalizam, n\u00e3o ficam decepcionados. N\u00e3o reclamam, mas se prostram \u201cSe prostraram e o adoraram\u201d diz o Evangelho.<\/p>\n<p style=\"text-align: justify;\">Francisco recordou que \u00e9 um gesto humilde, mas os Magos \u201cse prostram diante da l\u00f3gica sem precedentes de Deus, eles acolhem o Senhor n\u00e3o como o imaginavam, mas como ele \u00e9, pequeno e pobre. A prostra\u00e7\u00e3o deles \u00e9 o sinal daqueles que colocam de lado suas pr\u00f3prias ideias e d\u00e3o espa\u00e7o a Deus\u201d.<\/p>\n<h2 style=\"text-align: justify;\"><b>Necessitados da salva\u00e7\u00e3o<\/b><\/h2>\n<p style=\"text-align: justify;\">\u201cEntendamos esta indica\u00e7\u00e3o: a adora\u00e7\u00e3o vai acompanhada com a prostra\u00e7\u00e3o. Ao realizar este gesto, os Magos mostram que acolhem com humildade Aquele que se apresenta na humildade. E \u00e9 assim que se abrem \u00e0 adora\u00e7\u00e3o de Deus. Os escr\u00ednios que abrem s\u00e3o uma imagem de seu cora\u00e7\u00e3o aberto: a verdadeira riqueza deles n\u00e3o consiste em fama e sucesso, mas em humildade, em seu considerar-se necessitados da salva\u00e7\u00e3o\u201d.<\/p>\n<div style=\"text-align: justify;\">\n<div class=\"article__embed article__embed--border embed_style\">\n<blockquote><p>\u201cSe n\u00e3o abandonarmos nossas pretens\u00f5es, as vaidades, as obsess\u00f5es, nosso esfor\u00e7o para ser sempre o primeiro \u2013 enfatizou o Papa recordando a humildade dos Reis Magos &#8211; podemos at\u00e9 mesmo adorar algu\u00e9m ou algo na vida, mas n\u00e3o ser\u00e1 o Senhor!\u201d<\/p><\/blockquote>\n<\/div>\n<\/div>\n<p style=\"text-align: justify;\">E o Papa afirma ainda:<\/p>\n<div style=\"text-align: justify;\">\n<div class=\"article__embed article__embed--border embed_style\">\n<blockquote><p>\u201cA adora\u00e7\u00e3o passa pela humildade do cora\u00e7\u00e3o: aqueles que t\u00eam a vontade de superar os outros, n\u00e3o percebem a presen\u00e7a do Senhor\u201d<\/p><\/blockquote>\n<\/div>\n<\/div>\n<p style=\"text-align: justify;\">\u201cOlhando para eles, hoje nos perguntamos: como est\u00e1 minha humildade? Estou convencido de que o orgulho est\u00e1 impedindo meu progresso espiritual? Ser\u00e1 que sei colocar de lado meu pr\u00f3prio ponto de vista para abra\u00e7ar o de Deus e dos outros? E, por fim: eu rezo e adoro somente quando preciso de algo, ou fa\u00e7o isso constantemente porque acredito que sempre preciso de Jesus?\u201d<\/p>\n<p style=\"text-align: justify;\">Que a Virgem Maria, serva do Senhor, nos ensine a redescobrir a necessidade vital da humildade e o gosto vivo da adora\u00e7\u00e3o, conclui Francisco.<\/p>\n<\/div>\n","protected":false},"excerpt":{"rendered":"<p>\u201cSe n\u00e3o abandonarmos nossas pretens\u00f5es, as vaidades, podemos at\u00e9 mesmo adorar algu\u00e9m ou algo na vida, mas n\u00e3o ser\u00e1 o Senhor!\u201d. O Papa convida a termos a humildade dos Reis Magos para podermos encontrar o Senhor. Vatican News No Angelus da Solenidade da Epifania (06\/01) o Papa convidou-nos a contemplar o epis\u00f3dio dos Reis Magos. [&hellip;]<\/p>\n","protected":false},"author":1,"featured_media":72165,"comment_status":"open","ping_status":"closed","sticky":false,"template":"","format":"standard","meta":{"footnotes":""},"categories":[3],"tags":[],"class_list":["post-72164","post","type-post","status-publish","format-standard","has-post-thumbnail","hentry","category-vaticano"],"_links":{"self":[{"href":"https:\/\/catolicanet.net\/wp-cnet\/wp-json\/wp\/v2\/posts\/72164","targetHints":{"allow":["GET"]}}],"collection":[{"href":"https:\/\/catolicanet.net\/wp-cnet\/wp-json\/wp\/v2\/posts"}],"about":[{"href":"https:\/\/catolicanet.net\/wp-cnet\/wp-json\/wp\/v2\/types\/post"}],"author":[{"embeddable":true,"href":"https:\/\/catolicanet.net\/wp-cnet\/wp-json\/wp\/v2\/users\/1"}],"replies":[{"embeddable":true,"href":"https:\/\/catolicanet.net\/wp-cnet\/wp-json\/wp\/v2\/comments?post=72164"}],"version-history":[{"count":1,"href":"https:\/\/catolicanet.net\/wp-cnet\/wp-json\/wp\/v2\/posts\/72164\/revisions"}],"predecessor-version":[{"id":72166,"href":"https:\/\/catolicanet.net\/wp-cnet\/wp-json\/wp\/v2\/posts\/72164\/revisions\/72166"}],"wp:featuredmedia":[{"embeddable":true,"href":"https:\/\/catolicanet.net\/wp-cnet\/wp-json\/wp\/v2\/media\/72165"}],"wp:attachment":[{"href":"https:\/\/catolicanet.net\/wp-cnet\/wp-json\/wp\/v2\/media?parent=72164"}],"wp:term":[{"taxonomy":"category","embeddable":true,"href":"https:\/\/catolicanet.net\/wp-cnet\/wp-json\/wp\/v2\/categories?post=72164"},{"taxonomy":"post_tag","embeddable":true,"href":"https:\/\/catolicanet.net\/wp-cnet\/wp-json\/wp\/v2\/tags?post=72164"}],"curies":[{"name":"wp","href":"https:\/\/api.w.org\/{rel}","templated":true}]}}