{"id":72161,"date":"2022-01-06T09:05:15","date_gmt":"2022-01-06T12:05:15","guid":{"rendered":"https:\/\/catolicanet.net\/wp-cnet\/?p=72161"},"modified":"2022-01-06T10:18:19","modified_gmt":"2022-01-06T13:18:19","slug":"papa-como-os-magos-sonhemos-procuremos-adoremos","status":"publish","type":"post","link":"https:\/\/catolicanet.net\/wp-cnet\/papa-como-os-magos-sonhemos-procuremos-adoremos\/","title":{"rendered":"Papa: Como os Magos, sonhemos, procuremos, adoremos"},"content":{"rendered":"<div class=\"article__subTitle\" style=\"text-align: justify;\">Na homilia da Solenidade da Epifania o Papa Francisco nos recorda que \u201csomos aquilo que desejamos. Porque s\u00e3o os desejos que impelem a vida mais al\u00e9m. Como os Magos, levantemos a cabe\u00e7a, ou\u00e7amos o desejo do cora\u00e7\u00e3o, sigamos a estrela que Deus faz brilhar sobre n\u00f3s&#8221;<\/div>\n<div class=\"title__separator\" style=\"text-align: justify;\"><\/div>\n<div class=\"article__text \">\n<p style=\"text-align: justify;\"><b>Jane Nogara &#8211; Vatican News<\/b><\/p>\n<p style=\"text-align: justify;\">Na Festa da Epifania, o Papa Francisco presidiu a celebra\u00e7\u00e3o da Santa Missa na Bas\u00edlica de S\u00e3o Pedro. Na sua homilia disse que a viagem dos Magos para Bel\u00e9m nos leva a interpelarmo-nos: \u201cO que \u00e9 que levou estes homens do Oriente a porem-se em viagem?\u201d \u201cEram e s\u00e1bios e astr\u00f3logos \u2013 continuou &#8211; tinham fama e riqueza; de posse de uma tal seguran\u00e7a cultural, social e econ\u00f4mica, podiam acomodar-se no que tinham e sabiam, deixando-se estar tranquilos. Mas n\u00e3o; deixam-se inquietar por uma pergunta e um sinal: \u201cOnde est\u00e1 [Aquele] que nasceu?\u201d. Como afirmou Bento XVI, eram \u201cpessoas de cora\u00e7\u00e3o inquieto, eram indagadores de Deus\u201d.<\/p>\n<div style=\"text-align: justify;\">\n<div class=\"article__embed article__embed--unwrap article__embed--dark\">\n<div class=\"article__innerTitle\">Ou\u00e7a e compartilhe!<\/div>\n<div>\n<!--[if lt IE 9]><script>document.createElement('audio');<\/script><![endif]-->\n<audio class=\"wp-audio-shortcode\" id=\"audio-72161-1\" preload=\"none\" style=\"width: 100%;\" controls=\"controls\"><source type=\"audio\/mpeg\" src=\"https:\/\/media.vaticannews.va\/media\/audio\/s1\/2022\/01\/06\/11\/136382911_F136382911.mp3?_=1\" \/><a href=\"https:\/\/media.vaticannews.va\/media\/audio\/s1\/2022\/01\/06\/11\/136382911_F136382911.mp3\">https:\/\/media.vaticannews.va\/media\/audio\/s1\/2022\/01\/06\/11\/136382911_F136382911.mp3<\/a><\/audio>\n<\/div>\n<\/div>\n<\/div>\n<h2 style=\"text-align: justify;\"><b>Orientados para as estrelas<\/b><\/h2>\n<p style=\"text-align: justify;\">\u201cMas esta saud\u00e1vel inquieta\u00e7\u00e3o, que os levou a peregrinar, de onde nasce? Do desejo. Eis o seu segredo interior: saber desejar. Meditemos nisto\u201d, Francisco afirma que \u201cdesejar significa manter vivo o fogo que arde dentro de n\u00f3s e nos impele a buscar mais al\u00e9m do imediato, mais al\u00e9m das coisas vis\u00edveis\u201d. E diz que isto deve-se ao fato de Deus nos ter feito assim: empapados de desejo; orientados, como os Magos, para as estrelas&#8221;.<\/p>\n<div style=\"text-align: justify;\">\n<div class=\"article__embed article__embed--border embed_style\">\n<blockquote><p>\u201cSomos aquilo que desejamos. Porque s\u00e3o os desejos que ampliam o nosso olhar e impelem a vida mais al\u00e9m, al\u00e9m duma f\u00e9 repetitiva e cansada, al\u00e9m do medo de arriscar, de nos empenharmos pelos outros e pelo bem\u201d<\/p><\/blockquote>\n<\/div>\n<\/div>\n<h2 style=\"text-align: justify;\"><b>Precisamos do desejo como Igreja<\/b><\/h2>\n<p style=\"text-align: justify;\">\u201cComo no caso dos Magos, tamb\u00e9m a nossa viagem da vida e o nosso caminho da f\u00e9 t\u00eam necessidade de desejo, de impulso interior\u201d. E Francisco afirma que precisamos disso como Igreja.\u00a0\u00a0\u201cSer\u00e1 bom perguntar-nos: a que ponto estamos n\u00f3s na viagem da f\u00e9? N\u00e3o estaremos j\u00e1 h\u00e1 bastante tempo bloqueados, estacionados numa religi\u00e3o convencional, exterior, formal, que deixou de aquecer o cora\u00e7\u00e3o e j\u00e1 n\u00e3o muda a vida?\u201d. &#8220;Na nossa vida e nas nossas sociedades, a crise da f\u00e9 tem a ver tamb\u00e9m com o desaparecimento do desejo de Deus\u201d, recordou o Papa. \u201cTem a ver com a sonol\u00eancia do esp\u00edrito, com o h\u00e1bito de nos contentarmos em viver o dia a dia, sem nos interrogarmos acerca daquilo que Deus quer de n\u00f3s\u201d.<\/p>\n<p style=\"text-align: justify;\">E Francisco sugere:<\/p>\n<div style=\"text-align: justify;\">\n<div class=\"article__embed article__embed--border embed_style\">\n<blockquote><p>\u201cHoje \u00e9 o dia bom para voltar a alimentar o desejo. Como fazer? Vamos \u00e0 \u2018escola do desejo\u2019 dos Magos. Fixemos os passos que d\u00e3o e tiremos algumas li\u00e7\u00f5es\u201d<\/p><\/blockquote>\n<\/div>\n<\/div>\n<h2 style=\"text-align: justify;\"><b>Escola do desejo<\/b><\/h2>\n<p style=\"text-align: justify;\">\u201cEm primeiro lugar \u2013 explica &#8211; partem quando aparece a estrela: ensinam-nos que \u00e9 preciso voltar a partir sempre cada dia, tanto na vida como na f\u00e9, porque a f\u00e9 n\u00e3o \u00e9 uma armadura que imobiliza, mas uma viagem fascinante, um movimento cont\u00ednuo e inquietador, sempre \u00e0 procura de Deus\u201d.<\/p>\n<p style=\"text-align: justify;\">\u201cDepois, os Magos em Jerusal\u00e9m perguntam: perguntam onde est\u00e1 o Menino. Ensinam-nos que precisamos de interrogativos, de ouvir com aten\u00e7\u00e3o as perguntas do cora\u00e7\u00e3o, da consci\u00eancia\u201d.<\/p>\n<p style=\"text-align: justify;\">\u201cAl\u00e9m disso, continuou o Papa explicando como encontrar o desejo, \u201cos Magos desafiam Herodes. Ensinam-nos que temos necessidade de uma f\u00e9 corajosa, prof\u00e9tica, que n\u00e3o tenha medo de desafiar as l\u00f3gicas obscuras do poder, tornando-se semente de justi\u00e7a e fraternidade numa sociedade onde, ainda hoje, muitos \u2018herodes\u2019 semeiam morte e massacram pobres e inocentes, na indiferen\u00e7a da multid\u00e3o\u201d.<\/p>\n<p style=\"text-align: justify;\">\u201cPor fim, os Magos regressam por outro caminho: provocam-nos a percorrer estradas novas. \u00c9 a criatividade do Esp\u00edrito, que faz sempre coisas novas. \u00c9 tamb\u00e9m uma das tarefas do S\u00ednodo: caminhar numa escuta conjunta, para que o Esp\u00edrito nos sugira caminhos novos, estradas para levar o Evangelho ao cora\u00e7\u00e3o de quem \u00e9 indiferente\u201d.<\/p>\n<p style=\"text-align: justify;\">No ponto culminante da viagem dos Magos, por\u00e9m, h\u00e1 um momento crucial: tendo chegado ao destino, viram o Menino e \u201cprostrando-se adoraram-No\u201d. Adoram. Lembremo-nos disto:<\/p>\n<div style=\"text-align: justify;\">\n<div class=\"article__embed article__embed--border embed_style\">\n<blockquote><p>\u201cA viagem da f\u00e9 s\u00f3 encontra \u00edmpeto e cumprimento na presen\u00e7a de Deus. S\u00f3 se recuperarmos o gosto da adora\u00e7\u00e3o \u00e9 que se renova o desejo\u201d<\/p><\/blockquote>\n<\/div>\n<\/div>\n<p style=\"text-align: justify;\">Concluindo o Papa disse: \u201cAqui, como os Magos, teremos a certeza de que, mesmo nas noites mais escuras, brilha uma estrela. \u00c9 a estrela de Jesus, que vem cuidar da nossa fr\u00e1gil humanidade. Ponhamo-nos a caminho rumo a Ele\u201d. \u201cComo os Magos, levantemos a cabe\u00e7a, ou\u00e7amos o desejo do cora\u00e7\u00e3o, sigamos a estrela que Deus faz brilhar sobre n\u00f3s. Como pesquisadores inquietos, permane\u00e7amos abertos \u00e0s surpresas de Deus. Sonhemos, procuremos, adoremos&#8221;.<\/p>\n<\/div>\n","protected":false},"excerpt":{"rendered":"<p>Na homilia da Solenidade da Epifania o Papa Francisco nos recorda que \u201csomos aquilo que desejamos. Porque s\u00e3o os desejos que impelem a vida mais al\u00e9m. Como os Magos, levantemos a cabe\u00e7a, ou\u00e7amos o desejo do cora\u00e7\u00e3o, sigamos a estrela que Deus faz brilhar sobre n\u00f3s&#8221; Jane Nogara &#8211; Vatican News Na Festa da Epifania, [&hellip;]<\/p>\n","protected":false},"author":1,"featured_media":72162,"comment_status":"open","ping_status":"closed","sticky":false,"template":"","format":"standard","meta":{"footnotes":""},"categories":[13,3],"tags":[],"class_list":["post-72161","post","type-post","status-publish","format-standard","has-post-thumbnail","hentry","category-featured","category-vaticano"],"_links":{"self":[{"href":"https:\/\/catolicanet.net\/wp-cnet\/wp-json\/wp\/v2\/posts\/72161","targetHints":{"allow":["GET"]}}],"collection":[{"href":"https:\/\/catolicanet.net\/wp-cnet\/wp-json\/wp\/v2\/posts"}],"about":[{"href":"https:\/\/catolicanet.net\/wp-cnet\/wp-json\/wp\/v2\/types\/post"}],"author":[{"embeddable":true,"href":"https:\/\/catolicanet.net\/wp-cnet\/wp-json\/wp\/v2\/users\/1"}],"replies":[{"embeddable":true,"href":"https:\/\/catolicanet.net\/wp-cnet\/wp-json\/wp\/v2\/comments?post=72161"}],"version-history":[{"count":1,"href":"https:\/\/catolicanet.net\/wp-cnet\/wp-json\/wp\/v2\/posts\/72161\/revisions"}],"predecessor-version":[{"id":72163,"href":"https:\/\/catolicanet.net\/wp-cnet\/wp-json\/wp\/v2\/posts\/72161\/revisions\/72163"}],"wp:featuredmedia":[{"embeddable":true,"href":"https:\/\/catolicanet.net\/wp-cnet\/wp-json\/wp\/v2\/media\/72162"}],"wp:attachment":[{"href":"https:\/\/catolicanet.net\/wp-cnet\/wp-json\/wp\/v2\/media?parent=72161"}],"wp:term":[{"taxonomy":"category","embeddable":true,"href":"https:\/\/catolicanet.net\/wp-cnet\/wp-json\/wp\/v2\/categories?post=72161"},{"taxonomy":"post_tag","embeddable":true,"href":"https:\/\/catolicanet.net\/wp-cnet\/wp-json\/wp\/v2\/tags?post=72161"}],"curies":[{"name":"wp","href":"https:\/\/api.w.org\/{rel}","templated":true}]}}