{"id":72157,"date":"2022-01-04T08:59:40","date_gmt":"2022-01-04T11:59:40","guid":{"rendered":"https:\/\/catolicanet.net\/wp-cnet\/?p=72157"},"modified":"2022-01-06T09:00:57","modified_gmt":"2022-01-06T12:00:57","slug":"o-papa-liberdade-religiosa-e-valorizar-os-irmaos-em-suas-diferencas","status":"publish","type":"post","link":"https:\/\/catolicanet.net\/wp-cnet\/o-papa-liberdade-religiosa-e-valorizar-os-irmaos-em-suas-diferencas\/","title":{"rendered":"O Papa: liberdade religiosa \u00e9 valorizar os irm\u00e3os em suas diferen\u00e7as"},"content":{"rendered":"<div><\/div>\n<div class=\"article__subTitle\" style=\"text-align: justify;\">No v\u00eddeo com a primeira inten\u00e7\u00e3o de ora\u00e7\u00e3o deste ano, Francisco afirma que perseguir as pessoas &#8220;simplesmente por professar publicamente sua f\u00e9 n\u00e3o s\u00f3 \u00e9 inaceit\u00e1vel, \u00e9 desumano, \u00e9 insano&#8221;.<\/div>\n<div class=\"title__separator\" style=\"text-align: justify;\"><\/div>\n<div class=\"article__text \">\n<p style=\"text-align: justify;\"><b>Vatican News<\/b><\/p>\n<p><iframe loading=\"lazy\" title=\"JANEIRO: DISCRIMINA\u00c7\u00c3O E PERSEGUI\u00c7\u00c3O RELIGIOSA\" width=\"696\" height=\"392\" src=\"https:\/\/www.youtube.com\/embed\/6xpVIO1fp_U?feature=oembed\" frameborder=\"0\" allow=\"accelerometer; autoplay; clipboard-write; encrypted-media; gyroscope; picture-in-picture\" allowfullscreen><\/iframe><\/p>\n<p style=\"text-align: justify;\">No v\u00eddeo com a primeira inten\u00e7\u00e3o de ora\u00e7\u00e3o deste ano, divulgado nesta ter\u00e7a-feira (04\/12), o Papa Francisco pede para rezar pelas pessoas que s\u00e3o perseguidas por causa de sua f\u00e9. Esta edi\u00e7\u00e3o de janeiro cont\u00e9m uma mensagem forte a favor da liberdade religiosa e das pessoas que sofrem discrimina\u00e7\u00e3o.<\/p>\n<div style=\"text-align: justify;\">\n<div class=\"article__embed article__embed--unwrap article__embed--dark\">\n<div class=\"article__innerTitle\">Ou\u00e7a e compartilhe<\/div>\n<div>\n<!--[if lt IE 9]><script>document.createElement('audio');<\/script><![endif]-->\n<audio class=\"wp-audio-shortcode\" id=\"audio-72157-1\" preload=\"none\" style=\"width: 100%;\" controls=\"controls\"><source type=\"audio\/mpeg\" src=\"https:\/\/media.vaticannews.va\/media\/audio\/s1\/2022\/01\/04\/14\/136381050_F136381050.mp3?_=1\" \/><a href=\"https:\/\/media.vaticannews.va\/media\/audio\/s1\/2022\/01\/04\/14\/136381050_F136381050.mp3\">https:\/\/media.vaticannews.va\/media\/audio\/s1\/2022\/01\/04\/14\/136381050_F136381050.mp3<\/a><\/audio>\n<\/div>\n<\/div>\n<\/div>\n<p style=\"text-align: justify;\">O V\u00eddeo do Papa deste m\u00eas conta com o apoio da funda\u00e7\u00e3o pontif\u00edcia &#8220;Ajuda \u00e0 Igreja que Sofre&#8221; (AIS), organiza\u00e7\u00e3o internacional caritativa cat\u00f3lica cuja miss\u00e3o \u00e9 ajudar os fi\u00e9is onde quer que sejam perseguidos, oprimidos ou estejam necessitados, atrav\u00e9s da informa\u00e7\u00e3o, ora\u00e7\u00e3o e a\u00e7\u00e3o. Refor\u00e7a a ideia de que nas sociedades em que vivemos e nos desenvolvemos, h\u00e1 de florescer o reconhecimento dos direitos e da dignidade que todos temos pelo fato de sermos pessoas.<\/p>\n<p style=\"text-align: justify;\"><i>Como \u00e9 poss\u00edvel que hoje muitas minorias religiosas sofram discrimina\u00e7\u00e3o ou persegui\u00e7\u00e3o? Como permitimos que nesta sociedade altamente civilizada existam pessoas que s\u00e3o perseguidas simplesmente por professar publicamente sua f\u00e9? Isso n\u00e3o s\u00f3 \u00e9 inaceit\u00e1vel, \u00e9 desumano, \u00e9 insano.\u00a0 \u00a0\u00a0<\/i><\/p>\n<p style=\"text-align: justify;\">&#8220;A liberdade religiosa n\u00e3o se limita \u00e0 liberdade de culto, ou seja, a que se possa ter um culto no dia prescrito pelos seus livros sagrados&#8221;, ressalta Francisco na mensagem. A liberdade religiosa est\u00e1 ligada ao conceito de fraternidade e para come\u00e7ar a percorrer os caminhos da fraternidade que o Papa tanto insiste h\u00e1 anos, \u00e9 necess\u00e1rio n\u00e3o s\u00f3 respeitar os outros, mas valoriz\u00e1-los &#8220;em suas diferen\u00e7as e reconhec\u00ea-los como verdadeiros irm\u00e3os&#8221;.<\/p>\n<p style=\"text-align: justify;\"><i>Como seres humanos, temos tantas coisas em comum que podemos conviver acolhendo as diferen\u00e7as com a alegria de ser irm\u00e3os. Que uma pequena diferen\u00e7a, ou uma diferen\u00e7a substancial como a religiosa, n\u00e3o obscure\u00e7a a grande unidade de ser irm\u00e3os. Vamos escolher o caminho da fraternidade. Porque ou somos irm\u00e3os, ou todos perdemos.<\/i><\/p>\n<p style=\"text-align: justify;\">&#8220;Rezemos para que as pessoas que sofrem discrimina\u00e7\u00e3o e persegui\u00e7\u00e3o religiosa encontrem nas sociedades em que vivem o reconhecimento e a dignidade que nasce de ser irm\u00e3os e irm\u00e3s&#8221;, conclui o Papa.<\/p>\n<p style=\"text-align: justify;\">Segundo o\u00a0<a href=\"https:\/\/acninternational.org\/religiousfreedomreport\/pt\/home\/\" target=\"_blank\" rel=\"external nofollow noopener\">Relat\u00f3rio sobre a Liberdade Religiosa no Mundo<\/a>\u00a0publicado pela AIS em abril de 2021, a liberdade religiosa foi violada em um ter\u00e7o dos pa\u00edses do mundo, onde vivem cerca de 5,2 bilh\u00f5es de pessoas. O mesmo relat\u00f3rio afirma que mais de 646 milh\u00f5es de crist\u00e3os vivem em pa\u00edses onde a liberdade religiosa n\u00e3o \u00e9 respeitada.<\/p>\n<p style=\"text-align: justify;\">Desde 2020 tem sido denunciado uma quantidade de minorias \u00e9tnicas e religiosas, especialmente as de origem mu\u00e7ulmana, que n\u00e3o desfrutam de plenos direitos de cidadania nos pa\u00edses em que vivem.<\/p>\n<\/div>\n","protected":false},"excerpt":{"rendered":"<p>No v\u00eddeo com a primeira inten\u00e7\u00e3o de ora\u00e7\u00e3o deste ano, Francisco afirma que perseguir as pessoas &#8220;simplesmente por professar publicamente sua f\u00e9 n\u00e3o s\u00f3 \u00e9 inaceit\u00e1vel, \u00e9 desumano, \u00e9 insano&#8221;. Vatican News No v\u00eddeo com a primeira inten\u00e7\u00e3o de ora\u00e7\u00e3o deste ano, divulgado nesta ter\u00e7a-feira (04\/12), o Papa Francisco pede para rezar pelas pessoas que [&hellip;]<\/p>\n","protected":false},"author":1,"featured_media":72158,"comment_status":"open","ping_status":"closed","sticky":false,"template":"","format":"standard","meta":{"footnotes":""},"categories":[13,3],"tags":[],"class_list":["post-72157","post","type-post","status-publish","format-standard","has-post-thumbnail","hentry","category-featured","category-vaticano"],"_links":{"self":[{"href":"https:\/\/catolicanet.net\/wp-cnet\/wp-json\/wp\/v2\/posts\/72157","targetHints":{"allow":["GET"]}}],"collection":[{"href":"https:\/\/catolicanet.net\/wp-cnet\/wp-json\/wp\/v2\/posts"}],"about":[{"href":"https:\/\/catolicanet.net\/wp-cnet\/wp-json\/wp\/v2\/types\/post"}],"author":[{"embeddable":true,"href":"https:\/\/catolicanet.net\/wp-cnet\/wp-json\/wp\/v2\/users\/1"}],"replies":[{"embeddable":true,"href":"https:\/\/catolicanet.net\/wp-cnet\/wp-json\/wp\/v2\/comments?post=72157"}],"version-history":[{"count":1,"href":"https:\/\/catolicanet.net\/wp-cnet\/wp-json\/wp\/v2\/posts\/72157\/revisions"}],"predecessor-version":[{"id":72159,"href":"https:\/\/catolicanet.net\/wp-cnet\/wp-json\/wp\/v2\/posts\/72157\/revisions\/72159"}],"wp:featuredmedia":[{"embeddable":true,"href":"https:\/\/catolicanet.net\/wp-cnet\/wp-json\/wp\/v2\/media\/72158"}],"wp:attachment":[{"href":"https:\/\/catolicanet.net\/wp-cnet\/wp-json\/wp\/v2\/media?parent=72157"}],"wp:term":[{"taxonomy":"category","embeddable":true,"href":"https:\/\/catolicanet.net\/wp-cnet\/wp-json\/wp\/v2\/categories?post=72157"},{"taxonomy":"post_tag","embeddable":true,"href":"https:\/\/catolicanet.net\/wp-cnet\/wp-json\/wp\/v2\/tags?post=72157"}],"curies":[{"name":"wp","href":"https:\/\/api.w.org\/{rel}","templated":true}]}}