{"id":72149,"date":"2021-12-22T09:24:11","date_gmt":"2021-12-22T12:24:11","guid":{"rendered":"https:\/\/catolicanet.net\/wp-cnet\/?p=72149"},"modified":"2021-12-22T21:27:41","modified_gmt":"2021-12-23T00:27:41","slug":"linda-carta-de-menina-ao-papai-noel-mostra-o-espirito-santo-em-acao","status":"publish","type":"post","link":"https:\/\/catolicanet.net\/wp-cnet\/linda-carta-de-menina-ao-papai-noel-mostra-o-espirito-santo-em-acao\/","title":{"rendered":"Linda carta de menina ao Papai Noel mostra o Esp\u00edrito Santo em a\u00e7\u00e3o"},"content":{"rendered":"<h2 class=\"subtitle\" style=\"text-align: justify;\">Uma hist\u00f3ria incr\u00edvel para inspirar a sua semana natalina<\/h2>\n<p style=\"text-align: justify;\">Recentemente, o Irm\u00e3o Mike Herlihey, um frade capuchinho, compartilhou no Facebook uma conversa maravilhosa que teve com uma menina de 12 anos, Sara Marques, sobre o Esp\u00edrito Santo, e uma carta que ela enviou ao Papai Noel.<\/p>\n<p style=\"text-align: justify;\">Voc\u00ea pode pensar que uma conversa sobre espiritualidade e uma carta ao Papai Noel t\u00eam pouco em comum. Mas acabaram levando a uma s\u00e9rie de circunst\u00e2ncias que demonstram exatamente como o Esp\u00edrito Santo est\u00e1 agindo, mesmo quando n\u00e3o percebemos.<\/p>\n<p style=\"text-align: justify;\">Antes de chegarmos \u00e0 cartinha, \u00e9 importante conhecer um pouco da hist\u00f3ria de fundo sobre como o Esp\u00edrito Santo ganhou vida para uma menina em uma miss\u00e3o de salvar o mundo\u2026<\/p>\n<div class=\"wp-block-aleteia-heading3\" style=\"text-align: justify;\">\n<h3>Aprendendo sobre o Esp\u00edrito Santo<\/h3>\n<\/div>\n<p style=\"text-align: justify;\">A hist\u00f3ria come\u00e7ou quando o Irm\u00e3o Mike conversou com Sara \u2014 cuja fam\u00edlia vem do Brasil, mas atualmente mora na Virg\u00ednia \u2014 e seu amigo Nathan*, de 11 anos, sobre o Esp\u00edrito Santo. O Irm\u00e3o Mike explicou como foi a conversa:<\/p>\n<blockquote class=\"wp-block-quote\"><p>\u201c\u2019Irm\u00e3o Mike, quem \u00e9 o Esp\u00edrito Santo?\u2019 \u2018Irm\u00e3o Mike, o que o Esp\u00edrito Santo faz?\u2019 e assim por diante. Foi \u00f3timo! Eu disse-lhes que o Esp\u00edrito Santo \u00e9 como o vento; voc\u00ea n\u00e3o pode ver o vento, mas pode ver seus efeitos, as \u00e1rvores se movendo e a sensa\u00e7\u00e3o em sua pele. Eu disse-lhes que o Esp\u00edrito Santo \u00e9 Deus, e aquele a quem Jesus deixou para n\u00f3s quando foi para o C\u00e9u. Eles estavam t\u00e3o curiosos e ansiosos para aprender.\u201d<\/p><\/blockquote>\n<figure class=\"wp-block-image\" style=\"text-align: justify;\"><img decoding=\"async\" class=\"wp-image-653353\" src=\"https:\/\/wp.en.aleteia.org\/wp-content\/uploads\/sites\/2\/2021\/12\/IMG-8213.jpg?w=720\" alt=\"\" \/><figcaption>Photo Courtesy of Raquel and Hugo Marques<\/figcaption><\/figure>\n<div id=\"aleteia-welcome\" style=\"text-align: justify;\"><\/div>\n<p style=\"text-align: justify;\">Ali\u00e1s, tinha sido apenas a segunda vez que Nathan fora \u00e0 igreja. Os pais de Sara \u2013 que se chamam Raquel e Hugo \u2013 t\u00eam levado Nathan e seu irm\u00e3o mais novo \u00e0 igreja junto com a fam\u00edlia deles.<\/p>\n<div class=\"wp-block-aleteia-heading3\" style=\"text-align: justify;\">\n<h3>O Esp\u00edrito Santo nos Sacramentos<\/h3>\n<\/div>\n<div class=\"nativo-inread\" style=\"text-align: justify;\"><\/div>\n<p style=\"text-align: justify;\">Raquel chegou e se juntou \u00e0 conversa que o Irm\u00e3o Mike, Sara e Nathan estavam tendo, e o Esp\u00edrito Santo realmente come\u00e7ou a demonstrar Sua presen\u00e7a.<\/p>\n<p style=\"text-align: justify;\">Raquel \u2014 sem saber do que sua filha e Nathan estavam falando com o Irm\u00e3o Mike \u2014 tocou no assunto de quando Sara poderia receber sua Confirma\u00e7\u00e3o. O Irm\u00e3o Mike comentou que a Confirma\u00e7\u00e3o se tratava de um sacramento muito vinculado ao Esp\u00edrito Santo. Raquel ent\u00e3o se virou para Nathan e perguntou\u00a0a\u00a0ele: \u201cVoc\u00ea\u00a0<em>quer<\/em>\u00a0se tornar crist\u00e3o e ser batizado?\u201d<\/p>\n<div id=\"article-desk-content-p6-ad_2021_12_22_linda-carta-de-menina-ao-papai-noel-mostra-o-espirito-santo-em-acao\" class=\"css-cfwtta\" style=\"text-align: justify;\" data-google-query-id=\"CJLOh6_U-PQCFQ-3lQIdJ34N4g\">\n<div id=\"google_ads_iframe_64500793\/PT_DESK_ARTICLE_WELCOME_1X1_0__container__\"><\/div>\n<\/div>\n<p style=\"text-align: justify;\">\u201cCom um grande sorriso no rosto, ele balan\u00e7ou a cabe\u00e7a e disse \u201csim!\u201d\u2019<\/p>\n<p style=\"text-align: justify;\">Isso inspirou Raquel a mostrar algo ao Irm\u00e3o Mike \u2014 era uma carta que Sara havia escrito ao Papai Noel:<\/p>\n<figure class=\"wp-block-image\" style=\"text-align: justify;\"><img decoding=\"async\" class=\"wp-image-653352\" src=\"https:\/\/wp.en.aleteia.org\/wp-content\/uploads\/sites\/2\/2021\/12\/IMG-8217.jpg?w=720\" alt=\"\" \/><figcaption>Photo Courtesy of Raquel and Hugo Marques<\/figcaption><\/figure>\n<p style=\"text-align: justify;\">Aqui est\u00e1 a tradu\u00e7\u00e3o:<\/p>\n<p style=\"text-align: justify;\"><em>Querido Papai Noel,<\/em><\/p>\n<p style=\"text-align: justify;\"><em>Feliz Natal! Espero que voc\u00ea esteja indo bem. Este ano tenho me esfor\u00e7ado muito e acho que tenho sido legal. Ajudei os outros, fui gentil e cuidei de quem vive sem amor. Neste Natal, tudo o que pe\u00e7o \u00e9 paz. Eu sei que n\u00e3o \u00e9 um presente que vem em um embrulho brilhante, mas para mim \u00e9 tudo. Eu s\u00f3 pe\u00e7o paz na minha fam\u00edlia, paz nas minhas amizades e paz em nosso mundo. Eu cresci, descobri que nosso mundo n\u00e3o \u00e9 perfeito, mas se uma pessoa como eu pede paz como presente de Natal, isso pode mudar tudo. Por favor, deixe Deus aben\u00e7oar tudo com o que me importo e tudo ao meu redor. Que voc\u00ea tenha um feliz Natal; eu prometo escrever novamente no pr\u00f3ximo ano.<\/em><\/p>\n<p style=\"text-align: justify;\">Sara n\u00e3o se esqueceu de incluir as necessidades de sua fam\u00edlia na carta, acrescentando: \u201c<em>Por favor<\/em>,\u00a0<em>certifique-se de que meu irm\u00e3o ganhe a bicicleta que ele quer e que minha m\u00e3e tenha Maria com seguran\u00e7a.\u201d<\/em>\u00a0(Raquel est\u00e1 esperando uma garotinha para mar\u00e7o.)<\/p>\n<figure class=\"wp-block-image\" style=\"text-align: justify;\"><img decoding=\"async\" class=\"wp-image-653350\" src=\"https:\/\/wp.en.aleteia.org\/wp-content\/uploads\/sites\/2\/2021\/12\/IMG-8214.jpg?w=720\" alt=\"\" \/><figcaption>Photo Courtesy of Raquel and Hugo Marques<\/figcaption><\/figure>\n<div class=\"wp-block-aleteia-heading3\" style=\"text-align: justify;\">\n<h3>O Esp\u00edrito Santo em a\u00e7\u00e3o<\/h3>\n<\/div>\n<p style=\"text-align: justify;\">Depois de ler a carta, a conversa continuou com as crian\u00e7as. O Irm\u00e3o Mike explicou o que aconteceu:<\/p>\n<blockquote class=\"wp-block-quote\"><p>\u201cEnt\u00e3o Nathan me disse: \u2018Irm\u00e3o Mike, eu quero encontrar o Esp\u00edrito Santo!\u2019 Sara disse: \u2018Sim, eu tamb\u00e9m!\u2019 Surpreso, eu respondi: \u2018Mas voc\u00eas acabaram de encontrar.\u2019 Eles me olharam chocados com a boca bem aberta. \u2018Lembra que eu disse que voc\u00ea n\u00e3o pode ver o Esp\u00edrito Santo, mas pode ver seus efeitos? Voc\u00ea me fez perguntas sobre o Esp\u00edrito Santo, ent\u00e3o Sara, sua m\u00e3e, veio at\u00e9 n\u00f3s sem saber do que est\u00e1vamos falando e perguntou sobre sua Confirma\u00e7\u00e3o e Nathan sobre seu Batismo, ambos os Sacramentos em que voc\u00ea recebe o Esp\u00edrito Santo de uma maneira especial, ent\u00e3o Sara, sua m\u00e3e, me mostrou sua carta de Natal ao Papai Noel, onde voc\u00ea pede paz a Deus, e a paz \u00e9 fruto de receber o Esp\u00edrito Santo. Voc\u00ea queria o Esp\u00edrito Santo? Bem, a\u00ed est\u00e1!\u201d<\/p><\/blockquote>\n<blockquote class=\"wp-block-quote\"><p>\u201cEles ficaram novamente boquiabertos. E riram de felicidade.\u201d<\/p><\/blockquote>\n<div class=\"wp-block-aleteia-heading3\" style=\"text-align: justify;\">\n<h3>Mas o Esp\u00edrito Santo n\u00e3o parou por a\u00ed\u2026<\/h3>\n<\/div>\n<p style=\"text-align: justify;\">Tudo isso aconteceu no domingo, 12 de dezembro. No dia seguinte, Raquel compartilhou com a Aleteia algo que Sara disse ao pai:<\/p>\n<blockquote class=\"wp-block-quote\"><p>\u201cPai, voc\u00ea precisa publicar minha carta no LinkedIn porque mais crian\u00e7as precisam pedir paz ao Papai Noel; n\u00e3o s\u00f3 eu. Se mais crian\u00e7as pedirem paz em vez de procurar coisas no Google ou na Amazon, teremos mais paz no mundo.\u201d<\/p><\/blockquote>\n<p style=\"text-align: justify;\">No dia seguinte \u2014 ter\u00e7a-feira, 14 de dezembro \u2014 entrei em contato com o Irm\u00e3o Mike e pedi que ele verificasse com a fam\u00edlia se a Aleteia poderia publicar a carta de Sara. A m\u00e3e da menina autorizou, dizendo para levar a hist\u00f3ria aonde o Esp\u00edrito Santo quisesse.<\/p>\n<figure class=\"wp-block-image\" style=\"text-align: justify;\"><img decoding=\"async\" class=\"wp-image-653653\" src=\"https:\/\/wp.en.aleteia.org\/wp-content\/uploads\/sites\/2\/2021\/12\/image.png\" alt=\"\" \/><\/figure>\n<p style=\"text-align: justify;\">A hist\u00f3ria \u00e9 um belo testemunho da f\u00e9 de Sara e de sua fam\u00edlia, bem como do ensinamento do Irm\u00e3o Mike \u00e0s crian\u00e7as. E enquanto caminhamos pela quarta semana do Advento at\u00e9 o tempo de Natal, em que o foco est\u00e1 na paz, parece justo que Sara compartilhe sua hist\u00f3ria com os outros, para inspir\u00e1-los a convidar o Esp\u00edrito Santo para suas vidas.<\/p>\n<p style=\"text-align: justify;\">E quem sabe as palavras finais do Irm\u00e3o Mike sobre este epis\u00f3dio inspirem todos n\u00f3s a buscarmos essa mesma paz que Sara deseja:<\/p>\n<blockquote class=\"wp-block-quote\"><p>\u201cA carta de Sara me lembra o antigo hino: \u2018Que haja paz na terra e que ela comece comigo.\u2019 Neste Natal, rezo para que Sara receba do Esp\u00edrito Santo o seu presente de Natal de paz. Rezo para que, atrav\u00e9s do seu dom da paz, ela mude o mundo, levando a paz de cora\u00e7\u00e3o em cora\u00e7\u00e3o, assim como ela fez com o meu. Afinal, \u2018<em>se uma pessoa como eu pede paz como presente de Natal, isso pode mudar tudo<\/em>\u2018.\u201d<\/p><\/blockquote>\n<p style=\"text-align: justify;\"><em>*O nome de Nathan foi alterado por quest\u00e3o de privacidade.<\/em><\/p>\n","protected":false},"excerpt":{"rendered":"<p>Uma hist\u00f3ria incr\u00edvel para inspirar a sua semana natalina Recentemente, o Irm\u00e3o Mike Herlihey, um frade capuchinho, compartilhou no Facebook uma conversa maravilhosa que teve com uma menina de 12 anos, Sara Marques, sobre o Esp\u00edrito Santo, e uma carta que ela enviou ao Papai Noel. Voc\u00ea pode pensar que uma conversa sobre espiritualidade e [&hellip;]<\/p>\n","protected":false},"author":1,"featured_media":72150,"comment_status":"open","ping_status":"closed","sticky":false,"template":"","format":"standard","meta":{"footnotes":""},"categories":[4],"tags":[],"class_list":["post-72149","post","type-post","status-publish","format-standard","has-post-thumbnail","hentry","category-cotidiano"],"_links":{"self":[{"href":"https:\/\/catolicanet.net\/wp-cnet\/wp-json\/wp\/v2\/posts\/72149","targetHints":{"allow":["GET"]}}],"collection":[{"href":"https:\/\/catolicanet.net\/wp-cnet\/wp-json\/wp\/v2\/posts"}],"about":[{"href":"https:\/\/catolicanet.net\/wp-cnet\/wp-json\/wp\/v2\/types\/post"}],"author":[{"embeddable":true,"href":"https:\/\/catolicanet.net\/wp-cnet\/wp-json\/wp\/v2\/users\/1"}],"replies":[{"embeddable":true,"href":"https:\/\/catolicanet.net\/wp-cnet\/wp-json\/wp\/v2\/comments?post=72149"}],"version-history":[{"count":1,"href":"https:\/\/catolicanet.net\/wp-cnet\/wp-json\/wp\/v2\/posts\/72149\/revisions"}],"predecessor-version":[{"id":72151,"href":"https:\/\/catolicanet.net\/wp-cnet\/wp-json\/wp\/v2\/posts\/72149\/revisions\/72151"}],"wp:featuredmedia":[{"embeddable":true,"href":"https:\/\/catolicanet.net\/wp-cnet\/wp-json\/wp\/v2\/media\/72150"}],"wp:attachment":[{"href":"https:\/\/catolicanet.net\/wp-cnet\/wp-json\/wp\/v2\/media?parent=72149"}],"wp:term":[{"taxonomy":"category","embeddable":true,"href":"https:\/\/catolicanet.net\/wp-cnet\/wp-json\/wp\/v2\/categories?post=72149"},{"taxonomy":"post_tag","embeddable":true,"href":"https:\/\/catolicanet.net\/wp-cnet\/wp-json\/wp\/v2\/tags?post=72149"}],"curies":[{"name":"wp","href":"https:\/\/api.w.org\/{rel}","templated":true}]}}