{"id":72134,"date":"2021-12-22T09:04:28","date_gmt":"2021-12-22T12:04:28","guid":{"rendered":"https:\/\/catolicanet.net\/wp-cnet\/?p=72134"},"modified":"2021-12-22T21:10:59","modified_gmt":"2021-12-23T00:10:59","slug":"cristaos-na-siria-ajudem-nos-aqui-nao-ha-futuro-2","status":"publish","type":"post","link":"https:\/\/catolicanet.net\/wp-cnet\/cristaos-na-siria-ajudem-nos-aqui-nao-ha-futuro-2\/","title":{"rendered":"Crist\u00e3os na S\u00edria: &#8220;Ajudem-nos! Aqui n\u00e3o h\u00e1 futuro\u201d"},"content":{"rendered":"<figure class=\"article__image\"><span class=\"didascalia_img\">A realidade das comunidades crist\u00e3s na S\u00edria\u00a0<\/span><\/figure>\n<div class=\"article__meta audioInside\" data-mediatype=\"\">\n<div class=\"article__subTitle\" style=\"text-align: justify;\">Dom Nidal Abdel Massih Thomas, Vig\u00e1rio Patriarcal Caldeu de Al Giazira, encontra-se no nordeste da S\u00edria, em uma regi\u00e3o sob controle curdo. Em uma entrevista ao Vatican News, descreve a dram\u00e1tica situa\u00e7\u00e3o dos crist\u00e3os na regi\u00e3o e a grande fuga em busca de um futuro melhor<\/div>\n<div class=\"title__separator\" style=\"text-align: justify;\"><\/div>\n<div class=\"article__text \">\n<p style=\"text-align: justify;\"><b>Vatican News<\/b><\/p>\n<p style=\"text-align: justify;\">A regi\u00e3o de Al-Giazira fica no norte da S\u00edria, ao leste do Eufrates, na fronteira com a Turquia, e \u00e9 amplamente controlada por for\u00e7as curdas. Os vilarejos crist\u00e3os da regi\u00e3o foram abandonados pelos fi\u00e9is, ass\u00edrios em sua maioria. Nos 38 vilarejos habitados por crist\u00e3os, encontram-se muitas igrejas, e por causa da migra\u00e7\u00e3o, apenas duas ainda est\u00e3o ativas. Dos 21.000 ortodoxos ass\u00edrios da regi\u00e3o antes da guerra, hoje restam apenas 800.<\/p>\n<div style=\"text-align: justify;\">\n<div class=\"article__embed article__embed--unwrap article__embed--dark\">\n<div class=\"article__innerTitle\">Ou\u00e7a e compartilhe!<\/div>\n<div>\n<!--[if lt IE 9]><script>document.createElement('audio');<\/script><![endif]-->\n<audio class=\"wp-audio-shortcode\" id=\"audio-72134-1\" preload=\"none\" style=\"width: 100%;\" controls=\"controls\"><source type=\"audio\/mpeg\" src=\"https:\/\/media.vaticannews.va\/media\/audio\/s1\/2021\/12\/20\/15\/136365652_F136365652.mp3?_=1\" \/><a href=\"https:\/\/media.vaticannews.va\/media\/audio\/s1\/2021\/12\/20\/15\/136365652_F136365652.mp3\">https:\/\/media.vaticannews.va\/media\/audio\/s1\/2021\/12\/20\/15\/136365652_F136365652.mp3<\/a><\/audio>\n<\/div>\n<\/div>\n<\/div>\n<h2 style=\"text-align: justify;\"><b>As origens do \u00eaxodo<\/b><\/h2>\n<p style=\"text-align: justify;\">Este \u00eaxodo em massa \u00e9 explicado por um epis\u00f3dio ocorrido h\u00e1 quatro anos, quando 150 crist\u00e3os foram sequestrados por islamistas do Isis. Entre eles estava uma fam\u00edlia caldeia de cinco pessoas. Os terroristas exigiram um resgate ap\u00f3s 15 dias, mas como n\u00e3o chegaram a pagar, liberaram um v\u00eddeo da execu\u00e7\u00e3o de tr\u00eas ref\u00e9ns. O mesmo v\u00eddeo mostrou tr\u00eas outros ref\u00e9ns, incluindo um membro da fam\u00edlia caldeia, atr\u00e1s dos tr\u00eas condenados \u00e0 morte, como poss\u00edveis pr\u00f3ximas v\u00edtimas. O ref\u00e9m caldeu foi convidado a ler uma mensagem dirigida aos l\u00edderes das Igrejas crist\u00e3s pedindo-lhes que pagassem o resgate. O pagamento foi feito, em troca da liberta\u00e7\u00e3o de 146 dos 147 sobreviventes. Infelizmente, um membro da Isis reteve uma mulher que ele havia escolhido como esposa e com quem teve dois filhos. Quando o califado caiu, a mulher foi autorizada a sair, o que n\u00e3o p\u00f4de fazer por medo de ser morta por sua fam\u00edlia de origem, apesar de ter sido detida \u00e0 for\u00e7a pelo terrorista.<\/p>\n<h2 style=\"text-align: justify;\"><b>O &#8220;neg\u00f3cio&#8221; do sequestro<\/b><\/h2>\n<p style=\"text-align: justify;\">Depois disso, 80% dos ass\u00edrios fugiram para o L\u00edbano. Mas esse sequestro n\u00e3o foi o \u00fanico epis\u00f3dio. &#8220;Era um neg\u00f3cio que rendia muito&#8221;, afirma Dom Nidal Thomas: &#8220;Eles capturavam crist\u00e3os em Hassake e ficavam com o dinheiro do resgate&#8221;. Na \u00e9poca, explica o padre, nenhuma das partes envolvidas e presentes na regi\u00e3o podia proteger os crist\u00e3os, por isso muitos partiram e continuam a partir ainda hoje.<\/p>\n<h2 style=\"text-align: justify;\"><b>De cada 10 crist\u00e3os 7 emigram<\/b><\/h2>\n<p style=\"text-align: justify;\">S\u00e3o muitas as partes em causa na regi\u00e3o: Dom Thomas relata que alguns grupos crist\u00e3os se aliaram aos curdos, outros ao ex\u00e9rcito s\u00edrio. Isto torna complicada a perman\u00eancia dos crist\u00e3os na \u00e1rea, pois eles podem sempre ser suspeitos de serem inimigos de um lado ou do outro. Como resultado, se a situa\u00e7\u00e3o dos crist\u00e3os \u00e9 dif\u00edcil em toda a S\u00edria, \u00e9 ainda mais na regi\u00e3o de Al-Giazira (a ilha, em \u00e1rabe). Por esta raz\u00e3o, sete em cada dez optaram por partir, principalmente ass\u00edrios.<\/p>\n<h2 style=\"text-align: justify;\"><b>Apelo \u00e0 ajuda internacional<\/b><\/h2>\n<p style=\"text-align: justify;\">Al\u00e9m disso, h\u00e1 o recrutamento militar organizado pelos curdos, explica o prelado, pois eles precisam de novos recrutas, especialmente os jovens. Para aqueles que permaneceram, por escolha ou pela for\u00e7a, nesta regi\u00e3o onde a guerra n\u00e3o terminou, h\u00e1 uma outra complica\u00e7\u00e3o: a enorme dificuldade em receber dinheiro enviado por membros da fam\u00edlia que vivem no exterior. Este dinheiro \u00e9 indispens\u00e1vel, dada a falta de trabalho, a crise econ\u00f4mica e a infla\u00e7\u00e3o. Portanto, Dom Thomas implora o apoio de todas as pessoas de boa vontade: &#8220;Todos devem conhecer as condi\u00e7\u00f5es em que vivemos&#8221;, afirmou, &#8220;Aqui todos mal podem esperar para partir&#8221;. Eles est\u00e3o implorando a seus parentes refugiados no exterior para ajud\u00e1-los a fugir, porque aqui encontram dificuldades em todos os lugares, e n\u00e3o t\u00eam futuro&#8221;, conclui o Vig\u00e1rio Patriarcal Caldeu para o Nordeste da S\u00edria.<\/p>\n<\/div>\n<\/div>\n","protected":false},"excerpt":{"rendered":"<p>A realidade das comunidades crist\u00e3s na S\u00edria\u00a0 Dom Nidal Abdel Massih Thomas, Vig\u00e1rio Patriarcal Caldeu de Al Giazira, encontra-se no nordeste da S\u00edria, em uma regi\u00e3o sob controle curdo. Em uma entrevista ao Vatican News, descreve a dram\u00e1tica situa\u00e7\u00e3o dos crist\u00e3os na regi\u00e3o e a grande fuga em busca de um futuro melhor Vatican News [&hellip;]<\/p>\n","protected":false},"author":1,"featured_media":72135,"comment_status":"open","ping_status":"closed","sticky":false,"template":"","format":"standard","meta":{"footnotes":""},"categories":[13,3],"tags":[],"class_list":["post-72134","post","type-post","status-publish","format-standard","has-post-thumbnail","hentry","category-featured","category-vaticano"],"_links":{"self":[{"href":"https:\/\/catolicanet.net\/wp-cnet\/wp-json\/wp\/v2\/posts\/72134","targetHints":{"allow":["GET"]}}],"collection":[{"href":"https:\/\/catolicanet.net\/wp-cnet\/wp-json\/wp\/v2\/posts"}],"about":[{"href":"https:\/\/catolicanet.net\/wp-cnet\/wp-json\/wp\/v2\/types\/post"}],"author":[{"embeddable":true,"href":"https:\/\/catolicanet.net\/wp-cnet\/wp-json\/wp\/v2\/users\/1"}],"replies":[{"embeddable":true,"href":"https:\/\/catolicanet.net\/wp-cnet\/wp-json\/wp\/v2\/comments?post=72134"}],"version-history":[{"count":1,"href":"https:\/\/catolicanet.net\/wp-cnet\/wp-json\/wp\/v2\/posts\/72134\/revisions"}],"predecessor-version":[{"id":72136,"href":"https:\/\/catolicanet.net\/wp-cnet\/wp-json\/wp\/v2\/posts\/72134\/revisions\/72136"}],"wp:featuredmedia":[{"embeddable":true,"href":"https:\/\/catolicanet.net\/wp-cnet\/wp-json\/wp\/v2\/media\/72135"}],"wp:attachment":[{"href":"https:\/\/catolicanet.net\/wp-cnet\/wp-json\/wp\/v2\/media?parent=72134"}],"wp:term":[{"taxonomy":"category","embeddable":true,"href":"https:\/\/catolicanet.net\/wp-cnet\/wp-json\/wp\/v2\/categories?post=72134"},{"taxonomy":"post_tag","embeddable":true,"href":"https:\/\/catolicanet.net\/wp-cnet\/wp-json\/wp\/v2\/tags?post=72134"}],"curies":[{"name":"wp","href":"https:\/\/api.w.org\/{rel}","templated":true}]}}