{"id":72130,"date":"2021-12-20T09:29:51","date_gmt":"2021-12-20T12:29:51","guid":{"rendered":"https:\/\/catolicanet.net\/wp-cnet\/?p=72130"},"modified":"2021-12-20T14:31:24","modified_gmt":"2021-12-20T17:31:24","slug":"familia-espaco-de-partilha","status":"publish","type":"post","link":"https:\/\/catolicanet.net\/wp-cnet\/familia-espaco-de-partilha\/","title":{"rendered":"Fam\u00edlia, espa\u00e7o de partilha"},"content":{"rendered":"<p style=\"text-align: justify;\">O mundo est\u00e1 todo conectado, mas as pessoas s\u00e3o ref\u00e9ns de espa\u00e7os, que as fragilizam, dentro de um profundo isolamento, com situa\u00e7\u00e3o de individualismo e solid\u00e3o. A fam\u00edlia deve ser lugar de di\u00e1logo e partilha fraterna, porque ela representa o sonho de Deus, de amor, compromisso e entrega. Ali se aprende o valor das rela\u00e7\u00f5es humanas e se adquire as condi\u00e7\u00f5es para um viver dialogal.<\/p>\n<p style=\"text-align: justify;\">\u00c9 fundamental cultivar algumas caracter\u00edsticas e valores da fam\u00edlia. Entre elas dizemos da acolhida, do assentimento e respeito \u00e0 autoridade dos pais. A rela\u00e7\u00e3o de reciprocidade entre pais e filhos \u00e9 essencial para a pr\u00e1tica do amor, a preserva\u00e7\u00e3o dos valores morais e \u00e9ticos. Tudo isto constitui a base natural para a constru\u00e7\u00e3o de uma sociedade equilibrada, justa e em condi\u00e7\u00e3o de realizar a paz social.<\/p>\n<p style=\"text-align: justify;\">N\u00e3o est\u00e1 f\u00e1cil encontrar fam\u00edlias com perfeita estabilidade relacional, onde seja cultivado, entre seus membros, a bondade, a amabilidade, a mansid\u00e3o e a paci\u00eancia. Existem, na cultura moderna, outros valores \u00e9ticos, religiosos e culturais se impondo, que v\u00e3o fragilizando os princ\u00edpios tradicionais sobre a identidade familiar. Mesmo com as mudan\u00e7as, certos princ\u00edpios devem permanecer.<\/p>\n<p style=\"text-align: justify;\">Para os crist\u00e3os, a f\u00e9 e o conhecimento da doutrina crist\u00e3 s\u00e3o fontes genu\u00ednas, para que haja gestos concretos de di\u00e1logo sadio e respons\u00e1vel na estrutura de um lar feliz e comprometido com a vida. O fortalecimento dessas rela\u00e7\u00f5es depende da pr\u00e1tica dos valores fundamentais para toda sadia conviv\u00eancia, como a caridade fraterna, a miseric\u00f3rdia, a bondade, a mansid\u00e3o e o perd\u00e3o.<\/p>\n<p style=\"text-align: justify;\">Os v\u00e1rios contravalores, como as viol\u00eancias generalizadas, as injusti\u00e7as e todo tipo de maquina\u00e7\u00e3o maldosa, feitos por grupos sem responsabilidade, s\u00e3o frutos de fam\u00edlias fragilizadas. Elas s\u00e3o incapazes de exercer o sagrado compromisso de educar os filhos para a cidadania e a vida. Quem sofre \u00e9 a grande fam\u00edlia comunit\u00e1ria, formada pela converg\u00eancia de todas as fam\u00edlias da sociedade.<\/p>\n<p style=\"text-align: justify;\">\u00a0Para uma fam\u00edlia ser espa\u00e7o de partilha, as pessoas devem fazer escolhas assentadas na exig\u00eancia de discernimento, decis\u00e3o e coragem. Foi o que aconteceu na Fam\u00edlia de Nazar\u00e9, onde o sim de Maria e a acolhida de Jos\u00e9 refletem escolhas exigentes dentro do plano de Deus para o seu povo. Significa que a fam\u00edlia precisa ajudar na constru\u00e7\u00e3o de um mundo mais humano e comprometido.<\/p>\n","protected":false},"excerpt":{"rendered":"<p>O mundo est\u00e1 todo conectado, mas as pessoas s\u00e3o ref\u00e9ns de espa\u00e7os, que as fragilizam, dentro de um profundo isolamento, com situa\u00e7\u00e3o de individualismo e solid\u00e3o. A fam\u00edlia deve ser lugar de di\u00e1logo e partilha fraterna, porque ela representa o sonho de Deus, de amor, compromisso e entrega. Ali se aprende o valor das rela\u00e7\u00f5es [&hellip;]<\/p>\n","protected":false},"author":11,"featured_media":55820,"comment_status":"open","ping_status":"closed","sticky":false,"template":"","format":"standard","meta":{"footnotes":""},"categories":[9],"tags":[],"class_list":["post-72130","post","type-post","status-publish","format-standard","has-post-thumbnail","hentry","category-artigos"],"_links":{"self":[{"href":"https:\/\/catolicanet.net\/wp-cnet\/wp-json\/wp\/v2\/posts\/72130","targetHints":{"allow":["GET"]}}],"collection":[{"href":"https:\/\/catolicanet.net\/wp-cnet\/wp-json\/wp\/v2\/posts"}],"about":[{"href":"https:\/\/catolicanet.net\/wp-cnet\/wp-json\/wp\/v2\/types\/post"}],"author":[{"embeddable":true,"href":"https:\/\/catolicanet.net\/wp-cnet\/wp-json\/wp\/v2\/users\/11"}],"replies":[{"embeddable":true,"href":"https:\/\/catolicanet.net\/wp-cnet\/wp-json\/wp\/v2\/comments?post=72130"}],"version-history":[{"count":1,"href":"https:\/\/catolicanet.net\/wp-cnet\/wp-json\/wp\/v2\/posts\/72130\/revisions"}],"predecessor-version":[{"id":72131,"href":"https:\/\/catolicanet.net\/wp-cnet\/wp-json\/wp\/v2\/posts\/72130\/revisions\/72131"}],"wp:featuredmedia":[{"embeddable":true,"href":"https:\/\/catolicanet.net\/wp-cnet\/wp-json\/wp\/v2\/media\/55820"}],"wp:attachment":[{"href":"https:\/\/catolicanet.net\/wp-cnet\/wp-json\/wp\/v2\/media?parent=72130"}],"wp:term":[{"taxonomy":"category","embeddable":true,"href":"https:\/\/catolicanet.net\/wp-cnet\/wp-json\/wp\/v2\/categories?post=72130"},{"taxonomy":"post_tag","embeddable":true,"href":"https:\/\/catolicanet.net\/wp-cnet\/wp-json\/wp\/v2\/tags?post=72130"}],"curies":[{"name":"wp","href":"https:\/\/api.w.org\/{rel}","templated":true}]}}