{"id":72112,"date":"2021-12-20T09:10:25","date_gmt":"2021-12-20T12:10:25","guid":{"rendered":"https:\/\/catolicanet.net\/wp-cnet\/?p=72112"},"modified":"2021-12-20T14:11:47","modified_gmt":"2021-12-20T17:11:47","slug":"como-voce-reagiria-se-neste-natal-recebesse-esta-carta-do-menino-jesus-3","status":"publish","type":"post","link":"https:\/\/catolicanet.net\/wp-cnet\/como-voce-reagiria-se-neste-natal-recebesse-esta-carta-do-menino-jesus-3\/","title":{"rendered":"Como voc\u00ea reagiria se neste Natal recebesse esta Carta do Menino Jesus?"},"content":{"rendered":"<p style=\"text-align: justify;\">O\u00a0Natal\u00a0est\u00e1 pr\u00f3ximo e com ele os presentes, a ceia natalina, as atividades na par\u00f3quia, as viagens etc. Uma s\u00e9rie de atividades que poderiam fazer esquecer o verdadeiro honrado. Por isso, compartilhamos esta hist\u00f3ria sobre o verdadeiro sentido do Natal intitulada \u201cCarta de Jesus\u201d.<\/p>\n<p style=\"text-align: justify;\"><strong>Querido Amigo:<\/strong><\/p>\n<p style=\"text-align: justify;\">Ol\u00e1, eu te amo muito. Como voc\u00ea sabe, j\u00e1 se aproxima novamente a data na qual celebram o meu nascimento.<\/p>\n<p style=\"text-align: justify;\">No ano passado fizeram uma grande festa para mim e tenho a impress\u00e3o de que este ano ocorrer\u00e1 o mesmo. A final de contas, h\u00e1 alguns meses est\u00e3o fazendo compras para esta ocasi\u00e3o e quase todos os dias anunciam e avisam que faltam poucos dias para esta celebra\u00e7\u00e3o.<\/p>\n<p style=\"text-align: justify;\">Na verdade, passam dos limites, mas \u00e9 agrad\u00e1vel saber que pelo menos em um dia do ano pensam em mim. H\u00e1 muito tempo, compreendiam e agradeciam de cora\u00e7\u00e3o tudo o que eu fiz por toda a humanidade.<\/p>\n<p style=\"text-align: justify;\">Mas hoje em dia, tenho a impress\u00e3o de que a maioria das pessoas quase n\u00e3o sabe por que celebra o meu anivers\u00e1rio.<\/p>\n<p style=\"text-align: justify;\">Por outra parte, gosto que as pessoas se re\u00fanam e fiquem felizes e me alegra, sobretudo, que as crian\u00e7as se divirtam tanto; mas ainda assim, acredito que a maioria das pessoas n\u00e3o sabe bem do que se trata. Voc\u00ea n\u00e3o acha?<\/p>\n<p style=\"text-align: justify;\">Como aconteceu, por exemplo, no ano passado. Ao chegar o dia do meu anivers\u00e1rio, fizeram uma grande festa, mas pode acreditar que nem sequer me convidaram? Imagina! Eu era o convidado de honra! Mas esqueceram-se completamente de mim!<\/p>\n<p style=\"text-align: justify;\">Estavam preparando as festas durante dois meses e, quando chegou o grande dia, me deixaram fora da celebra\u00e7\u00e3o. J\u00e1 aconteceu isso comigo tantas vezes que, na verdade, n\u00e3o me surpreendi.<\/p>\n<p style=\"text-align: justify;\">Embora n\u00e3o tenham me convidado, tive a ideia de entrar na festa sem fazer barulho. Entrei e fiquei em um cantinho. Imagina que ningu\u00e9m notou a minha presen\u00e7a? Nem perceberam que eu estava ali.<\/p>\n<p style=\"text-align: justify;\">Todos estavam bebendo, rindo e aproveitando bastante, quando de repente chegou um homem gordo, vestido de vermelho, com uma barba posti\u00e7a branca, gritando: \u201cHo, ho, ho!\u201d.<\/p>\n<p style=\"text-align: justify;\">Parecia que tinha bebido muito e, depois de muito esfor\u00e7o, chegou ao lugar onde estavam os presentes, enquanto todos o felicitavam.<\/p>\n<p style=\"text-align: justify;\">Quando se sentou em uma grande poltrona, todas as crian\u00e7as, emocionad\u00edssimas, se aproximaram dele correndo e dizendo: \u201cPapai Noel!\u201d Como se ele fosse o homenageado e toda a festa fosse em sua honra.<\/p>\n<p style=\"text-align: justify;\">Aguentei aquela \u201cfesta\u201d at\u00e9 onde pude, mas ao final fui embora. Caminhando pela rua me senti solit\u00e1rio e triste. O que mais me assombra de como a maioria das pessoas comemora o dia do meu anivers\u00e1rio \u00e9 que em vez de me dar presentes, presenteiam uns aos outros e isto \u00e9 um absurdo, pois quase sempre s\u00e3o objetos que nem sequer precisam ganhar.<\/p>\n<p style=\"text-align: justify;\">Vou te fazer uma pergunta: Voc\u00ea n\u00e3o acharia estranho que ao chegar seu anivers\u00e1rio todos os seus amigos decidissem comemorar dando presentes uns aos outros e n\u00e3o dessem nada para voc\u00ea? Pois isto \u00e9 o que acontece comigo a cada ano!<\/p>\n<p style=\"text-align: justify;\">Uma vez algu\u00e9m me disse: \u201c\u00c9 que voc\u00ea n\u00e3o \u00e9 como outros, nunca te vemos; como \u00e9 que vamos presente\u00e1-lo?\u201d. J\u00e1 imaginar\u00e1 o que eu lhe respondi.<\/p>\n<p style=\"text-align: justify;\">Eu sempre digo: \u201cVoc\u00ea pode dar de presente comida e roupa aos pobres, ajudar a quem necessita. Pode visitar os \u00f3rf\u00e3os, doentes e aqueles que est\u00e3o na pris\u00e3o. Tudo o que voc\u00ea der aos seus semelhantes para aliviar os seus sofrimentos, considerarei como se tivesse me entregado pessoalmente\u201d (Mateus 25,34-40).<\/p>\n<p style=\"text-align: justify;\">Nesta \u00e9poca, muitas pessoas, em vez de pensar em dar presentes, fazem bazares ou vendas na sua garagem, onde vendem qualquer coisa a fim de arrecadar at\u00e9 o \u00faltimo centavo para suas novas compras de Natal.<\/p>\n<p style=\"text-align: justify;\">E em pensar no bem e felicidade que poderiam levar aos bairros marginalizados, aos orfanatos, aos asilos, \u00e0s pris\u00f5es ou aos familiares dos detentos!<\/p>\n<p style=\"text-align: justify;\">Infelizmente, a cada ano que passa \u00e9 pior. Chega o dia do meu anivers\u00e1rio e s\u00f3 pensam nas compras, nas festas e nas f\u00e9rias e eu de jeito nenhum apare\u00e7o em tudo isto. Al\u00e9m disso, a cada ano os presentes de Natal, pinheiros e enfeites s\u00e3o mais sofisticados e mais caros, as pessoas gastam verdadeiras fortunas tentando impressionar os seus amigos.<\/p>\n<p style=\"text-align: justify;\">Isto acontece inclusive nos templos. E s\u00f3 de pensar que eu nasci em uma manjedoura, rodeado de animais porque n\u00e3o tinha outro lugar.<\/p>\n<p style=\"text-align: justify;\">Ficaria muito mais feliz de nascer todos os dias no cora\u00e7\u00e3o dos meus amigos e que me permitissem morar a\u00ed para ajud\u00e1-los a cada dia em todas assuas dificuldades, para que possam experimentar o grande amor que sinto por todos; porque n\u00e3o sei se voc\u00ea saiba, mas h\u00e1 mais de 2 mil anos entreguei a minha\u00a0<a href=\"https:\/\/www.acidigital.com\/vida\/index.html\">vida<\/a>\u00a0para te salvar da morte e mostrar o grande amor que sinto por voc\u00ea.<\/p>\n<p style=\"text-align: justify;\">Por isso, pe\u00e7o que me deixe entrar no seu cora\u00e7\u00e3o. Durante v\u00e1rios anos estou tentando entrar, mas at\u00e9 hoje n\u00e3o me deixaste. \u201cEis que estou \u00e0 porta e bato: se algu\u00e9m ouvir a minha voz e me abrir a porta, entrarei em sua casa e cearemos\u201d. Confie em mim, abandone-se em mim. Este ser\u00e1 o melhor presente que poder\u00e1 me dar. Obrigado.<\/p>\n<p style=\"text-align: justify;\"><strong>Seu amigo,<\/strong><\/p>\n<p style=\"text-align: justify;\"><strong>Jesus.<\/strong><\/p>\n","protected":false},"excerpt":{"rendered":"<p>O\u00a0Natal\u00a0est\u00e1 pr\u00f3ximo e com ele os presentes, a ceia natalina, as atividades na par\u00f3quia, as viagens etc. Uma s\u00e9rie de atividades que poderiam fazer esquecer o verdadeiro honrado. Por isso, compartilhamos esta hist\u00f3ria sobre o verdadeiro sentido do Natal intitulada \u201cCarta de Jesus\u201d. Querido Amigo: Ol\u00e1, eu te amo muito. Como voc\u00ea sabe, j\u00e1 se [&hellip;]<\/p>\n","protected":false},"author":1,"featured_media":72113,"comment_status":"open","ping_status":"closed","sticky":false,"template":"","format":"standard","meta":{"footnotes":""},"categories":[4,13],"tags":[],"class_list":["post-72112","post","type-post","status-publish","format-standard","has-post-thumbnail","hentry","category-cotidiano","category-featured"],"_links":{"self":[{"href":"https:\/\/catolicanet.net\/wp-cnet\/wp-json\/wp\/v2\/posts\/72112","targetHints":{"allow":["GET"]}}],"collection":[{"href":"https:\/\/catolicanet.net\/wp-cnet\/wp-json\/wp\/v2\/posts"}],"about":[{"href":"https:\/\/catolicanet.net\/wp-cnet\/wp-json\/wp\/v2\/types\/post"}],"author":[{"embeddable":true,"href":"https:\/\/catolicanet.net\/wp-cnet\/wp-json\/wp\/v2\/users\/1"}],"replies":[{"embeddable":true,"href":"https:\/\/catolicanet.net\/wp-cnet\/wp-json\/wp\/v2\/comments?post=72112"}],"version-history":[{"count":1,"href":"https:\/\/catolicanet.net\/wp-cnet\/wp-json\/wp\/v2\/posts\/72112\/revisions"}],"predecessor-version":[{"id":72114,"href":"https:\/\/catolicanet.net\/wp-cnet\/wp-json\/wp\/v2\/posts\/72112\/revisions\/72114"}],"wp:featuredmedia":[{"embeddable":true,"href":"https:\/\/catolicanet.net\/wp-cnet\/wp-json\/wp\/v2\/media\/72113"}],"wp:attachment":[{"href":"https:\/\/catolicanet.net\/wp-cnet\/wp-json\/wp\/v2\/media?parent=72112"}],"wp:term":[{"taxonomy":"category","embeddable":true,"href":"https:\/\/catolicanet.net\/wp-cnet\/wp-json\/wp\/v2\/categories?post=72112"},{"taxonomy":"post_tag","embeddable":true,"href":"https:\/\/catolicanet.net\/wp-cnet\/wp-json\/wp\/v2\/tags?post=72112"}],"curies":[{"name":"wp","href":"https:\/\/api.w.org\/{rel}","templated":true}]}}