{"id":72103,"date":"2021-12-20T09:06:18","date_gmt":"2021-12-20T12:06:18","guid":{"rendered":"https:\/\/catolicanet.net\/wp-cnet\/?p=72103"},"modified":"2021-12-20T14:03:07","modified_gmt":"2021-12-20T17:03:07","slug":"missa-para-os-funcionarios-da-comunicacao-sintam-o-desejo-de-transmitir-a-verdade","status":"publish","type":"post","link":"https:\/\/catolicanet.net\/wp-cnet\/missa-para-os-funcionarios-da-comunicacao-sintam-o-desejo-de-transmitir-a-verdade\/","title":{"rendered":"Missa para os funcion\u00e1rios da comunica\u00e7\u00e3o: sintam o desejo de transmitir a verdade"},"content":{"rendered":"<div class=\"article__subTitle\" style=\"text-align: justify;\">Na Missa de Natal celebrada na manh\u00e3 desta segunda-feira (20\/12) na Bas\u00edlica Vaticana para os funcion\u00e1rios do Dicast\u00e9rio da Comunica\u00e7\u00e3o, o cardeal Mauro Gambetti agradeceu o trabalho realizado &#8220;com sabedoria e o correto entusiasmo&#8221;. O Vig\u00e1rio Geral do Papa para a Cidade do Vaticano aponta para tudo o modelo de Maria, &#8220;mediadora&#8221; do Mist\u00e9rio divino<\/div>\n<div class=\"title__separator\" style=\"text-align: justify;\"><\/div>\n<div class=\"article__text \">\n<p style=\"text-align: justify;\"><b>Tiziana Campisi \u2013 Vatican News<\/b><\/p>\n<p style=\"text-align: justify;\">&#8220;Comunicar, na profiss\u00e3o que voc\u00eas exercem, significa, em \u00faltima an\u00e1lise, transmitir os significados muitas vezes ocultos dos fatos, e n\u00e3o tanto as suas pr\u00f3prias id\u00e9ias&#8221;. Isto foi sublinhado nesta segunda-feira (20\/12), durante a missa de Natal celebrada para os funcion\u00e1rios do Dicast\u00e9rio da Comunica\u00e7\u00e3o, pelo Cardeal Mauro Gambetti, Vig\u00e1rio Geral do Papa para a Cidade do Vaticano e membro do mesmo Dicast\u00e9rio. Em sua homilia na Bas\u00edlica Vaticana, o cardeal partindo das Leituras do Dia e da Anuncia\u00e7\u00e3o narrada pelo Evangelho de Lucas prop\u00f4s uma reflex\u00e3o sobre as diferentes formas de abordar o Natal. Pode ser uma festa de luzes, presentes, almo\u00e7os e jantares, ou &#8220;um encontro para renovar os la\u00e7os mais queridos, para redescobrir sentimentos de proximidade e ternura em nome de um Menino que \u00e9 a figura da vida que nasce em todo lugar, em todo o tempo&#8221;, ou ainda &#8220;pode ser o evento capaz de mudar o destino da humanidade, da hist\u00f3ria pessoal de qualquer um que encontre o mist\u00e9rio da vida sempre nascida de Deus que se revela no Menino Jesus, como na Eucaristia&#8221;.<\/p>\n<div style=\"text-align: justify;\">\n<div class=\"article__embed article__embed--unwrap article__embed--dark\">\n<div class=\"article__innerTitle\">Ou\u00e7a e compartilhe!<\/div>\n<div>\n<!--[if lt IE 9]><script>document.createElement('audio');<\/script><![endif]-->\n<audio class=\"wp-audio-shortcode\" id=\"audio-72103-1\" preload=\"none\" style=\"width: 100%;\" controls=\"controls\"><source type=\"audio\/mpeg\" src=\"https:\/\/media.vaticannews.va\/media\/audio\/s1\/2021\/12\/20\/15\/136365766_F136365766.mp3?_=1\" \/><a href=\"https:\/\/media.vaticannews.va\/media\/audio\/s1\/2021\/12\/20\/15\/136365766_F136365766.mp3\">https:\/\/media.vaticannews.va\/media\/audio\/s1\/2021\/12\/20\/15\/136365766_F136365766.mp3<\/a><\/audio>\n<\/div>\n<\/div>\n<\/div>\n<h2 style=\"text-align: justify;\"><b>Ser mediadores<\/b><\/h2>\n<p style=\"text-align: justify;\">Mas para que o Natal seja compreendido sob esta luz para que n\u00e3o se limite simplesmente \u00e0 festa ou aos bons sentimentos, acrescentou o Cardeal Gambetti, \u00e9 preciso uma media\u00e7\u00e3o, \u00e9 preciso ser mediadores &#8211; como o foram Maria, Jos\u00e9, os anjos, os pastores e a estrela &#8211; e ter feito sua a mensagem, o significado que o evento cont\u00e9m: &#8220;Para narrar os fatos&#8221;, disse, &#8220;para narrar o Natal, \u00e9 preciso ter conhecido o Natal, ou seja, t\u00ea-lo conhecido no sentido b\u00edblico, ter tido uma experi\u00eancia \u00edntima e uma compreens\u00e3o do evento&#8221;.<\/p>\n<h2 style=\"text-align: justify;\"><b>As tr\u00eas atitudes do bom comunicador<\/b><\/h2>\n<p style=\"text-align: justify;\">Para o cardeal, h\u00e1 tr\u00eas atitudes que devem ser adotadas para serem bons mediadores, bons comunicadores: &#8220;n\u00e3o se colocar como uma esp\u00e9cie de fechamento e de saber tudo diante de situa\u00e7\u00f5es e fatos&#8221;, mas para ser como Maria, &#8220;que tem um cora\u00e7\u00e3o aberto &#8211; aberto \u00e0s surpresas de Deus &#8211; fruto de um desejo sempre vivo de conhecer a verdade, um desejo sempre vivo de plenitude, vida e amor&#8221;. Como segunda atitude &#8220;deixar-se atravessar pelo acontecimento, pela revela\u00e7\u00e3o, atravessar-se primeiro nas entranhas, deixar-se perturbar tamb\u00e9m nas emo\u00e7\u00f5es, nos sentimentos, nos afetos&#8221; e procurar compreender, buscar o sentido da verdade, colocar em jogo a intelig\u00eancia da busca. Por fim obedecer \u00e0 verdade, \u00e0 palavra acontecimento, colocar-se a servi\u00e7o de algo, de um fato, de uma revela\u00e7\u00e3o, para transmiti-la aos outros. Para ser bons mediadores, bons comunicadores, resume o Cardeal Gambetti, voc\u00eas serem como Maria; para viver o Natal na sua plenitude, para contar sobre ele, na vida, em casa, na fam\u00edlia, atrav\u00e9s da m\u00eddia, voc\u00eas precisam &#8220;ser Maria&#8221;.<\/p>\n<p style=\"text-align: justify;\">No final da celebra\u00e7\u00e3o, o cardeal expressou seu apre\u00e7o pelo trabalho do Dicast\u00e9rio para a Comunica\u00e7\u00e3o realizado &#8220;com sabedoria e o correto entusiasmo&#8221; e quis, com sua b\u00ean\u00e7\u00e3o, expressar sua pr\u00f3pria gratid\u00e3o, a da Igreja e do Papa Francisco, pelo que foi feito por todos os funcion\u00e1rios.<\/p>\n<\/div>\n","protected":false},"excerpt":{"rendered":"<p>Na Missa de Natal celebrada na manh\u00e3 desta segunda-feira (20\/12) na Bas\u00edlica Vaticana para os funcion\u00e1rios do Dicast\u00e9rio da Comunica\u00e7\u00e3o, o cardeal Mauro Gambetti agradeceu o trabalho realizado &#8220;com sabedoria e o correto entusiasmo&#8221;. O Vig\u00e1rio Geral do Papa para a Cidade do Vaticano aponta para tudo o modelo de Maria, &#8220;mediadora&#8221; do Mist\u00e9rio divino [&hellip;]<\/p>\n","protected":false},"author":1,"featured_media":72104,"comment_status":"open","ping_status":"closed","sticky":false,"template":"","format":"standard","meta":{"footnotes":""},"categories":[3],"tags":[],"class_list":["post-72103","post","type-post","status-publish","format-standard","has-post-thumbnail","hentry","category-vaticano"],"_links":{"self":[{"href":"https:\/\/catolicanet.net\/wp-cnet\/wp-json\/wp\/v2\/posts\/72103","targetHints":{"allow":["GET"]}}],"collection":[{"href":"https:\/\/catolicanet.net\/wp-cnet\/wp-json\/wp\/v2\/posts"}],"about":[{"href":"https:\/\/catolicanet.net\/wp-cnet\/wp-json\/wp\/v2\/types\/post"}],"author":[{"embeddable":true,"href":"https:\/\/catolicanet.net\/wp-cnet\/wp-json\/wp\/v2\/users\/1"}],"replies":[{"embeddable":true,"href":"https:\/\/catolicanet.net\/wp-cnet\/wp-json\/wp\/v2\/comments?post=72103"}],"version-history":[{"count":1,"href":"https:\/\/catolicanet.net\/wp-cnet\/wp-json\/wp\/v2\/posts\/72103\/revisions"}],"predecessor-version":[{"id":72105,"href":"https:\/\/catolicanet.net\/wp-cnet\/wp-json\/wp\/v2\/posts\/72103\/revisions\/72105"}],"wp:featuredmedia":[{"embeddable":true,"href":"https:\/\/catolicanet.net\/wp-cnet\/wp-json\/wp\/v2\/media\/72104"}],"wp:attachment":[{"href":"https:\/\/catolicanet.net\/wp-cnet\/wp-json\/wp\/v2\/media?parent=72103"}],"wp:term":[{"taxonomy":"category","embeddable":true,"href":"https:\/\/catolicanet.net\/wp-cnet\/wp-json\/wp\/v2\/categories?post=72103"},{"taxonomy":"post_tag","embeddable":true,"href":"https:\/\/catolicanet.net\/wp-cnet\/wp-json\/wp\/v2\/tags?post=72103"}],"curies":[{"name":"wp","href":"https:\/\/api.w.org\/{rel}","templated":true}]}}