{"id":72092,"date":"2021-12-17T17:09:20","date_gmt":"2021-12-17T20:09:20","guid":{"rendered":"https:\/\/catolicanet.net\/wp-cnet\/?p=72092"},"modified":"2021-12-17T17:09:20","modified_gmt":"2021-12-17T20:09:20","slug":"esperanca-ao-sair-das-cinzas","status":"publish","type":"post","link":"https:\/\/catolicanet.net\/wp-cnet\/esperanca-ao-sair-das-cinzas\/","title":{"rendered":"Esperan\u00e7a, ao sair das cinzas"},"content":{"rendered":"<p style=\"text-align: justify;\">Diante da escurid\u00e3o dos cora\u00e7\u00f5es humanos, armados, querendo recha\u00e7ar a luz ou mesmo domin\u00e1-la, que resplande\u00e7a a esperan\u00e7a no Sol da justi\u00e7a, a partir do ap\u00f3stolo Paulo, ao se encontrar com a luz do Senhor, que se apoderou dele no luminoso caminho para Damasco (cf. At 9, 3). Pela f\u00e9, todos os crentes podem perceber em seus cora\u00e7\u00f5es a luz a fluir e emanar de Cristo. Paulo compara essa ilumina\u00e7\u00e3o \u00e0 do primeiro dia da cria\u00e7\u00e3o, mas em Jesus de Nazar\u00e9, filho de Maria e do carpinteiro Jos\u00e9, cogitando, evidentemente, desmanchar a montanha da falta de esperan\u00e7a, do orgulho, do ego\u00edsmo que est\u00e1 dentro de n\u00f3s, contrapondo os dois reinos, o da luz e o das trevas, com suas respectivas armas e a\u00e7\u00f5es, para recomendar sempre a perman\u00eancia da luz genu\u00edna e verdadeira (cf. Rm 13, 11).<\/p>\n<p style=\"text-align: justify;\">A bela imagem de Cristo Salvador, apresentada como o cumprimento das prometidas profecias como luz do Senhor ao mundo, realiza-se na profecia de Isa\u00edas (cf. Mt 4, 16), e tamb\u00e9m em Zacarias, imagem essa anunciada como o Sol que do alto ilumina (cf. Lc 1, 78). S\u00f3 mesmo no amparo de t\u00e3o vis\u00edvel simbologia, de paz, justi\u00e7a e da af\u00e1vel ternura, indo ao interior do cora\u00e7\u00e3o das pessoas, querendo entrar na fr\u00e1gil exist\u00eancia humana. Ele, o Sol nascente, quer que plantemos boas sementes no mundo, aquelas compreendidas em profundidade por Dom Helder C\u00e2mara.<\/p>\n<p style=\"text-align: justify;\">Os olhos dos homens est\u00e3o obscurecidos pelo ego\u00edsmo violento do \u00f3dio, pelo pecado, pelos est\u00edmulos mundanos que os envolvem. Cristo veio para aclarar e acrisolar o horizonte do homem e abrir-lhe o caminho da salva\u00e7\u00e3o, por isso sua a\u00e7\u00e3o \u00e9 um confronto com as trevas que cercam o homem e o mundo (cf. Jo 12, 46). Devemos plantar boas sementes neste Natal de 2021, mas quais sementes? Sementes de paz, amor e compreens\u00e3o, do n\u00e3o ao ego\u00edsmo, de um ambiente leve, com bons e construtivos olhares, e de um cora\u00e7\u00e3o f\u00e9rtil, grande e largo. Numa palavra: sementes de esperan\u00e7a.<\/p>\n<p style=\"text-align: justify;\">S\u00e3o Jo\u00e3o, no seu Evangelho, apresenta Cristo como a luz que ilumina todos os homens (cf. Jo 1, 9). Ele coloca na pr\u00f3pria boca de Cristo as palavras: &#8220;Eu sou a luz do mundo. Quem me segue n\u00e3o andar\u00e1 nas trevas&#8221; (cf. Jo 8, 12). Neste tempo de Advento e Natal, inspirados na profecia do nosso Isa\u00edas, ou Zacarias, brasileiro, Dom Helder C\u00e2mara, que possamos aprender com nossa boa gente da Parquel\u00e2ndia, sem esquecer das crian\u00e7as da Inf\u00e2ncia e Adolesc\u00eancia Mission\u00e1ria e do Projeto Dom Helder, Arte e Miss\u00e3o de nossa Par\u00f3quia de Santo Afonso, &#8220;meninos e adolescentes maluquinhos da Auristela&#8221;, saindo das cinzas neste tempo de pandemia.<\/p>\n<p style=\"text-align: justify;\">Que o bom Deus, que faz arder e brilhar os cora\u00e7\u00f5es da nossa gente, na condi\u00e7\u00e3o de pessoas de f\u00e9 como filhos da luz (cf. Lc 16, 8), nos inspire a olhar para a \u00e1rvore de Natal, indo al\u00e9m do razo\u00e1vel, no desejo de se chegar ao essencial, ao menino pobre da manjedoura, no mesmo questionamento: &#8220;Quais sementes desejo espalhar pela terra? Sementes de paz, amor, compreens\u00e3o e esperan\u00e7a. H\u00e1 tanto desespero, desengano, decep\u00e7\u00e3o, frustra\u00e7\u00e3o e desesperan\u00e7a! Sementes de esperan\u00e7a, sem d\u00favida, chegariam em boa hora&#8221;. Assim seja!<\/p>\n","protected":false},"excerpt":{"rendered":"<p>Diante da escurid\u00e3o dos cora\u00e7\u00f5es humanos, armados, querendo recha\u00e7ar a luz ou mesmo domin\u00e1-la, que resplande\u00e7a a esperan\u00e7a no Sol da justi\u00e7a, a partir do ap\u00f3stolo Paulo, ao se encontrar com a luz do Senhor, que se apoderou dele no luminoso caminho para Damasco (cf. At 9, 3). Pela f\u00e9, todos os crentes podem perceber [&hellip;]<\/p>\n","protected":false},"author":6,"featured_media":55824,"comment_status":"open","ping_status":"closed","sticky":false,"template":"","format":"standard","meta":{"footnotes":""},"categories":[9],"tags":[],"class_list":["post-72092","post","type-post","status-publish","format-standard","has-post-thumbnail","hentry","category-artigos"],"_links":{"self":[{"href":"https:\/\/catolicanet.net\/wp-cnet\/wp-json\/wp\/v2\/posts\/72092","targetHints":{"allow":["GET"]}}],"collection":[{"href":"https:\/\/catolicanet.net\/wp-cnet\/wp-json\/wp\/v2\/posts"}],"about":[{"href":"https:\/\/catolicanet.net\/wp-cnet\/wp-json\/wp\/v2\/types\/post"}],"author":[{"embeddable":true,"href":"https:\/\/catolicanet.net\/wp-cnet\/wp-json\/wp\/v2\/users\/6"}],"replies":[{"embeddable":true,"href":"https:\/\/catolicanet.net\/wp-cnet\/wp-json\/wp\/v2\/comments?post=72092"}],"version-history":[{"count":1,"href":"https:\/\/catolicanet.net\/wp-cnet\/wp-json\/wp\/v2\/posts\/72092\/revisions"}],"predecessor-version":[{"id":72093,"href":"https:\/\/catolicanet.net\/wp-cnet\/wp-json\/wp\/v2\/posts\/72092\/revisions\/72093"}],"wp:featuredmedia":[{"embeddable":true,"href":"https:\/\/catolicanet.net\/wp-cnet\/wp-json\/wp\/v2\/media\/55824"}],"wp:attachment":[{"href":"https:\/\/catolicanet.net\/wp-cnet\/wp-json\/wp\/v2\/media?parent=72092"}],"wp:term":[{"taxonomy":"category","embeddable":true,"href":"https:\/\/catolicanet.net\/wp-cnet\/wp-json\/wp\/v2\/categories?post=72092"},{"taxonomy":"post_tag","embeddable":true,"href":"https:\/\/catolicanet.net\/wp-cnet\/wp-json\/wp\/v2\/tags?post=72092"}],"curies":[{"name":"wp","href":"https:\/\/api.w.org\/{rel}","templated":true}]}}