{"id":72084,"date":"2021-12-18T09:03:34","date_gmt":"2021-12-18T12:03:34","guid":{"rendered":"https:\/\/catolicanet.net\/wp-cnet\/?p=72084"},"modified":"2021-12-17T17:05:20","modified_gmt":"2021-12-17T20:05:20","slug":"quarto-domingo-do-advento-2","status":"publish","type":"post","link":"https:\/\/catolicanet.net\/wp-cnet\/quarto-domingo-do-advento-2\/","title":{"rendered":"QUARTO DOMINGO DO ADVENTO"},"content":{"rendered":"<p style=\"text-align: center;\"><em>\u201cBendita \u00e9s tu entre as mulheres e bendito \u00e9 o fruto do teu ventre!\u201d (cf. Lc 1,42)<\/em><\/p>\n<p style=\"text-align: justify;\">O Quarto Domingo do Advento, continuamos a nossa prepara\u00e7\u00e3o para Segunda Vinda Gloriosa de Jesus Cristo \u2013 cerne deste Tempo \u2013 e rememorar o Nascimento de Jesus Cristo no Dia de Natal. Este \u00faltimo domingo do Tempo do Advento, a Liturgia nos mostra o Filho do Homem nascido de uma mulher que concretizar\u00e1 o projeto de salva\u00e7\u00e3o e liberta\u00e7\u00e3o a todo o povo de Israel. Em que o <em>\u201cbendito fruto do ventre da Virgem Sant\u00edssima\u201d <\/em>iluminar\u00e1 toda a escurid\u00e3o para que sejamos convertidos e salvos para o alcance do C\u00e9u!<\/p>\n<p style=\"text-align: justify;\">O Evangelho de Lucas <em>(Lc 1,39-45),<\/em> relata o encontro de Maria e sua prima Isabel, onde Maria partiu apressadamente a regi\u00e3o montanhosa ap\u00f3s tomar conhecimento da gravides de Isabel. Ora, Isabel ao ouvir a sauda\u00e7\u00e3o de Maria, encheu-se do Esp\u00edrito Santo e a crian\u00e7a pulou de alegria no ventre em sinal de que aquela mulher \u00e9, verdadeiramente, a M\u00e3e de Deus, pois <em>\u201cbendita \u00e9s tu entre as mulheres e bendito \u00e9 o fruto do teu ventre!\u201d (cf. Lc 1,42). <\/em>Aceitar a miss\u00e3o de Deus, sem medo das consequ\u00eancias, sem temer, simplesmente vivenciar a gra\u00e7a se d\u00e1 apenas uma afirma\u00e7\u00e3o: <em>\u201cBem-aventurada aquela que acreditou, porque ser\u00e1 cumprido, o que o Senhor lhe prometeu\u201d (cf. Lc 1,45).<\/em><\/p>\n<p style=\"text-align: justify;\">A Primeira Leitura dada da Profecia de Miqueias <em>(Mq 5,1-4a), <\/em>o profeta afirma a todos os filhos de Israel que o Filho da pequenina cidade de Bel\u00e9m de \u00c9frata trar\u00e1 a Paz a todos os povos, pois: <em>\u201cEle n\u00e3o recuar\u00e1, apascentar\u00e1 com a for\u00e7a do Senhor e com a majestade do nome do Senhor seu Deus; os homens viver\u00e3o em paz, pois ele agora estender\u00e1 o poder at\u00e9 aos confins da terra, e ele mesmo ser\u00e1 a Paz\u201d (cf. Mq 5,3-4)<\/em>.<\/p>\n<p style=\"text-align: justify;\">\u00a0\u00a0\u00a0\u00a0\u00a0\u00a0\u00a0\u00a0 E a Segunda Leitura extra\u00edda da Carta aos Hebreus <em>(Hb 10,5-10),<\/em> reafirma a miss\u00e3o salv\u00edfica de Jesus Cristo, onde ele veio ao mundo para fazer a vontade de Deus, entregando-se como a maior oferenda de salva\u00e7\u00e3o, pois <em>\u201c\u00e9 gra\u00e7as a esta vontade que somos santificados pela oferenda do corpo de Jesus Cristo, realizada uma vez por todas\u201d (cf. Hb 10,10)<\/em>.<\/p>\n<p style=\"text-align: justify;\">Permane\u00e7amos com os cora\u00e7\u00f5es vigilantes pois o GRANDE DIA est\u00e1 pr\u00f3ximo, em que Jesus Cristo retornar\u00e1 na gl\u00f3ria e esplendor, dando-nos a Verdadeira Vida. Assim, suplicamos em nossos cora\u00e7\u00f5es: \u201c<em>Iluminai a vossa face sobre n\u00f3s, convertei-nos para que sejamos salvos!\u201d (Sl 79).<\/em><\/p>\n<p style=\"text-align: justify;\">\n<p style=\"text-align: justify;\"><em>Entre n\u00f3s&#8230; Aleluia! Dentro de n\u00f3s&#8230; Maranatha! <\/em><em>Sauda\u00e7\u00f5es em Cristo!<\/em><\/p>\n","protected":false},"excerpt":{"rendered":"<p>\u201cBendita \u00e9s tu entre as mulheres e bendito \u00e9 o fruto do teu ventre!\u201d (cf. Lc 1,42) O Quarto Domingo do Advento, continuamos a nossa prepara\u00e7\u00e3o para Segunda Vinda Gloriosa de Jesus Cristo \u2013 cerne deste Tempo \u2013 e rememorar o Nascimento de Jesus Cristo no Dia de Natal. Este \u00faltimo domingo do Tempo do [&hellip;]<\/p>\n","protected":false},"author":10,"featured_media":55817,"comment_status":"open","ping_status":"closed","sticky":false,"template":"","format":"standard","meta":{"footnotes":""},"categories":[9],"tags":[],"class_list":["post-72084","post","type-post","status-publish","format-standard","has-post-thumbnail","hentry","category-artigos"],"_links":{"self":[{"href":"https:\/\/catolicanet.net\/wp-cnet\/wp-json\/wp\/v2\/posts\/72084","targetHints":{"allow":["GET"]}}],"collection":[{"href":"https:\/\/catolicanet.net\/wp-cnet\/wp-json\/wp\/v2\/posts"}],"about":[{"href":"https:\/\/catolicanet.net\/wp-cnet\/wp-json\/wp\/v2\/types\/post"}],"author":[{"embeddable":true,"href":"https:\/\/catolicanet.net\/wp-cnet\/wp-json\/wp\/v2\/users\/10"}],"replies":[{"embeddable":true,"href":"https:\/\/catolicanet.net\/wp-cnet\/wp-json\/wp\/v2\/comments?post=72084"}],"version-history":[{"count":1,"href":"https:\/\/catolicanet.net\/wp-cnet\/wp-json\/wp\/v2\/posts\/72084\/revisions"}],"predecessor-version":[{"id":72085,"href":"https:\/\/catolicanet.net\/wp-cnet\/wp-json\/wp\/v2\/posts\/72084\/revisions\/72085"}],"wp:featuredmedia":[{"embeddable":true,"href":"https:\/\/catolicanet.net\/wp-cnet\/wp-json\/wp\/v2\/media\/55817"}],"wp:attachment":[{"href":"https:\/\/catolicanet.net\/wp-cnet\/wp-json\/wp\/v2\/media?parent=72084"}],"wp:term":[{"taxonomy":"category","embeddable":true,"href":"https:\/\/catolicanet.net\/wp-cnet\/wp-json\/wp\/v2\/categories?post=72084"},{"taxonomy":"post_tag","embeddable":true,"href":"https:\/\/catolicanet.net\/wp-cnet\/wp-json\/wp\/v2\/tags?post=72084"}],"curies":[{"name":"wp","href":"https:\/\/api.w.org\/{rel}","templated":true}]}}