{"id":72065,"date":"2021-12-17T09:22:26","date_gmt":"2021-12-17T12:22:26","guid":{"rendered":"https:\/\/catolicanet.net\/wp-cnet\/?p=72065"},"modified":"2021-12-17T16:43:15","modified_gmt":"2021-12-17T19:43:15","slug":"brasil-bispos-exigem-comprovante-de-vacina-para-participar-das-missas","status":"publish","type":"post","link":"https:\/\/catolicanet.net\/wp-cnet\/brasil-bispos-exigem-comprovante-de-vacina-para-participar-das-missas\/","title":{"rendered":"Brasil: bispos exigem comprovante de vacina para participar das Missas"},"content":{"rendered":"<h2 class=\"subtitle\" style=\"text-align: justify;\">Os bispos baseiam suas decis\u00f5es em um decreto publicado pelo governo do Estado do Par\u00e1<\/h2>\n<p style=\"text-align: justify;\">Alguns bispos do estado do Par\u00e1 passaram a exigir o comprovante da vacina contra a Covid-19 para quem deseja assistir \u00e0s Missas.<\/p>\n<p style=\"text-align: justify;\">\u00c9 o caso, por exemplo, do arcebispo de Santar\u00e9m, dom Irineu Roman. Segundo\u00a0<a href=\"http:\/\/www.arquidiocesedesantarem.org.br\/arquivos\/nova-atualizacao-do-protocolo-da-arquidiocese-dez2021-1-1_13-12-2021_17-35-12.pdf\" target=\"_blank\" rel=\"noopener\">decreto da arquidiocese<\/a>, que passou a valer no dia 13 de dezembro de 2021, a apresenta\u00e7\u00e3o do comprovante de vacina \u00e9 obrigat\u00f3ria \u201cpara a participa\u00e7\u00e3o presencial nas celebra\u00e7\u00f5es lit\u00fargicas, independentemente da quantidade de pessoas\u201d.<\/p>\n<p style=\"text-align: justify;\">Ainda de acordo com a medida, quem n\u00e3o estiver vacinado s\u00f3 pode participar das celebra\u00e7\u00f5es \u201cmediante a comprova\u00e7\u00e3o, por atestado m\u00e9dico, da impossibilidade de administra\u00e7\u00e3o de quaisquer das vacinas dispensadas pelo Sistema \u00danico de Sa\u00fade\u201d.<\/p>\n<p style=\"text-align: justify;\">No in\u00edcio do m\u00eas, outro bispo do estado j\u00e1 havia decretado a obrigatoriedade do comprovante de vacina\u00e7\u00e3o para participar das celebra\u00e7\u00f5es. Trata-se de dom Bernardo Johannes Bahlmann, bispo de \u00d3bidos, tamb\u00e9m no Par\u00e1.<\/p>\n<div class=\"wp-block-aleteia-heading3\" style=\"text-align: justify;\">\n<h3>Decreto estadual<\/h3>\n<\/div>\n<p style=\"text-align: justify;\">Os bispos baseiam suas decis\u00f5es em um decreto publicado pelo governo do Estado do Par\u00e1. O documento cont\u00e9m uma s\u00e9rie de exig\u00eancias, visando ampliar a cobertura vacinal entre a popula\u00e7\u00e3o.<\/p>\n<p style=\"text-align: justify;\">Segundo o governo, o comprovante de vacina passa a ser obrigat\u00f3rio em: shows, casas noturnas e boates; cinemas, teatros, clubes, bares e afins; academia de gin\u00e1stica; cultos religiosos; todos os equipamentos tur\u00edsticos do Estado; eventos esportivos, amadores e profissionais; assim como em reuni\u00f5es, eventos e festas, realizadas em espa\u00e7os p\u00fablicos ou privados. A presen\u00e7a de pessoas n\u00e3o vacinadas s\u00f3 ser\u00e1 poss\u00edvel desde que seja comprovado, por atestado m\u00e9dico, a impossibilidade de administra\u00e7\u00e3o de quaisquer das vacinas dispensadas.<\/p>\n<p style=\"text-align: justify;\">Um decreto da prefeitura de Santar\u00e9m tamb\u00e9m cont\u00e9m medidas semelhantes ao decreto estadual e prev\u00ea a obrigatoriedade de apresenta\u00e7\u00e3o do comprovante de vacina nos estabelecimentos que realizam \u201ccultos, missas e celebra\u00e7\u00f5es de qualquer credo ou religi\u00e3o\u201d.<\/p>\n<p style=\"text-align: justify;\">A\u00a0Arquidiocese de Bel\u00e9m, capital do Par\u00e1, informou que a Igreja n\u00e3o tem poder fiscalizador, mas segue todos as medidas de conten\u00e7\u00e3o do coronav\u00edrus.<\/p>\n<div class=\"wp-block-aleteia-heading3\" style=\"text-align: justify;\">\n<h3>No Vaticano<\/h3>\n<\/div>\n<p style=\"text-align: justify;\">Desde o dia 1.\u00b0 de outubro de 2021, \u00e9 preciso apresentar o\u00a0<em>green pass<\/em>, ou seja, o comprovante de vacina contra a Covid-19, para entrar no Vaticano e circular no pa\u00eds. Mas o documento n\u00e3o \u00e9 exigido para quem for participar de celebra\u00e7\u00f5es dentro das igrejas, desde que tomadas todas as medidas de preven\u00e7\u00e3o ao v\u00edrus e que a perman\u00eancia seja restrito ao tempo da celebra\u00e7\u00e3o.<\/p>\n","protected":false},"excerpt":{"rendered":"<p>Os bispos baseiam suas decis\u00f5es em um decreto publicado pelo governo do Estado do Par\u00e1 Alguns bispos do estado do Par\u00e1 passaram a exigir o comprovante da vacina contra a Covid-19 para quem deseja assistir \u00e0s Missas. \u00c9 o caso, por exemplo, do arcebispo de Santar\u00e9m, dom Irineu Roman. Segundo\u00a0decreto da arquidiocese, que passou a [&hellip;]<\/p>\n","protected":false},"author":1,"featured_media":72066,"comment_status":"open","ping_status":"closed","sticky":false,"template":"","format":"standard","meta":{"footnotes":""},"categories":[4],"tags":[],"class_list":["post-72065","post","type-post","status-publish","format-standard","has-post-thumbnail","hentry","category-cotidiano"],"_links":{"self":[{"href":"https:\/\/catolicanet.net\/wp-cnet\/wp-json\/wp\/v2\/posts\/72065","targetHints":{"allow":["GET"]}}],"collection":[{"href":"https:\/\/catolicanet.net\/wp-cnet\/wp-json\/wp\/v2\/posts"}],"about":[{"href":"https:\/\/catolicanet.net\/wp-cnet\/wp-json\/wp\/v2\/types\/post"}],"author":[{"embeddable":true,"href":"https:\/\/catolicanet.net\/wp-cnet\/wp-json\/wp\/v2\/users\/1"}],"replies":[{"embeddable":true,"href":"https:\/\/catolicanet.net\/wp-cnet\/wp-json\/wp\/v2\/comments?post=72065"}],"version-history":[{"count":1,"href":"https:\/\/catolicanet.net\/wp-cnet\/wp-json\/wp\/v2\/posts\/72065\/revisions"}],"predecessor-version":[{"id":72067,"href":"https:\/\/catolicanet.net\/wp-cnet\/wp-json\/wp\/v2\/posts\/72065\/revisions\/72067"}],"wp:featuredmedia":[{"embeddable":true,"href":"https:\/\/catolicanet.net\/wp-cnet\/wp-json\/wp\/v2\/media\/72066"}],"wp:attachment":[{"href":"https:\/\/catolicanet.net\/wp-cnet\/wp-json\/wp\/v2\/media?parent=72065"}],"wp:term":[{"taxonomy":"category","embeddable":true,"href":"https:\/\/catolicanet.net\/wp-cnet\/wp-json\/wp\/v2\/categories?post=72065"},{"taxonomy":"post_tag","embeddable":true,"href":"https:\/\/catolicanet.net\/wp-cnet\/wp-json\/wp\/v2\/tags?post=72065"}],"curies":[{"name":"wp","href":"https:\/\/api.w.org\/{rel}","templated":true}]}}