{"id":72053,"date":"2021-12-17T09:18:30","date_gmt":"2021-12-17T12:18:30","guid":{"rendered":"https:\/\/catolicanet.net\/wp-cnet\/?p=72053"},"modified":"2021-12-17T16:31:44","modified_gmt":"2021-12-17T19:31:44","slug":"conferencia-dos-religiosos-do-brasil-crb-promove-natal-solidario-compromisso-concreto-mesmo-pequeno","status":"publish","type":"post","link":"https:\/\/catolicanet.net\/wp-cnet\/conferencia-dos-religiosos-do-brasil-crb-promove-natal-solidario-compromisso-concreto-mesmo-pequeno\/","title":{"rendered":"CONFER\u00caNCIA DOS RELIGIOSOS DO BRASIL (CRB) PROMOVE NATAL SOLID\u00c1RIO; \u201cCOMPROMISSO CONCRETO, MESMO PEQUENO\u201d"},"content":{"rendered":"<p style=\"text-align: justify;\">Preparando a pr\u00f3xima Assembleia Geral Eletiva, a Confer\u00eancia dos Religiosos do Brasil (CRB) celebra tamb\u00e9m o Natal do Senhor Jesus, centro de sua vida e miss\u00e3o.<\/p>\n<p style=\"text-align: justify;\">A diretoria e os assessores pensaram primeiro nos pequenos, lembrando um menino que nasceu pobre na periferia de Bel\u00e9m.\u00a0 Revivendo esta experi\u00eancia de Jesus, fizeram com a reflex\u00e3o, o gesto concreto de solidariedade, montando alguns enxovais para os beb\u00eas que nascem nos assentamentos, na periferia de Bras\u00edlia (DF).<\/p>\n<p style=\"text-align: justify;\"><img loading=\"lazy\" decoding=\"async\" class=\"size-medium wp-image-860964 alignright lazyloaded\" src=\"https:\/\/eadn-wc02-718006.nxedge.io\/cdn\/wp-content\/uploads\/2021\/12\/BAZAR2-300x225.jpg\" sizes=\"auto, (max-width: 300px) 100vw, 300px\" srcset=\"https:\/\/eadn-wc02-718006.nxedge.io\/cdn\/wp-content\/uploads\/2021\/12\/BAZAR2-300x225.jpg 300w, https:\/\/eadn-wc02-718006.nxedge.io\/cdn\/wp-content\/uploads\/2021\/12\/BAZAR2-1024x768.jpg 1024w, https:\/\/eadn-wc02-718006.nxedge.io\/cdn\/wp-content\/uploads\/2021\/12\/BAZAR2-768x576.jpg 768w, https:\/\/eadn-wc02-718006.nxedge.io\/cdn\/wp-content\/uploads\/2021\/12\/BAZAR2-500x375.jpg 500w, https:\/\/eadn-wc02-718006.nxedge.io\/cdn\/wp-content\/uploads\/2021\/12\/BAZAR2-800x600.jpg 800w, https:\/\/eadn-wc02-718006.nxedge.io\/cdn\/wp-content\/uploads\/2021\/12\/BAZAR2.jpg 1280w\" alt=\"\" width=\"300\" height=\"225\" data-srcset=\"https:\/\/eadn-wc02-718006.nxedge.io\/cdn\/wp-content\/uploads\/2021\/12\/BAZAR2-300x225.jpg 300w, https:\/\/eadn-wc02-718006.nxedge.io\/cdn\/wp-content\/uploads\/2021\/12\/BAZAR2-1024x768.jpg 1024w, https:\/\/eadn-wc02-718006.nxedge.io\/cdn\/wp-content\/uploads\/2021\/12\/BAZAR2-768x576.jpg 768w, https:\/\/eadn-wc02-718006.nxedge.io\/cdn\/wp-content\/uploads\/2021\/12\/BAZAR2-500x375.jpg 500w, https:\/\/eadn-wc02-718006.nxedge.io\/cdn\/wp-content\/uploads\/2021\/12\/BAZAR2-800x600.jpg 800w, https:\/\/eadn-wc02-718006.nxedge.io\/cdn\/wp-content\/uploads\/2021\/12\/BAZAR2.jpg 1280w\" data-src=\"https:\/\/eadn-wc02-718006.nxedge.io\/cdn\/wp-content\/uploads\/2021\/12\/BAZAR2-300x225.jpg\" data-sizes=\"(max-width: 300px) 100vw, 300px\" \/><\/p>\n<p style=\"text-align: justify;\">Depois, tamb\u00e9m os grandes, desempregados, descartados, exclu\u00eddos, \u201cinvis\u00edveis\u201d,\u00a0 foram lembrados, com um bazar solid\u00e1rio em um dos assentamentos com milhares de pessoas, 850 fam\u00edlias,\u00a0 como sugeriu o Papa Francisco, no \u00faltimo dia 12 de dezembro: fazer um pequeno gesto, um \u201ccompromisso concreto, mesmo pequeno\u201d.<\/p>\n<p style=\"text-align: justify;\">Na ocasi\u00e3o, o Papa sugeriu que cada um se preparasse da melhor maneira poss\u00edvel para o nascimento do Salvador: um telefonema para uma pessoa solit\u00e1ria; uma visita a um idoso ou doente; uma ora\u00e7\u00e3o; pedir ou perdoar algu\u00e9m; pagar uma d\u00edvida; ajudar uma pessoa pobre.<\/p>\n<p>&nbsp;<\/p>\n<blockquote><p><strong>\u201cAssim \u00e9 poss\u00edvel e coerente desejar a todos e todas um \u201cFELIZ NATAL\u201d!, expressou a CRB.<\/strong><\/p><\/blockquote>\n<p style=\"text-align: justify;\">A presidente da CRB, irm\u00e3 Maria In\u00eas Ribeiro e a equipe da CRB, tamb\u00e9m gravaram um v\u00eddeo com uma mensagem de natal. Confira:<\/p>\n<div class=\"ast-oembed-container\">\n<div>\n<div>\n<p><iframe loading=\"lazy\" title=\"Mensagem de Natal da Equipe e Presidente da CRB Nacional\" width=\"696\" height=\"392\" src=\"https:\/\/www.youtube.com\/embed\/HMixIUv0INU?feature=oembed\" frameborder=\"0\" allow=\"accelerometer; autoplay; clipboard-write; encrypted-media; gyroscope; picture-in-picture\" allowfullscreen><\/iframe><\/p>\n<\/div>\n<\/div>\n<\/div>\n<p>&nbsp;<\/p>\n<pre>Com informa\u00e7\u00f5es da <a href=\"https:\/\/crbnacional.org.br\/\" target=\"_blank\" rel=\"noopener\">CRB Nacional<\/a><\/pre>\n","protected":false},"excerpt":{"rendered":"<p>Preparando a pr\u00f3xima Assembleia Geral Eletiva, a Confer\u00eancia dos Religiosos do Brasil (CRB) celebra tamb\u00e9m o Natal do Senhor Jesus, centro de sua vida e miss\u00e3o. A diretoria e os assessores pensaram primeiro nos pequenos, lembrando um menino que nasceu pobre na periferia de Bel\u00e9m.\u00a0 Revivendo esta experi\u00eancia de Jesus, fizeram com a reflex\u00e3o, o [&hellip;]<\/p>\n","protected":false},"author":1,"featured_media":72054,"comment_status":"open","ping_status":"closed","sticky":false,"template":"","format":"standard","meta":{"footnotes":""},"categories":[7],"tags":[],"class_list":["post-72053","post","type-post","status-publish","format-standard","has-post-thumbnail","hentry","category-cnbb"],"_links":{"self":[{"href":"https:\/\/catolicanet.net\/wp-cnet\/wp-json\/wp\/v2\/posts\/72053","targetHints":{"allow":["GET"]}}],"collection":[{"href":"https:\/\/catolicanet.net\/wp-cnet\/wp-json\/wp\/v2\/posts"}],"about":[{"href":"https:\/\/catolicanet.net\/wp-cnet\/wp-json\/wp\/v2\/types\/post"}],"author":[{"embeddable":true,"href":"https:\/\/catolicanet.net\/wp-cnet\/wp-json\/wp\/v2\/users\/1"}],"replies":[{"embeddable":true,"href":"https:\/\/catolicanet.net\/wp-cnet\/wp-json\/wp\/v2\/comments?post=72053"}],"version-history":[{"count":1,"href":"https:\/\/catolicanet.net\/wp-cnet\/wp-json\/wp\/v2\/posts\/72053\/revisions"}],"predecessor-version":[{"id":72055,"href":"https:\/\/catolicanet.net\/wp-cnet\/wp-json\/wp\/v2\/posts\/72053\/revisions\/72055"}],"wp:featuredmedia":[{"embeddable":true,"href":"https:\/\/catolicanet.net\/wp-cnet\/wp-json\/wp\/v2\/media\/72054"}],"wp:attachment":[{"href":"https:\/\/catolicanet.net\/wp-cnet\/wp-json\/wp\/v2\/media?parent=72053"}],"wp:term":[{"taxonomy":"category","embeddable":true,"href":"https:\/\/catolicanet.net\/wp-cnet\/wp-json\/wp\/v2\/categories?post=72053"},{"taxonomy":"post_tag","embeddable":true,"href":"https:\/\/catolicanet.net\/wp-cnet\/wp-json\/wp\/v2\/tags?post=72053"}],"curies":[{"name":"wp","href":"https:\/\/api.w.org\/{rel}","templated":true}]}}