{"id":72047,"date":"2021-12-17T09:15:12","date_gmt":"2021-12-17T12:15:12","guid":{"rendered":"https:\/\/catolicanet.net\/wp-cnet\/?p=72047"},"modified":"2021-12-17T16:26:53","modified_gmt":"2021-12-17T19:26:53","slug":"cantalamessa-jesus-deve-nascer-agora-espiritualmente-da-igreja-e-de-cada-fiel","status":"publish","type":"post","link":"https:\/\/catolicanet.net\/wp-cnet\/cantalamessa-jesus-deve-nascer-agora-espiritualmente-da-igreja-e-de-cada-fiel\/","title":{"rendered":"Cantalamessa: Jesus deve nascer agora espiritualmente da Igreja e de cada fiel"},"content":{"rendered":"<p>O cardeal Raniero Cantalamessa numa prega\u00e7\u00e3o do Advento (Vatican Media)<\/p>\n<div class=\"article__subTitle\" style=\"text-align: justify;\">O pregador da Casa Pontif\u00edcia fez na manh\u00e3 desta sexta-feira (17\/12) na Sala Paulo VI, no Vaticano, \u00e0 C\u00faria Romana na presen\u00e7a do Papa Francisco, a terceira prega\u00e7\u00e3o do Advento, centralizada no tema &#8220;Nascido de uma mulher&#8221;. \u201cJesus, que nasceu uma vez f\u00edsica e corporalmente de Maria, deve nascer agora espiritualmente da Igreja e de cada fiel\u201d, disse o cardeal Raniero Cantalamessa, exortando-nos a trazer de volta a ess\u00eancia do Natal<\/div>\n<div class=\"title__separator\" style=\"text-align: justify;\"><\/div>\n<div class=\"article__text \">\n<p style=\"text-align: justify;\"><b>Raimundo de Lima &#8211; Vatican News<\/b><\/p>\n<div style=\"text-align: justify;\">\n<div class=\"article__embed article__embed--unwrap article__embed--dark\">\n<div class=\"article__innerTitle\">Ou\u00e7a a reportagem e compartilhe!<\/div>\n<div>\n<audio class=\"wp-audio-shortcode\" id=\"audio-72047-1\" preload=\"none\" style=\"width: 100%;\" controls=\"controls\"><source type=\"audio\/mpeg\" src=\"https:\/\/media.vaticannews.va\/media\/audio\/s1\/2021\/12\/17\/15\/136362795_F136362795.mp3?_=1\" \/><a href=\"https:\/\/media.vaticannews.va\/media\/audio\/s1\/2021\/12\/17\/15\/136362795_F136362795.mp3\">https:\/\/media.vaticannews.va\/media\/audio\/s1\/2021\/12\/17\/15\/136362795_F136362795.mp3<\/a><\/audio>\n<\/div>\n<\/div>\n<\/div>\n<p style=\"text-align: justify;\">\u201cQuando se completou o tempo previsto, Deus enviou o seu Filho, nascido de uma mulher\u201d. \u00c9 sobre o significado e a import\u00e2ncia destas \u00faltimas palavras \u2013 \u201cnascido de uma mulher\u201d \u2013 que queremos refletir nesta \u00faltima medita\u00e7\u00e3o, tamb\u00e9m pela sua pertin\u00eancia com a solenidade do Natal que estamos prestes a celebrar.<\/p>\n<p style=\"text-align: justify;\">Com estas palavras, o pregador da Casa Pontif\u00edcia, o frade capuchinho cardeal Raniero Cantalamessa, introduziu, na manh\u00e3 desta sexta-feira (17\/12), na Sala Paulo VI, no Vaticano, sua terceira e \u00faltima medita\u00e7\u00e3o deste tempo do Advento, intitulada \u201cNascido de uma mulher\u201d, feita \u00e0 C\u00faria Romana com a presen\u00e7a do Santo Padre.<\/p>\n<p style=\"text-align: justify;\">Na B\u00edblia, a express\u00e3o \u201cnascido de uma mulher\u201d indica a perten\u00e7a \u00e0 condi\u00e7\u00e3o humana feita de fraqueza e mortalidade. Basta tentar tirar estas palavras do texto para nos darmos conta de sua import\u00e2ncia. O que seria o Cristo sem elas? \u2013 perguntou o religioso franciscano. Uma apari\u00e7\u00e3o celeste, desencarnada. Tamb\u00e9m o anjo Gabriel \u201cfoi enviado\u201d por Deus, mas para depois retornar ao c\u00e9u como tinha descido dele. A mulher, Maria, \u00e9 aquela que \u201cancorou\u201d para sempre o Filho de Deus na humanidade e na hist\u00f3ria.<\/p>\n<p style=\"text-align: justify;\">O pregador da Casa Pontif\u00edcia observou que S\u00e3o Le\u00e3o Magno colocar\u00e1 a express\u00e3o paulina \u201cnascido de uma mulher\u201d no cora\u00e7\u00e3o do dogma cristol\u00f3gico, escrevendo no Tomo a Flaviano que Cristo \u00e9 \u201chomem pelo fato de que \u2018nasceu de mulher e nasceu sob a lei\u2019&#8230; O nascimento na carne \u00e9 clara prova da sua natureza humana\u201d.<\/p>\n<p style=\"text-align: justify;\">\u201cMulher\u201d \u00e9 o termo com o qual Jesus se dirige a sua m\u00e3e em Can\u00e1 e sob a cruz. \u00c9 dif\u00edcil, para n\u00e3o dizer imposs\u00edvel, n\u00e3o ver um elo, no pensamento de Jo\u00e3o, entre as duas mulheres: \u00a0a mulher simb\u00f3lica que \u00e9 a Igreja e a mulher real que \u00e9 Maria. Tal elo \u00e9 colocado na Lumen gentium do Vaticano II que, justamente por isso, trata de Maria dentro da constitui\u00e7\u00e3o sobre a Igreja, continuou o cardeal Cantalamessa.<\/p>\n<h2 style=\"text-align: justify;\">Cristo deve nascer da Igreja<\/h2>\n<p style=\"text-align: justify;\">A este ponto de sua reflex\u00e3o, o pregador ressaltou que \u201cJesus, que nasceu uma vez f\u00edsica e corporalmente de Maria, deve nascer agora espiritualmente da Igreja e de cada fiel\u201d. O cardeal Cantalamessa observou que se no \u201csentido mais pleno\u201d (o chamado sensus plenior), a mulher na Escritura indica a Igreja, ent\u00e3o a afirma\u00e7\u00e3o de que Jesus nasceu de uma mulher implica que ele deve nascer hoje da Igreja!<\/p>\n<p style=\"text-align: justify;\">Continuando esta sua terceira medita\u00e7\u00e3o do tempo do Advento, Cantalamessa destacou a exist\u00eancia de um \u00edcone muito difundido entre os crist\u00e3os ortodoxos, que \u00e9 chamado de Panhagia, isto \u00e9, a Toda Santa. Nele, vemos Maria de p\u00e9, em estatura completa.<\/p>\n<p style=\"text-align: justify;\">Em seu peito, como que irrompendo de dentro, sobressai o menino Jesus, que tem a majestade de um adulto. O olhar do devoto \u00e9 atra\u00eddo pelo menino, antes mesmo que pela m\u00e3e. Ela, por sua vez, est\u00e1 com os bra\u00e7os erguidos, quase convidando a olhar para ele e dar-lhe espa\u00e7o.<\/p>\n<p style=\"text-align: justify;\">\u201cAssim deveria ser a Igreja\u201d \u2013 disse o pregador: \u201cQuem a olha n\u00e3o deveria se deter nela, mas ver Jesus. \u00c9 a luta contra a autorreferencialidade da Igreja, sobre a qual frequentemente t\u00eam insistido os dois \u00faltimos Sumos Pont\u00edfices, Bento XVI e o Papa Francisco\u201d.<\/p>\n<h2 style=\"text-align: justify;\">Cristo deve nascer da alma<\/h2>\n<p style=\"text-align: justify;\">Na \u00faltima parte de sua medita\u00e7\u00e3o, o pregador da Casa Pontif\u00edcia refletiu sobre o que nos diz respeito mais de perto: o nascimento de Cristo por parte da alma fiel. \u201cCristo \u2013 escreve S\u00e3o M\u00e1ximo Confessor \u2013 nasce sempre, como quer, misteriosamente, encarnando-se atrav\u00e9s daqueles a quem salva: ele faz da alma gr\u00e1vida uma m\u00e3e virgem.\u201d<\/p>\n<p style=\"text-align: justify;\">Como tornar-se m\u00e3e de Cristo, explica-nos Jesus no Evangelho: escutando, diz ele, a Palavra e pondo-a em pr\u00e1tica (cf. Lc 8,21). \u00c9 importante notar que h\u00e1 duas opera\u00e7\u00f5es para se fazer. Tamb\u00e9m Maria se tornou m\u00e3e de Cristo atrav\u00e9s de dois momentos: primeiro, concebendo-o, depois, dando-o \u00e0 luz.<\/p>\n<p style=\"text-align: justify;\">A prop\u00f3sito de como podemos tamb\u00e9m n\u00f3s o conceber e dar \u00e0 luz, o frade capuchinho trouxe uma palavra de S\u00e3o Francisco de Assis, que \u2013 ressaltou ele &#8211; bem resume o que queria evidenciar:<\/p>\n<p style=\"text-align: justify;\">\u201cSomos m\u00e3es de Cristo \u2013 afirma \u2013 quando o levamos em nosso cora\u00e7\u00e3o e em nosso corpo, pelo amor divino e a consci\u00eancia pura e sincera; e o damos \u00e0 luz pela santa opera\u00e7\u00e3o, que deve iluminar os outros com o exemplo.\u201d<\/p>\n<p style=\"text-align: justify;\">N\u00f3s, ele quer dizer \u2013 explicou Cantalamessa -, concebemos Cristo quando o amamos em sinceridade de cora\u00e7\u00e3o e com retid\u00e3o de consci\u00eancia, e o damos \u00e0 luz quando fazemos obras santas que o manifestam ao mundo e d\u00e3o gl\u00f3ria ao Pai que est\u00e1 nos c\u00e9us (cf. Mt 5,16).<\/p>\n<h2 style=\"text-align: justify;\">Trazer de volta a ess\u00eancia do Natal<\/h2>\n<p style=\"text-align: justify;\">O pregador da Casa Pontif\u00edcia concluiu voltando seu pensamento a Maria, fazendo-nos uma premente exorta\u00e7\u00e3o a trazer de volta a ess\u00eancia do Natal:<\/p>\n<p style=\"text-align: justify;\">\u201cVamos imit\u00e1-la reservando para n\u00f3s alguns momentos de verdadeiro recolhimento para fazer nascer Jesus em nossos cora\u00e7\u00f5es. A melhor resposta \u00e0 tentativa da cultura secularizada de eliminar o Natal da sociedade \u00e9 internaliz\u00e1-lo e traz\u00ea-lo de volta \u00e0 sua ess\u00eancia.\u201d<\/p>\n<\/div>\n","protected":false},"excerpt":{"rendered":"<p>O cardeal Raniero Cantalamessa numa prega\u00e7\u00e3o do Advento (Vatican Media) O pregador da Casa Pontif\u00edcia fez na manh\u00e3 desta sexta-feira (17\/12) na Sala Paulo VI, no Vaticano, \u00e0 C\u00faria Romana na presen\u00e7a do Papa Francisco, a terceira prega\u00e7\u00e3o do Advento, centralizada no tema &#8220;Nascido de uma mulher&#8221;. \u201cJesus, que nasceu uma vez f\u00edsica e corporalmente [&hellip;]<\/p>\n","protected":false},"author":1,"featured_media":72048,"comment_status":"open","ping_status":"closed","sticky":false,"template":"","format":"standard","meta":{"footnotes":""},"categories":[3],"tags":[],"class_list":["post-72047","post","type-post","status-publish","format-standard","has-post-thumbnail","hentry","category-vaticano"],"_links":{"self":[{"href":"https:\/\/catolicanet.net\/wp-cnet\/wp-json\/wp\/v2\/posts\/72047","targetHints":{"allow":["GET"]}}],"collection":[{"href":"https:\/\/catolicanet.net\/wp-cnet\/wp-json\/wp\/v2\/posts"}],"about":[{"href":"https:\/\/catolicanet.net\/wp-cnet\/wp-json\/wp\/v2\/types\/post"}],"author":[{"embeddable":true,"href":"https:\/\/catolicanet.net\/wp-cnet\/wp-json\/wp\/v2\/users\/1"}],"replies":[{"embeddable":true,"href":"https:\/\/catolicanet.net\/wp-cnet\/wp-json\/wp\/v2\/comments?post=72047"}],"version-history":[{"count":1,"href":"https:\/\/catolicanet.net\/wp-cnet\/wp-json\/wp\/v2\/posts\/72047\/revisions"}],"predecessor-version":[{"id":72049,"href":"https:\/\/catolicanet.net\/wp-cnet\/wp-json\/wp\/v2\/posts\/72047\/revisions\/72049"}],"wp:featuredmedia":[{"embeddable":true,"href":"https:\/\/catolicanet.net\/wp-cnet\/wp-json\/wp\/v2\/media\/72048"}],"wp:attachment":[{"href":"https:\/\/catolicanet.net\/wp-cnet\/wp-json\/wp\/v2\/media?parent=72047"}],"wp:term":[{"taxonomy":"category","embeddable":true,"href":"https:\/\/catolicanet.net\/wp-cnet\/wp-json\/wp\/v2\/categories?post=72047"},{"taxonomy":"post_tag","embeddable":true,"href":"https:\/\/catolicanet.net\/wp-cnet\/wp-json\/wp\/v2\/tags?post=72047"}],"curies":[{"name":"wp","href":"https:\/\/api.w.org\/{rel}","templated":true}]}}