{"id":72038,"date":"2021-12-17T09:12:25","date_gmt":"2021-12-17T12:12:25","guid":{"rendered":"https:\/\/catolicanet.net\/wp-cnet\/?p=72038"},"modified":"2021-12-17T16:19:52","modified_gmt":"2021-12-17T19:19:52","slug":"papa-aos-embaixadores-acesso-rapido-as-vacinas-e-questao-de-justica","status":"publish","type":"post","link":"https:\/\/catolicanet.net\/wp-cnet\/papa-aos-embaixadores-acesso-rapido-as-vacinas-e-questao-de-justica\/","title":{"rendered":"Papa aos embaixadores: acesso r\u00e1pido \u00e0s vacinas. &#8220;\u00c9 quest\u00e3o de justi\u00e7a&#8221;"},"content":{"rendered":"<div class=\"article__subTitle\" style=\"text-align: justify;\">Embaixadores de sete pa\u00edses apresentaram ao Papa Francisco na manh\u00e3 desta sexta-feira (17\/12) suas credenciais. Entre eles, um lus\u00f3fono: Carlos Edmilson Marques Vieira, novo embaixador da Guin\u00e9-Bissau junto \u00e0 Santa S\u00e9.<\/div>\n<div class=\"title__separator\" style=\"text-align: justify;\"><\/div>\n<div class=\"article__text \">\n<p style=\"text-align: justify;\"><b>Vatican News<\/b><\/p>\n<p style=\"text-align: justify;\">Mold\u00e1via, Quirguist\u00e3o, Nam\u00edbia, Lesoto, Luxemburgo, Chade e Guin\u00e9-Bissau:\u00a0aos novos embaixadores deste grupo heterog\u00eaneo de pa\u00edses, o Papa Francisco fez o seu discurso por ocasi\u00e3o da apresenta\u00e7\u00e3o de suas credenciais.<\/p>\n<p style=\"text-align: justify;\">O Pont\u00edfice recordou que o \u00faltimo encontro do g\u00eanero foi realizado mais de um ano atr\u00e1s, quando o mundo vivia ainda a fase mais cr\u00edtica da pandemia. Agora, com as vacinas j\u00e1 \u00e0 disposi\u00e7\u00e3o, o Papa fez votos de que a comunidade internacional intensifique os esfor\u00e7os de coopera\u00e7\u00e3o para que todas as pessoas tenham acesso r\u00e1pido aos imunizantes.\u00a0<b>\u201cN\u00e3o \u00e9 uma quest\u00e3o de conveni\u00eancia ou de cortesia. \u00c9 uma quest\u00e3o de justi\u00e7a.\u201d<\/b><\/p>\n<div style=\"text-align: justify;\">\n<div class=\"article__embed article__embed--unwrap article__embed--dark\">\n<div class=\"article__innerTitle\">Ou\u00e7a e compartilhe<\/div>\n<div>\n<!--[if lt IE 9]><script>document.createElement('audio');<\/script><![endif]-->\n<audio class=\"wp-audio-shortcode\" id=\"audio-72038-1\" preload=\"none\" style=\"width: 100%;\" controls=\"controls\"><source type=\"audio\/mpeg\" src=\"https:\/\/media.vaticannews.va\/media\/audio\/s1\/2021\/12\/17\/11\/136362065_F136362065.mp3?_=1\" \/><a href=\"https:\/\/media.vaticannews.va\/media\/audio\/s1\/2021\/12\/17\/11\/136362065_F136362065.mp3\">https:\/\/media.vaticannews.va\/media\/audio\/s1\/2021\/12\/17\/11\/136362065_F136362065.mp3<\/a><\/audio>\n<\/div>\n<\/div>\n<\/div>\n<p style=\"text-align: justify;\">A pandemia, acrescentou, nos recorda mais uma vez que somos uma comunidade global onde os problemas de uma pessoa s\u00e3o os problemas de todos, \u201ccada um de n\u00f3s \u00e9 respons\u00e1vel pelos pr\u00f3prios irm\u00e3os e irm\u00e3s, ningu\u00e9m exclu\u00eddo\u201d.<\/p>\n<div style=\"text-align: justify;\">\n<div class=\"article__embed article__embed--border embed_style\">\n<blockquote><p>\u201cEsta \u00e9 uma verdade que deveria nos impulsionar a enfrentar n\u00e3o somente a atual crise sanit\u00e1ria, mas todos os problemas que afligem a humanidade e a nossa casa comum \u2013 pobreza, migra\u00e7\u00e3o, terrorismo, mudan\u00e7as clim\u00e1ticas, para citar alguns \u2013 e isto faz\u00ea-lo de maneira solid\u00e1ria e n\u00e3o isolada.\u201d<\/p><\/blockquote>\n<\/div>\n<\/div>\n<p style=\"text-align: justify;\">A pandemia, afirmou ainda, tirou o melhor da humanidade em termos de generosidade e sacrif\u00edcio, mas muito ainda deve ser feito nos \u00e2mbitos institucional e intergovernamental.<\/p>\n<p style=\"text-align: justify;\">Sobre a miss\u00e3o espec\u00edfica do diplomata, Francisco reiterou o apre\u00e7o da Igreja por este trabalho, muitas vezes feito \u201cno sil\u00eancio e sem reconhecimento p\u00fablico\u201d. E os encorajou no caminho do di\u00e1logo para cultivar as rela\u00e7\u00f5es e facilitar a compreens\u00e3o rec\u00edproca com pessoas de diferentes culturas e proveni\u00eancias, garantindo a coopera\u00e7\u00e3o da Santa S\u00e9.<\/p>\n<\/div>\n","protected":false},"excerpt":{"rendered":"<p>Embaixadores de sete pa\u00edses apresentaram ao Papa Francisco na manh\u00e3 desta sexta-feira (17\/12) suas credenciais. Entre eles, um lus\u00f3fono: Carlos Edmilson Marques Vieira, novo embaixador da Guin\u00e9-Bissau junto \u00e0 Santa S\u00e9. Vatican News Mold\u00e1via, Quirguist\u00e3o, Nam\u00edbia, Lesoto, Luxemburgo, Chade e Guin\u00e9-Bissau:\u00a0aos novos embaixadores deste grupo heterog\u00eaneo de pa\u00edses, o Papa Francisco fez o seu discurso [&hellip;]<\/p>\n","protected":false},"author":1,"featured_media":72039,"comment_status":"open","ping_status":"closed","sticky":false,"template":"","format":"standard","meta":{"footnotes":""},"categories":[3],"tags":[],"class_list":["post-72038","post","type-post","status-publish","format-standard","has-post-thumbnail","hentry","category-vaticano"],"_links":{"self":[{"href":"https:\/\/catolicanet.net\/wp-cnet\/wp-json\/wp\/v2\/posts\/72038","targetHints":{"allow":["GET"]}}],"collection":[{"href":"https:\/\/catolicanet.net\/wp-cnet\/wp-json\/wp\/v2\/posts"}],"about":[{"href":"https:\/\/catolicanet.net\/wp-cnet\/wp-json\/wp\/v2\/types\/post"}],"author":[{"embeddable":true,"href":"https:\/\/catolicanet.net\/wp-cnet\/wp-json\/wp\/v2\/users\/1"}],"replies":[{"embeddable":true,"href":"https:\/\/catolicanet.net\/wp-cnet\/wp-json\/wp\/v2\/comments?post=72038"}],"version-history":[{"count":1,"href":"https:\/\/catolicanet.net\/wp-cnet\/wp-json\/wp\/v2\/posts\/72038\/revisions"}],"predecessor-version":[{"id":72040,"href":"https:\/\/catolicanet.net\/wp-cnet\/wp-json\/wp\/v2\/posts\/72038\/revisions\/72040"}],"wp:featuredmedia":[{"embeddable":true,"href":"https:\/\/catolicanet.net\/wp-cnet\/wp-json\/wp\/v2\/media\/72039"}],"wp:attachment":[{"href":"https:\/\/catolicanet.net\/wp-cnet\/wp-json\/wp\/v2\/media?parent=72038"}],"wp:term":[{"taxonomy":"category","embeddable":true,"href":"https:\/\/catolicanet.net\/wp-cnet\/wp-json\/wp\/v2\/categories?post=72038"},{"taxonomy":"post_tag","embeddable":true,"href":"https:\/\/catolicanet.net\/wp-cnet\/wp-json\/wp\/v2\/tags?post=72038"}],"curies":[{"name":"wp","href":"https:\/\/api.w.org\/{rel}","templated":true}]}}