{"id":72031,"date":"2021-12-16T09:13:34","date_gmt":"2021-12-16T12:13:34","guid":{"rendered":"https:\/\/catolicanet.net\/wp-cnet\/?p=72031"},"modified":"2021-12-16T11:34:25","modified_gmt":"2021-12-16T14:34:25","slug":"oracao-do-papa-francisco-pelo-fim-da-pandemia","status":"publish","type":"post","link":"https:\/\/catolicanet.net\/wp-cnet\/oracao-do-papa-francisco-pelo-fim-da-pandemia\/","title":{"rendered":"Ora\u00e7\u00e3o do Papa Francisco pelo fim da pandemia"},"content":{"rendered":"<h2 class=\"subtitle\" style=\"text-align: justify;\">&#8220;M\u00e3e de Deus e nossa M\u00e3e, implora para n\u00f3s, de Deus, Pai de miseric\u00f3rdia, que esta dura prova termine e que volte um horizonte de esperan\u00e7a e de paz&#8221;<\/h2>\n<p style=\"text-align: justify;\">OPapa Francisco havia confiado a humanidade \u00e0s m\u00e3os de Maria, \u201cnossa santa M\u00e3e\u201d, diante dos sofrimentos em decorr\u00eancia da pandemia.<\/p>\n<p style=\"text-align: justify;\">Num momento em que ainda h\u00e1 preocupa\u00e7\u00f5es com variantes do novo coronav\u00edrus, recordemos a ora\u00e7\u00e3o que o Papa rezou pelo fim da pandemia, em maio de 2021, na Capela Gregoriana, na Bas\u00edlica de S\u00e3o Pedro.<\/p>\n<div class=\"wp-block-aleteia-heading3\">\n<h3 style=\"text-align: justify;\">Ora\u00e7\u00e3o<\/h3>\n<\/div>\n<blockquote class=\"wp-block-quote\"><p>Sob a tua prote\u00e7\u00e3o procuramos ref\u00fagio, Santa M\u00e3e de Deus. Na presente situa\u00e7\u00e3o dram\u00e1tica, cheia de sofrimentos e de ang\u00fastias que afligem o mundo inteiro, recorremos a Ti, M\u00e3e de Deus e nossa M\u00e3e, e procuramos ref\u00fagio sob a tua prote\u00e7\u00e3o.<\/p>\n<p>\u00d3 Virgem Maria, dirige a n\u00f3s o teu olhar misericordioso nesta pandemia do coronav\u00edrus, e conforta aqueles que est\u00e3o desorientados e que choram os seus entes queridos falecidos, por vezes enterrados de um modo que fere a alma. Sust\u00e9m quantos est\u00e3o angustiados pelas pessoas doentes das quais, para evitar o cont\u00e1gio, n\u00e3o podem estar pr\u00f3ximos. Instila confian\u00e7a naqueles que est\u00e3o ansiosos pelo futuro incerto e pelas consequ\u00eancias sobre a economia e o trabalho.<\/p>\n<p>M\u00e3e de Deus e nossa M\u00e3e, implora para n\u00f3s, de Deus, Pai de miseric\u00f3rdia, que esta dura prova termine e que volte um horizonte de esperan\u00e7a e de paz. Como em Can\u00e1, intercede junto do teu divino Filho, pedindo-lhe que conforte as fam\u00edlias dos doentes e das v\u00edtimas, e abra o seu cora\u00e7\u00e3o \u00e0 confian\u00e7a.<\/p>\n<div id=\"aleteia-welcome\"><\/div>\n<p>Protege os m\u00e9dicos, os enfermeiros, os profissionais da sa\u00fade e os volunt\u00e1rios que, neste per\u00edodo de emerg\u00eancia, est\u00e3o na linha da frente e arriscam a pr\u00f3pria vida para salvar outras vidas. Acompanha os seus esfor\u00e7os heroicos e d\u00e1-lhes for\u00e7a, bondade e sa\u00fade.<\/p>\n<p>Permanece perto daqueles que, noite e dia, assistem os doentes e dos sacerdotes que, com solicitude pastoral e esfor\u00e7o evang\u00e9lico, procuram ajudar e apoiar todos.<\/p>\n<p>Virgem Santa, ilumina a mente dos homens e das mulheres de ci\u00eancia, a fim de que encontrem solu\u00e7\u00f5es justas para derrotar este v\u00edrus. Assiste os respons\u00e1veis das Na\u00e7\u00f5es para que trabalhem com sabedoria, solicitude e generosidade, socorrendo quantos n\u00e3o t\u00eam o necess\u00e1rio para viver, programando solu\u00e7\u00f5es sociais e econ\u00f3micas com clarivid\u00eancia e esp\u00edrito de solidariedade.<\/p>\n<p>Maria Sant\u00edssima, toca as consci\u00eancias a fim de que as enormes somas utilizadas para aumentar e aperfei\u00e7oar os armamentos sejam, ao contr\u00e1rio, destinadas a promover estudos adequados para evitar cat\u00e1strofes semelhantes no futuro.<\/p>\n<p>Amad\u00edssima M\u00e3e, faz crescer no mundo o sentido de perten\u00e7a a uma \u00fanica grande fam\u00edlia, na consci\u00eancia do v\u00ednculo que nos une a todos para que, com esp\u00edrito fraternal e solid\u00e1rio, possamos ir em aux\u00edlio de muitas situa\u00e7\u00f5es de pobreza e de mis\u00e9ria. Encoraja a firmeza da f\u00e9, a perseveran\u00e7a no servi\u00e7o e a const\u00e2ncia na ora\u00e7\u00e3o.<\/p>\n<p>\u00d3 Maria, consoladora dos aflitos, abra\u00e7a todos os teus filhos atribulados e obt\u00e9m que Deus intervenha com a sua m\u00e3o toda-poderosa para nos libertar desta terr\u00edvel epidemia, a fim de que a vida retome com serenidade o seu curso normal. Confiamo-nos a Ti, que brilhas no nosso caminho como sinal de salva\u00e7\u00e3o e de esperan\u00e7a.<\/p>\n<p>\u00d3 clemente, \u00f3 piedosa, \u00f3 doce Virgem Maria, guia os passos dos teus peregrinos que desejam rezar a Ti e amar-te nos Santu\u00e1rios que te s\u00e3o dedicados no mundo inteiro, sob os mais variados t\u00edtulos que evocam a tua intercess\u00e3o. S\u00ea uma guia segura para todos. Am\u00e9m!<\/p><\/blockquote>\n","protected":false},"excerpt":{"rendered":"<p>&#8220;M\u00e3e de Deus e nossa M\u00e3e, implora para n\u00f3s, de Deus, Pai de miseric\u00f3rdia, que esta dura prova termine e que volte um horizonte de esperan\u00e7a e de paz&#8221; OPapa Francisco havia confiado a humanidade \u00e0s m\u00e3os de Maria, \u201cnossa santa M\u00e3e\u201d, diante dos sofrimentos em decorr\u00eancia da pandemia. Num momento em que ainda h\u00e1 [&hellip;]<\/p>\n","protected":false},"author":1,"featured_media":72032,"comment_status":"open","ping_status":"closed","sticky":false,"template":"","format":"standard","meta":{"footnotes":""},"categories":[4],"tags":[],"class_list":["post-72031","post","type-post","status-publish","format-standard","has-post-thumbnail","hentry","category-cotidiano"],"_links":{"self":[{"href":"https:\/\/catolicanet.net\/wp-cnet\/wp-json\/wp\/v2\/posts\/72031","targetHints":{"allow":["GET"]}}],"collection":[{"href":"https:\/\/catolicanet.net\/wp-cnet\/wp-json\/wp\/v2\/posts"}],"about":[{"href":"https:\/\/catolicanet.net\/wp-cnet\/wp-json\/wp\/v2\/types\/post"}],"author":[{"embeddable":true,"href":"https:\/\/catolicanet.net\/wp-cnet\/wp-json\/wp\/v2\/users\/1"}],"replies":[{"embeddable":true,"href":"https:\/\/catolicanet.net\/wp-cnet\/wp-json\/wp\/v2\/comments?post=72031"}],"version-history":[{"count":1,"href":"https:\/\/catolicanet.net\/wp-cnet\/wp-json\/wp\/v2\/posts\/72031\/revisions"}],"predecessor-version":[{"id":72033,"href":"https:\/\/catolicanet.net\/wp-cnet\/wp-json\/wp\/v2\/posts\/72031\/revisions\/72033"}],"wp:featuredmedia":[{"embeddable":true,"href":"https:\/\/catolicanet.net\/wp-cnet\/wp-json\/wp\/v2\/media\/72032"}],"wp:attachment":[{"href":"https:\/\/catolicanet.net\/wp-cnet\/wp-json\/wp\/v2\/media?parent=72031"}],"wp:term":[{"taxonomy":"category","embeddable":true,"href":"https:\/\/catolicanet.net\/wp-cnet\/wp-json\/wp\/v2\/categories?post=72031"},{"taxonomy":"post_tag","embeddable":true,"href":"https:\/\/catolicanet.net\/wp-cnet\/wp-json\/wp\/v2\/tags?post=72031"}],"curies":[{"name":"wp","href":"https:\/\/api.w.org\/{rel}","templated":true}]}}