{"id":72001,"date":"2021-12-15T09:09:10","date_gmt":"2021-12-15T12:09:10","guid":{"rendered":"https:\/\/catolicanet.net\/wp-cnet\/?p=72001"},"modified":"2021-12-15T12:15:12","modified_gmt":"2021-12-15T15:15:12","slug":"papa-francisco-reza-pelo-haiti-um-pais-que-sofre-tanto","status":"publish","type":"post","link":"https:\/\/catolicanet.net\/wp-cnet\/papa-francisco-reza-pelo-haiti-um-pais-que-sofre-tanto\/","title":{"rendered":"Papa Francisco reza pelo Haiti, um pa\u00eds que sofre tanto"},"content":{"rendered":"<figure class=\"article__image\" style=\"text-align: justify;\"><span class=\"didascalia_img\">Explos\u00e3o de caminh\u00e3o no Haiti\u00a0<\/span><\/figure>\n<div class=\"article__meta audioInside\" data-mediatype=\"\">\n<div class=\"article__subTitle\" style=\"text-align: justify;\">O Papa Francisco recordou no final da Audi\u00eancia geral desta quarta-feira na Sala Paulo VI a terr\u00edvel explos\u00e3o de um caminh\u00e3o que transportava combust\u00edveis e que causou a morte de pelo menos 61 pessoas no norte do Haiti e disse: &#8220;Pobre Haiti, um ap\u00f3s outro. \u00c9 um povo em cont\u00ednuo sofrimento\u201d.<\/div>\n<div class=\"title__separator\" style=\"text-align: justify;\"><\/div>\n<div class=\"article__text \">\n<p style=\"text-align: justify;\"><b>Silvonei Jos\u00e9 \u2013 Vatican News<\/b><\/p>\n<p style=\"text-align: justify;\">O pont\u00edfice fez refer\u00eancia \u00e0 &#8220;explos\u00e3o devastadora&#8221; desta ter\u00e7a-feira no Haiti, na qual &#8220;muitas pessoas perderam a vida, entre elas muitas crian\u00e7as&#8221; e pediu para rezar por este pa\u00eds &#8220;onde h\u00e1 tanta gente boa, gente religiosa, mas que est\u00e1 sofrendo tanto&#8221;.<\/p>\n<div style=\"text-align: justify;\">\n<div class=\"article__embed article__embed--unwrap article__embed--dark\">\n<div class=\"article__innerTitle\">Ou\u00e7a e compartilhe<\/div>\n<div>\n<audio class=\"wp-audio-shortcode\" id=\"audio-72001-1\" preload=\"none\" style=\"width: 100%;\" controls=\"controls\"><source type=\"audio\/mpeg\" src=\"https:\/\/media.vaticannews.va\/media\/audio\/s1\/2021\/12\/15\/10\/136359364_F136359364.mp3?_=1\" \/><a href=\"https:\/\/media.vaticannews.va\/media\/audio\/s1\/2021\/12\/15\/10\/136359364_F136359364.mp3\">https:\/\/media.vaticannews.va\/media\/audio\/s1\/2021\/12\/15\/10\/136359364_F136359364.mp3<\/a><\/audio>\n<\/div>\n<\/div>\n<\/div>\n<p style=\"text-align: justify;\">&#8220;Expresso a minha proximidade aos habitantes dessa cidade e \u00e0s fam\u00edlias das v\u00edtimas e a todos os feridos. Convido todos voc\u00eas a unirem-se em ora\u00e7\u00e3o por estes irm\u00e3os e irm\u00e3s que foram t\u00e3o duramente atingidos&#8221;, acrescentou ele.<\/p>\n<p style=\"text-align: justify;\">A explos\u00e3o de um caminh\u00e3o que transportava combust\u00edvel em Cap-Haitien, no norte do Haiti, nesta ter\u00e7a-feira, matou pelo menos 61 pessoas e feriu quase uma centena num acidente derivado da profunda crise que o pa\u00eds atravessa.<\/p>\n<p style=\"text-align: justify;\">As chamas atingiram um grande grupo de pessoas que tentava retirar combust\u00edvel do caminh\u00e3o que tinha tombado ap\u00f3s um acidente, e causaram danos ingentes em pelo menos 20 casas na \u00e1rea.<\/p>\n<\/div>\n<\/div>\n","protected":false},"excerpt":{"rendered":"<p>Explos\u00e3o de caminh\u00e3o no Haiti\u00a0 O Papa Francisco recordou no final da Audi\u00eancia geral desta quarta-feira na Sala Paulo VI a terr\u00edvel explos\u00e3o de um caminh\u00e3o que transportava combust\u00edveis e que causou a morte de pelo menos 61 pessoas no norte do Haiti e disse: &#8220;Pobre Haiti, um ap\u00f3s outro. \u00c9 um povo em cont\u00ednuo [&hellip;]<\/p>\n","protected":false},"author":1,"featured_media":72002,"comment_status":"open","ping_status":"closed","sticky":false,"template":"","format":"standard","meta":{"footnotes":""},"categories":[3],"tags":[],"class_list":["post-72001","post","type-post","status-publish","format-standard","has-post-thumbnail","hentry","category-vaticano"],"_links":{"self":[{"href":"https:\/\/catolicanet.net\/wp-cnet\/wp-json\/wp\/v2\/posts\/72001","targetHints":{"allow":["GET"]}}],"collection":[{"href":"https:\/\/catolicanet.net\/wp-cnet\/wp-json\/wp\/v2\/posts"}],"about":[{"href":"https:\/\/catolicanet.net\/wp-cnet\/wp-json\/wp\/v2\/types\/post"}],"author":[{"embeddable":true,"href":"https:\/\/catolicanet.net\/wp-cnet\/wp-json\/wp\/v2\/users\/1"}],"replies":[{"embeddable":true,"href":"https:\/\/catolicanet.net\/wp-cnet\/wp-json\/wp\/v2\/comments?post=72001"}],"version-history":[{"count":1,"href":"https:\/\/catolicanet.net\/wp-cnet\/wp-json\/wp\/v2\/posts\/72001\/revisions"}],"predecessor-version":[{"id":72003,"href":"https:\/\/catolicanet.net\/wp-cnet\/wp-json\/wp\/v2\/posts\/72001\/revisions\/72003"}],"wp:featuredmedia":[{"embeddable":true,"href":"https:\/\/catolicanet.net\/wp-cnet\/wp-json\/wp\/v2\/media\/72002"}],"wp:attachment":[{"href":"https:\/\/catolicanet.net\/wp-cnet\/wp-json\/wp\/v2\/media?parent=72001"}],"wp:term":[{"taxonomy":"category","embeddable":true,"href":"https:\/\/catolicanet.net\/wp-cnet\/wp-json\/wp\/v2\/categories?post=72001"},{"taxonomy":"post_tag","embeddable":true,"href":"https:\/\/catolicanet.net\/wp-cnet\/wp-json\/wp\/v2\/tags?post=72001"}],"curies":[{"name":"wp","href":"https:\/\/api.w.org\/{rel}","templated":true}]}}