{"id":71998,"date":"2021-12-15T09:04:38","date_gmt":"2021-12-15T12:04:38","guid":{"rendered":"https:\/\/catolicanet.net\/wp-cnet\/?p=71998"},"modified":"2021-12-15T12:07:37","modified_gmt":"2021-12-15T15:07:37","slug":"francisco-aprender-com-sao-jose-a-cultivar-espacos-de-silencio","status":"publish","type":"post","link":"https:\/\/catolicanet.net\/wp-cnet\/francisco-aprender-com-sao-jose-a-cultivar-espacos-de-silencio\/","title":{"rendered":"Francisco: aprender com S\u00e3o Jos\u00e9 a cultivar espa\u00e7os de sil\u00eancio"},"content":{"rendered":"<div class=\"article__subTitle\" style=\"text-align: justify;\">Segundo o Papa, &#8220;devemos aprender de Jos\u00e9 a cultivar o sil\u00eancio: aquele espa\u00e7o de interioridade nos nossos dias nos quais damos ao Esp\u00edrito a oportunidade de nos regenerar, de nos consolar, de nos corrigir&#8221;.<\/div>\n<div class=\"title__separator\"><\/div>\n<div class=\"article__text \">\n<p><b>Mariangela Jaguraba &#8211; Vatican News<\/b><\/p>\n<p><iframe loading=\"lazy\" title=\"Audi\u00eancia Geral 15 de dezembro de 2021 Papa Francisco\" width=\"696\" height=\"392\" src=\"https:\/\/www.youtube.com\/embed\/qt6GfnHMgQ8?feature=oembed\" frameborder=\"0\" allow=\"accelerometer; autoplay; clipboard-write; encrypted-media; gyroscope; picture-in-picture\" allowfullscreen><\/iframe><\/p>\n<p style=\"text-align: justify;\">O Papa Francisco deu continuidade ao ciclo de catequeses sobre S\u00e3o Jos\u00e9 na Audi\u00eancia Geral desta quarta-feira (15\/12).<\/p>\n<div>\n<div class=\"article__embed article__embed--unwrap article__embed--dark\">\n<div class=\"article__innerTitle\" style=\"text-align: justify;\">Ou\u00e7a e compartilhe<\/div>\n<div>\n<audio class=\"wp-audio-shortcode\" id=\"audio-71998-1\" preload=\"none\" style=\"width: 100%;\" controls=\"controls\"><source type=\"audio\/mpeg\" src=\"https:\/\/media.vaticannews.va\/media\/audio\/s1\/2021\/12\/15\/12\/136359606_F136359606.mp3?_=1\" \/><a href=\"https:\/\/media.vaticannews.va\/media\/audio\/s1\/2021\/12\/15\/12\/136359606_F136359606.mp3\">https:\/\/media.vaticannews.va\/media\/audio\/s1\/2021\/12\/15\/12\/136359606_F136359606.mp3<\/a><\/audio>\n<\/div>\n<\/div>\n<\/div>\n<p style=\"text-align: justify;\">Depois de ilustrar o ambiente em que ele viveu, o seu papel na hist\u00f3ria da salva\u00e7\u00e3o e o seu ser justo e esposo de Maria, o Papa examinou outro aspecto importante da pessoa de Jos\u00e9: o sil\u00eancio. &#8220;Deus se manifestou no momento de maior sil\u00eancio. \u00c9 importante pensar no sil\u00eancio nesta \u00e9poca em que parece n\u00e3o ter muito valor&#8221;, sublinhou Francisco.<\/p>\n<p style=\"text-align: justify;\">&#8220;Os Evangelhos n\u00e3o registram palavras de Jos\u00e9 de Nazar\u00e9. Isto n\u00e3o significa que ele fosse taciturno, n\u00e3o, h\u00e1 uma raz\u00e3o mais profunda. Com este sil\u00eancio, Jos\u00e9 confirma o que Santo Agostinho escreveu: \u00abNa medida em que cresce em n\u00f3s a Palavra, o Verbo que se fez homem, diminuem as palavras\u00bb. Jos\u00e9 com o seu sil\u00eancio nos convida a deixar espa\u00e7o \u00e0 Presen\u00e7a da Palavra feita carne, ou seja, a Jesus&#8221;, disse ainda o Papa.<\/p>\n<h2 style=\"text-align: justify;\">O sil\u00eancio de Jos\u00e9 \u00e9 cheio de<i>\u00a0<\/i>escuta<\/h2>\n<p style=\"text-align: justify;\">Francisco sublinhou que &#8220;o sil\u00eancio de Jos\u00e9 n\u00e3o \u00e9 mutismo; \u00e9 um sil\u00eancio cheio de<i>\u00a0escuta<\/i>, um sil\u00eancio\u00a0<i>laborioso<\/i>, um sil\u00eancio que faz emergir a sua grande interioridade. Jesus cresceu nesta \u201cescola\u201d, na casa de Nazar\u00e9, com o exemplo di\u00e1rio de Maria e Jos\u00e9&#8221;.<\/p>\n<p style=\"text-align: justify;\"><i>Como seria bom se cada um de n\u00f3s, seguindo o exemplo de S\u00e3o Jos\u00e9, conseguisse recuperar esta dimens\u00e3o contemplativa da vida aberta pelo sil\u00eancio. Mas todos sabemos por experi\u00eancia que n\u00e3o \u00e9 f\u00e1cil: o sil\u00eancio nos assusta um pouco, porque nos pede para entrarmos em n\u00f3s mesmos e encontrarmos a parte mais verdadeira de n\u00f3s. Tanta gente tem medo do sil\u00eancio e precisa falar, falar ou ouvir r\u00e1dio, ver televis\u00e3o, mas n\u00e3o pode aceitar o sil\u00eancio porque tem medo. O fil\u00f3sofo Pascal observou que \u00abtoda a infelicidade dos homens prov\u00e9m de uma s\u00f3 coisa: n\u00e3o saber ficar tranquilo num quarto\u00bb.\u00a0<\/i><\/p>\n<h2 style=\"text-align: justify;\">Sem a pr\u00e1tica do sil\u00eancio o nosso falar adoece<\/h2>\n<p style=\"text-align: justify;\">O Papa nos convidou a aprendermos &#8220;de S\u00e3o Jos\u00e9 a cultivar espa\u00e7os de sil\u00eancio, nos quais possa surgir outra Palavra: a do Esp\u00edrito Santo que habita em n\u00f3s. N\u00e3o \u00e9 f\u00e1cil reconhecer esta Voz, que muitas vezes se confunde com as milhares de vozes de preocupa\u00e7\u00f5es, tenta\u00e7\u00f5es, desejos e esperan\u00e7as que nos habitam; mas sem este treino que prov\u00e9m da pr\u00e1tica do sil\u00eancio,\u00a0<i>at\u00e9 a nossa fala pode adoecer<\/i>&#8220;.<\/p>\n<p style=\"text-align: justify;\"><i>Sem a pr\u00e1tica do sil\u00eancio o nosso falar adoece. Ele, em vez de fazer resplandecer a verdade, pode se tornar uma arma perigosa. De fato, as nossas palavras podem tornar-se adula\u00e7\u00e3o, soberbia, mentira, maledic\u00eancia, cal\u00fania. \u00c9 um dado da experi\u00eancia que, como nos lembra o Eclesi\u00e1stico, \u00aba l\u00edngua mata mais do que a espada\u00bb. Jesus disse-o claramente: quem fala mal do irm\u00e3o ou da irm\u00e3, quem calunia o pr\u00f3ximo, \u00e9 homicida.\u00a0 Mata com a l\u00edngua. N\u00f3s n\u00e3o acreditamos nisso, mas \u00e9 verdade. Pensemos um pouco nas vezes em que matamos com a l\u00edngua, sentir\u00edamos vergonha!<\/i><\/p>\n<h2 style=\"text-align: justify;\">A profundidade do cora\u00e7\u00e3o cresce com o sil\u00eancio<\/h2>\n<p style=\"text-align: justify;\">Segundo o Papa, &#8220;devemos aprender de Jos\u00e9 a cultivar o sil\u00eancio: aquele espa\u00e7o de interioridade nos nossos dias nos quais damos ao Esp\u00edrito a oportunidade de nos regenerar, de nos consolar, de nos corrigir&#8221;.<\/p>\n<p style=\"text-align: justify;\"><i>N\u00e3o estou dizendo para cair no mutismo, n\u00e3o. Sil\u00eancio. Cada um de n\u00f3s olhe para dentro, muitas vezes estamos fazendo uma coisa e quando terminamos procuramos imediatamente o telefone celular para fazer outra. Estamos sempre assim. E isto n\u00e3o ajuda, isto nos faz escorregar para a superficialidade. A profundidade do cora\u00e7\u00e3o cresce com o sil\u00eancio, sil\u00eancio que n\u00e3o \u00e9 mutismo como eu disse, mas que deixa espa\u00e7o para a sabedoria, a reflex\u00e3o e o Esp\u00edrito Santo. N\u00e3o tenhamos medo dos momentos de sil\u00eancio, n\u00e3o tenhamos medo! Isso nos far\u00e1 muito bem.<\/i><\/p>\n<p style=\"text-align: justify;\">Segundo o Papa, &#8220;o benef\u00edcio para os nossos cora\u00e7\u00f5es curar\u00e1 tamb\u00e9m a nossa l\u00edngua, as nossas palavras e, sobretudo, as nossas escolhas. Com efeito, Jos\u00e9\u00a0<i>uniu ao sil\u00eancio \u00e0 a\u00e7\u00e3o<\/i>. Ele n\u00e3o falou, mas fez, e assim nos mostrou o que Jesus disse uma vez aos seus disc\u00edpulos: \u00abNem todo o que me diz Senhor, Senhor, entrar\u00e1 no reino dos C\u00e9us, mas sim aquele que faz a vontade do meu Pai que est\u00e1 nos C\u00e9us\u00bb&#8221;. &#8220;Sil\u00eancio. Palavras fecundas quando falamos. Sil\u00eancio, falar direito, morder um pouco a l\u00edngua, o que \u00e0s vezes \u00e9 bom, em vez de dizer bobagem&#8221;, concluiu o Papa.<\/p>\n<\/div>\n","protected":false},"excerpt":{"rendered":"<p>Segundo o Papa, &#8220;devemos aprender de Jos\u00e9 a cultivar o sil\u00eancio: aquele espa\u00e7o de interioridade nos nossos dias nos quais damos ao Esp\u00edrito a oportunidade de nos regenerar, de nos consolar, de nos corrigir&#8221;. Mariangela Jaguraba &#8211; Vatican News O Papa Francisco deu continuidade ao ciclo de catequeses sobre S\u00e3o Jos\u00e9 na Audi\u00eancia Geral desta [&hellip;]<\/p>\n","protected":false},"author":1,"featured_media":71999,"comment_status":"open","ping_status":"closed","sticky":false,"template":"","format":"standard","meta":{"footnotes":""},"categories":[13,3],"tags":[],"class_list":["post-71998","post","type-post","status-publish","format-standard","has-post-thumbnail","hentry","category-featured","category-vaticano"],"_links":{"self":[{"href":"https:\/\/catolicanet.net\/wp-cnet\/wp-json\/wp\/v2\/posts\/71998","targetHints":{"allow":["GET"]}}],"collection":[{"href":"https:\/\/catolicanet.net\/wp-cnet\/wp-json\/wp\/v2\/posts"}],"about":[{"href":"https:\/\/catolicanet.net\/wp-cnet\/wp-json\/wp\/v2\/types\/post"}],"author":[{"embeddable":true,"href":"https:\/\/catolicanet.net\/wp-cnet\/wp-json\/wp\/v2\/users\/1"}],"replies":[{"embeddable":true,"href":"https:\/\/catolicanet.net\/wp-cnet\/wp-json\/wp\/v2\/comments?post=71998"}],"version-history":[{"count":1,"href":"https:\/\/catolicanet.net\/wp-cnet\/wp-json\/wp\/v2\/posts\/71998\/revisions"}],"predecessor-version":[{"id":72000,"href":"https:\/\/catolicanet.net\/wp-cnet\/wp-json\/wp\/v2\/posts\/71998\/revisions\/72000"}],"wp:featuredmedia":[{"embeddable":true,"href":"https:\/\/catolicanet.net\/wp-cnet\/wp-json\/wp\/v2\/media\/71999"}],"wp:attachment":[{"href":"https:\/\/catolicanet.net\/wp-cnet\/wp-json\/wp\/v2\/media?parent=71998"}],"wp:term":[{"taxonomy":"category","embeddable":true,"href":"https:\/\/catolicanet.net\/wp-cnet\/wp-json\/wp\/v2\/categories?post=71998"},{"taxonomy":"post_tag","embeddable":true,"href":"https:\/\/catolicanet.net\/wp-cnet\/wp-json\/wp\/v2\/tags?post=71998"}],"curies":[{"name":"wp","href":"https:\/\/api.w.org\/{rel}","templated":true}]}}