{"id":71921,"date":"2021-12-10T09:32:47","date_gmt":"2021-12-10T12:32:47","guid":{"rendered":"https:\/\/catolicanet.net\/wp-cnet\/?p=71921"},"modified":"2021-12-10T16:33:50","modified_gmt":"2021-12-10T19:33:50","slug":"missa-em-acao-de-gracas-celebra-o-servico-de-convivencia-correndo-atras-de-um-sonho-da-cnbb","status":"publish","type":"post","link":"https:\/\/catolicanet.net\/wp-cnet\/missa-em-acao-de-gracas-celebra-o-servico-de-convivencia-correndo-atras-de-um-sonho-da-cnbb\/","title":{"rendered":"MISSA EM A\u00c7\u00c3O DE GRA\u00c7AS CELEBRA O SERVI\u00c7O DE CONVIV\u00caNCIA \u201cCORRENDO ATR\u00c1S DE UM SONHO\u201d, DA CNBB"},"content":{"rendered":"<blockquote>\n<p style=\"text-align: justify;\">\u201cQuando n\u00f3s abra\u00e7amos as oportunidades que Deus nos apresenta, que o projeto \u2018Correndo atr\u00e1s de um Sonho\u2019 nos apresenta, s\u00e3o os sonhos que correm atr\u00e1s da gente\u201d<\/p>\n<\/blockquote>\n<p style=\"text-align: justify;\">Foi com essas palavras que o padre Patriky Samuel Batista, secret\u00e1rio-executivo de Campanhas da CNBB e subsecret\u00e1rio-geral adjunto interino, deu in\u00edcio \u00e0 missa em a\u00e7\u00e3o de gra\u00e7as, para celebrar o Servi\u00e7o de Conviv\u00eancia e Fortalecimento de V\u00ednculos do projeto\u00a0<strong>\u201cCorrendo atr\u00e1s de um Sonho\u201d<\/strong>, da Confer\u00eancia Nacional dos Bispos do Brasil (CNBB).<\/p>\n<figure id=\"attachment_860697\" class=\"wp-caption alignleft\" style=\"text-align: justify;\" aria-describedby=\"caption-attachment-860697\"><img loading=\"lazy\" decoding=\"async\" class=\"wp-image-860697 size-medium lazyloaded\" src=\"https:\/\/eadn-wc02-718006.nxedge.io\/cdn\/wp-content\/uploads\/2021\/12\/51737491611_bcf50bec7c_o-300x225.jpg\" sizes=\"auto, (max-width: 300px) 100vw, 300px\" srcset=\"https:\/\/eadn-wc02-718006.nxedge.io\/cdn\/wp-content\/uploads\/2021\/12\/51737491611_bcf50bec7c_o-300x225.jpg 300w, https:\/\/eadn-wc02-718006.nxedge.io\/cdn\/wp-content\/uploads\/2021\/12\/51737491611_bcf50bec7c_o-1024x768.jpg 1024w, https:\/\/eadn-wc02-718006.nxedge.io\/cdn\/wp-content\/uploads\/2021\/12\/51737491611_bcf50bec7c_o-768x576.jpg 768w, https:\/\/eadn-wc02-718006.nxedge.io\/cdn\/wp-content\/uploads\/2021\/12\/51737491611_bcf50bec7c_o-1536x1152.jpg 1536w, https:\/\/eadn-wc02-718006.nxedge.io\/cdn\/wp-content\/uploads\/2021\/12\/51737491611_bcf50bec7c_o-500x375.jpg 500w, https:\/\/eadn-wc02-718006.nxedge.io\/cdn\/wp-content\/uploads\/2021\/12\/51737491611_bcf50bec7c_o-800x600.jpg 800w, https:\/\/eadn-wc02-718006.nxedge.io\/cdn\/wp-content\/uploads\/2021\/12\/51737491611_bcf50bec7c_o.jpg 1600w\" alt=\"\" width=\"300\" height=\"225\" data-srcset=\"https:\/\/eadn-wc02-718006.nxedge.io\/cdn\/wp-content\/uploads\/2021\/12\/51737491611_bcf50bec7c_o-300x225.jpg 300w, https:\/\/eadn-wc02-718006.nxedge.io\/cdn\/wp-content\/uploads\/2021\/12\/51737491611_bcf50bec7c_o-1024x768.jpg 1024w, https:\/\/eadn-wc02-718006.nxedge.io\/cdn\/wp-content\/uploads\/2021\/12\/51737491611_bcf50bec7c_o-768x576.jpg 768w, https:\/\/eadn-wc02-718006.nxedge.io\/cdn\/wp-content\/uploads\/2021\/12\/51737491611_bcf50bec7c_o-1536x1152.jpg 1536w, https:\/\/eadn-wc02-718006.nxedge.io\/cdn\/wp-content\/uploads\/2021\/12\/51737491611_bcf50bec7c_o-500x375.jpg 500w, https:\/\/eadn-wc02-718006.nxedge.io\/cdn\/wp-content\/uploads\/2021\/12\/51737491611_bcf50bec7c_o-800x600.jpg 800w, https:\/\/eadn-wc02-718006.nxedge.io\/cdn\/wp-content\/uploads\/2021\/12\/51737491611_bcf50bec7c_o.jpg 1600w\" data-src=\"https:\/\/eadn-wc02-718006.nxedge.io\/cdn\/wp-content\/uploads\/2021\/12\/51737491611_bcf50bec7c_o-300x225.jpg\" data-sizes=\"(max-width: 300px) 100vw, 300px\" \/><figcaption id=\"caption-attachment-860697\" class=\"wp-caption-text\">Missa em A\u00e7\u00e3o de Gra\u00e7as na sede do projeto Correndo Atr\u00e1s de um Sonho<\/figcaption><\/figure>\n<p style=\"text-align: justify;\">A missa foi presidida pelo padre Patriky na manh\u00e3 desta sexta-feira, 10 de dezembro, na sede do projeto, \u00a0no bairro Incra 8, \u00e1rea rural de Brazl\u00e2ndia (DF). A cerim\u00f4nia reuniu os beneficiados pelo projeto e seus familiares, al\u00e9m de volunt\u00e1rios e membros do Departamento Social da CNBB.<\/p>\n<blockquote><p>\u201cO Evangelho de hoje nos questiona sobre o qu\u00ea mais \u00e9 preciso fazer para superarmos os sinais da indiferen\u00e7a.\u00a0 N\u00f3s juntos somos mais do que nunca chamados a sermos sinais de acolhida, de amor, de presen\u00e7a. E esse \u00e9 o desejo da Palavra de Deus\u201d, disse o padre.<\/p><\/blockquote>\n<p style=\"text-align: justify;\">Padre Patriky pediu a todos os presentes para que que alimentados e ouvindo a Palavra de Deus possam estar cada vez mais pr\u00f3ximos uns dos outros; abra\u00e7ar com alegria as oportunidades que Deus d\u00e1, para que se possa continuar construindo uma nova hist\u00f3ria, um novo tempo.<\/p>\n<blockquote><p>\u201cE acima de tudo ser aqui no Incra 8, em Brazl\u00e2ndia, um sinal de que vale a pena a gente abra\u00e7ar essa causa em conjunto e ser tamb\u00e9m sinal de esperan\u00e7a para tanta gente e que estreitando nossos la\u00e7os de conviv\u00eancia, de amor, de fraternidade, possamos dar esse lindo testemunho de que vale a pena corrermos atr\u00e1s dos nossos sonhos\u201d.<\/p><\/blockquote>\n<h3 style=\"text-align: justify;\"><strong>Momento de confraterniza\u00e7\u00e3o<\/strong><\/h3>\n<p style=\"text-align: justify;\">Franklin Queiroz, respons\u00e1vel pelo Departamento Social da CNBB, disse que o momento realizado na sede do projeto era de confraterniza\u00e7\u00e3o e de aproxima\u00e7\u00e3o com as fam\u00edlias beneficiadas. \u201cNos propusemos a realizar\u00a0 um momento de aproxima\u00e7\u00e3o com os nossos atletas. Al\u00e9m da missa em a\u00e7\u00e3o de gra\u00e7as, tivemos caf\u00e9 da manh\u00e3, almo\u00e7o e uma tarde recheada de atividades\u201d, explicou.<\/p>\n<p style=\"text-align: justify;\"><img loading=\"lazy\" decoding=\"async\" class=\"size-medium wp-image-860702 alignright lazyloaded\" src=\"https:\/\/eadn-wc02-718006.nxedge.io\/cdn\/wp-content\/uploads\/2021\/12\/WhatsApp-Image-2021-12-10-at-15.09.11-300x225.jpeg\" sizes=\"auto, (max-width: 300px) 100vw, 300px\" srcset=\"https:\/\/eadn-wc02-718006.nxedge.io\/cdn\/wp-content\/uploads\/2021\/12\/WhatsApp-Image-2021-12-10-at-15.09.11-300x225.jpeg 300w, https:\/\/eadn-wc02-718006.nxedge.io\/cdn\/wp-content\/uploads\/2021\/12\/WhatsApp-Image-2021-12-10-at-15.09.11-1024x768.jpeg 1024w, https:\/\/eadn-wc02-718006.nxedge.io\/cdn\/wp-content\/uploads\/2021\/12\/WhatsApp-Image-2021-12-10-at-15.09.11-768x576.jpeg 768w, https:\/\/eadn-wc02-718006.nxedge.io\/cdn\/wp-content\/uploads\/2021\/12\/WhatsApp-Image-2021-12-10-at-15.09.11-500x375.jpeg 500w, https:\/\/eadn-wc02-718006.nxedge.io\/cdn\/wp-content\/uploads\/2021\/12\/WhatsApp-Image-2021-12-10-at-15.09.11-800x600.jpeg 800w, https:\/\/eadn-wc02-718006.nxedge.io\/cdn\/wp-content\/uploads\/2021\/12\/WhatsApp-Image-2021-12-10-at-15.09.11.jpeg 1280w\" alt=\"\" width=\"300\" height=\"225\" data-srcset=\"https:\/\/eadn-wc02-718006.nxedge.io\/cdn\/wp-content\/uploads\/2021\/12\/WhatsApp-Image-2021-12-10-at-15.09.11-300x225.jpeg 300w, https:\/\/eadn-wc02-718006.nxedge.io\/cdn\/wp-content\/uploads\/2021\/12\/WhatsApp-Image-2021-12-10-at-15.09.11-1024x768.jpeg 1024w, https:\/\/eadn-wc02-718006.nxedge.io\/cdn\/wp-content\/uploads\/2021\/12\/WhatsApp-Image-2021-12-10-at-15.09.11-768x576.jpeg 768w, https:\/\/eadn-wc02-718006.nxedge.io\/cdn\/wp-content\/uploads\/2021\/12\/WhatsApp-Image-2021-12-10-at-15.09.11-500x375.jpeg 500w, https:\/\/eadn-wc02-718006.nxedge.io\/cdn\/wp-content\/uploads\/2021\/12\/WhatsApp-Image-2021-12-10-at-15.09.11-800x600.jpeg 800w, https:\/\/eadn-wc02-718006.nxedge.io\/cdn\/wp-content\/uploads\/2021\/12\/WhatsApp-Image-2021-12-10-at-15.09.11.jpeg 1280w\" data-src=\"https:\/\/eadn-wc02-718006.nxedge.io\/cdn\/wp-content\/uploads\/2021\/12\/WhatsApp-Image-2021-12-10-at-15.09.11-300x225.jpeg\" data-sizes=\"(max-width: 300px) 100vw, 300px\" \/><\/p>\n<blockquote><p>\u201c\u00c9 um momento para confraternizarmos com os atletas e beneficiados pelo projeto. Alguns deles ficaram reclusos por conta da pandemia, mas aos poucos estamos voltando \u00e0s nossas atividades. Estamos celebrando essa gra\u00e7a de Deus que \u00e9 poder estarmos com sa\u00fade, rezar por aqueles que infelizmente tiveram problemas e entregar todo esse trabalho, esse projeto que est\u00e1 cada vez mais ganhando corpo e complemento em sua estrutura e na sua organiza\u00e7\u00e3o. \u00c9 um momento de agradecer por todo esse ano. Esse \u00e9 o nosso intuito hoje\u201d, garantiu.<\/p><\/blockquote>\n<p style=\"text-align: justify;\">Na parte da tarde foi realizado um momento de recrea\u00e7\u00e3o com bingo e outras atividades de lazer.<\/p>\n<h3 style=\"text-align: justify;\"><strong>O projeto Correndo atr\u00e1s de um Sonho<\/strong><\/h3>\n<p style=\"text-align: justify;\">O Correndo Atr\u00e1s de um Sonho teve seu inicio em 17 de junho de 2005, por iniciativa de Gesifran Martins Messias, um corredor que soma mais de 28 maratonas.<\/p>\n<p style=\"text-align: justify;\">Em 2011, ao optar pela certifica\u00e7\u00e3o como organiza\u00e7\u00e3o de assist\u00eancia social, a CNBB decidiu desenvolver um projeto social no Distrito Federal, de modo atender a exig\u00eancia previstas na lei n\u00ba 12.101. Com a inten\u00e7\u00e3o de\u00a0n\u00e3o criar um projeto novo, mas dar vida a algo que j\u00e1 existisse e que estivesse com dificuldades e com perspectivas de futuro muito boas, a CNBB chegou ao projeto Correndo Atr\u00e1s de um Sonho, eleito entre tr\u00eas iniciativas avaliadas.<\/p>\n<p style=\"text-align: justify;\">Ao assumir o projeto, em 2015, a CNBB tornou poss\u00edvel a legalidade e a identidade jur\u00eddicas e implantou ajustes necess\u00e1rios do ponto de vista da Assist\u00eancia Social, como por exemplo, transform\u00e1-lo em servi\u00e7o de conviv\u00eancia. Foi alugado um espa\u00e7o mais amplo para acolher um n\u00famero maior de crian\u00e7as e permitir redimensionar o atendimento socioesportivo tanto para crian\u00e7as quanto para as fam\u00edlias da comunidade.<\/p>\n<p style=\"text-align: justify;\">Com o crescimento das a\u00e7\u00f5es e da procura pelos servi\u00e7os oferecidos, surgiu a necessidade em melhorar a estrutura do Servi\u00e7o de Conviv\u00eancia. Assim, em 2016, foi iniciado junto \u00e0 Superintendia Regional do INCRA\/SR-28 o processo para conseguir um espa\u00e7o onde fosse poss\u00edvel construir um Centro Social com a estrutura necess\u00e1ria para oferecer melhor atendimento \u00e0 comunidade do Incra 8 e de Brazl\u00e2ndia.<\/p>\n<p style=\"text-align: justify;\">Em 2018 ap\u00f3s a emiss\u00e3o da autoriza\u00e7\u00e3o e com o memorial descritivo concedido pela SR-28 foi iniciada a constru\u00e7\u00e3o da primeira etapa do centro social. O espa\u00e7o foi cercado e j\u00e1 possui algumas salas. No\u00a0<a href=\"https:\/\/www.cnbb.org.br\/cnbb-comemora-66-anos-junto-ao-povo-de-deus-e-ao-projeto-social-correndo-atras-de-um-sonho\/\">anivers\u00e1rio de 66 anos da CNBB<\/a>, comemorado junto \u00e0 comunidade do Incra 8, foi aben\u00e7oada e lan\u00e7ada a pedra fundamental do Centro Social.<\/p>\n<figure id=\"attachment_860704\" class=\"wp-caption alignleft\" style=\"text-align: justify;\" aria-describedby=\"caption-attachment-860704\"><img loading=\"lazy\" decoding=\"async\" class=\"wp-image-860704 size-medium lazyloaded\" src=\"https:\/\/eadn-wc02-718006.nxedge.io\/cdn\/wp-content\/uploads\/2021\/12\/51738382290_1059d2e278_o-1-300x225.jpg\" sizes=\"auto, (max-width: 300px) 100vw, 300px\" srcset=\"https:\/\/eadn-wc02-718006.nxedge.io\/cdn\/wp-content\/uploads\/2021\/12\/51738382290_1059d2e278_o-1-300x225.jpg 300w, https:\/\/eadn-wc02-718006.nxedge.io\/cdn\/wp-content\/uploads\/2021\/12\/51738382290_1059d2e278_o-1-1024x768.jpg 1024w, https:\/\/eadn-wc02-718006.nxedge.io\/cdn\/wp-content\/uploads\/2021\/12\/51738382290_1059d2e278_o-1-768x576.jpg 768w, https:\/\/eadn-wc02-718006.nxedge.io\/cdn\/wp-content\/uploads\/2021\/12\/51738382290_1059d2e278_o-1-1536x1152.jpg 1536w, https:\/\/eadn-wc02-718006.nxedge.io\/cdn\/wp-content\/uploads\/2021\/12\/51738382290_1059d2e278_o-1-500x375.jpg 500w, https:\/\/eadn-wc02-718006.nxedge.io\/cdn\/wp-content\/uploads\/2021\/12\/51738382290_1059d2e278_o-1-800x600.jpg 800w, https:\/\/eadn-wc02-718006.nxedge.io\/cdn\/wp-content\/uploads\/2021\/12\/51738382290_1059d2e278_o-1.jpg 1600w\" alt=\"\" width=\"300\" height=\"225\" data-srcset=\"https:\/\/eadn-wc02-718006.nxedge.io\/cdn\/wp-content\/uploads\/2021\/12\/51738382290_1059d2e278_o-1-300x225.jpg 300w, https:\/\/eadn-wc02-718006.nxedge.io\/cdn\/wp-content\/uploads\/2021\/12\/51738382290_1059d2e278_o-1-1024x768.jpg 1024w, https:\/\/eadn-wc02-718006.nxedge.io\/cdn\/wp-content\/uploads\/2021\/12\/51738382290_1059d2e278_o-1-768x576.jpg 768w, https:\/\/eadn-wc02-718006.nxedge.io\/cdn\/wp-content\/uploads\/2021\/12\/51738382290_1059d2e278_o-1-1536x1152.jpg 1536w, https:\/\/eadn-wc02-718006.nxedge.io\/cdn\/wp-content\/uploads\/2021\/12\/51738382290_1059d2e278_o-1-500x375.jpg 500w, https:\/\/eadn-wc02-718006.nxedge.io\/cdn\/wp-content\/uploads\/2021\/12\/51738382290_1059d2e278_o-1-800x600.jpg 800w, https:\/\/eadn-wc02-718006.nxedge.io\/cdn\/wp-content\/uploads\/2021\/12\/51738382290_1059d2e278_o-1.jpg 1600w\" data-src=\"https:\/\/eadn-wc02-718006.nxedge.io\/cdn\/wp-content\/uploads\/2021\/12\/51738382290_1059d2e278_o-1-300x225.jpg\" data-sizes=\"(max-width: 300px) 100vw, 300px\" \/><figcaption id=\"caption-attachment-860704\" class=\"wp-caption-text\">Volunt\u00e1rios e membros da CNBB que atuam no projeto Correndo Atr\u00e1s de um Sonho<\/figcaption><\/figure>\n<p style=\"text-align: justify;\">Para 2022 as expectativas s\u00e3o as melhores poss\u00edveis, segundo Franklin Queiroz. \u201cN\u00f3s conseguimos com todo o empenho do secretariado e do Departamento Social dar o pontap\u00e9 para que a estrutura f\u00edsica seja constru\u00edda: capela, quadra; ent\u00e3o a expectativa \u00e9 grande porque poderemos oferecer ainda mais. Hoje, o que est\u00e1 ao nosso alcance a gente tem feito, mas ainda poderemos oferecer muito mais aqui para a comunidade\u201d, finalizou.<\/p>\n<p style=\"text-align: justify;\">\n<h3 style=\"text-align: justify;\"><strong>Confira as fotos da missa em a\u00e7\u00e3o de gra\u00e7as:<\/strong><\/h3>\n<p><a title=\"Confer\u00eancia Nacional dos Bispos do Brasil CNBB\" href=\"https:\/\/www.flickr.com\/photos\/45230429@N04\" target=\"_blank\" rel=\"noopener\" data-flickr-embed=\"true\"><img loading=\"lazy\" decoding=\"async\" class=\" lazyloaded\" src=\"https:\/\/live.staticflickr.com\/65535\/51738382305_0e7f8bfe28_b.jpg\" alt=\"Projeto \u201cCorrendo atr\u00e1s de um sonho\u201d\" width=\"800\" height=\"600\" data-src=\"https:\/\/live.staticflickr.com\/65535\/51738382305_0e7f8bfe28_b.jpg\" \/><\/a><\/p>\n<p>&nbsp;<\/p>\n","protected":false},"excerpt":{"rendered":"<p>\u201cQuando n\u00f3s abra\u00e7amos as oportunidades que Deus nos apresenta, que o projeto \u2018Correndo atr\u00e1s de um Sonho\u2019 nos apresenta, s\u00e3o os sonhos que correm atr\u00e1s da gente\u201d Foi com essas palavras que o padre Patriky Samuel Batista, secret\u00e1rio-executivo de Campanhas da CNBB e subsecret\u00e1rio-geral adjunto interino, deu in\u00edcio \u00e0 missa em a\u00e7\u00e3o de gra\u00e7as, para [&hellip;]<\/p>\n","protected":false},"author":1,"featured_media":71922,"comment_status":"open","ping_status":"closed","sticky":false,"template":"","format":"standard","meta":{"footnotes":""},"categories":[7],"tags":[],"class_list":["post-71921","post","type-post","status-publish","format-standard","has-post-thumbnail","hentry","category-cnbb"],"_links":{"self":[{"href":"https:\/\/catolicanet.net\/wp-cnet\/wp-json\/wp\/v2\/posts\/71921","targetHints":{"allow":["GET"]}}],"collection":[{"href":"https:\/\/catolicanet.net\/wp-cnet\/wp-json\/wp\/v2\/posts"}],"about":[{"href":"https:\/\/catolicanet.net\/wp-cnet\/wp-json\/wp\/v2\/types\/post"}],"author":[{"embeddable":true,"href":"https:\/\/catolicanet.net\/wp-cnet\/wp-json\/wp\/v2\/users\/1"}],"replies":[{"embeddable":true,"href":"https:\/\/catolicanet.net\/wp-cnet\/wp-json\/wp\/v2\/comments?post=71921"}],"version-history":[{"count":1,"href":"https:\/\/catolicanet.net\/wp-cnet\/wp-json\/wp\/v2\/posts\/71921\/revisions"}],"predecessor-version":[{"id":71923,"href":"https:\/\/catolicanet.net\/wp-cnet\/wp-json\/wp\/v2\/posts\/71921\/revisions\/71923"}],"wp:featuredmedia":[{"embeddable":true,"href":"https:\/\/catolicanet.net\/wp-cnet\/wp-json\/wp\/v2\/media\/71922"}],"wp:attachment":[{"href":"https:\/\/catolicanet.net\/wp-cnet\/wp-json\/wp\/v2\/media?parent=71921"}],"wp:term":[{"taxonomy":"category","embeddable":true,"href":"https:\/\/catolicanet.net\/wp-cnet\/wp-json\/wp\/v2\/categories?post=71921"},{"taxonomy":"post_tag","embeddable":true,"href":"https:\/\/catolicanet.net\/wp-cnet\/wp-json\/wp\/v2\/tags?post=71921"}],"curies":[{"name":"wp","href":"https:\/\/api.w.org\/{rel}","templated":true}]}}