{"id":71897,"date":"2021-12-09T09:22:45","date_gmt":"2021-12-09T12:22:45","guid":{"rendered":"https:\/\/catolicanet.net\/wp-cnet\/?p=71897"},"modified":"2021-12-09T17:23:39","modified_gmt":"2021-12-09T20:23:39","slug":"pe-zezinho-o-mundo-se-divide-a-partir-deste-gigantesco-muro-nos-e-eles","status":"publish","type":"post","link":"https:\/\/catolicanet.net\/wp-cnet\/pe-zezinho-o-mundo-se-divide-a-partir-deste-gigantesco-muro-nos-e-eles\/","title":{"rendered":"Pe. Zezinho: \u201co mundo se divide a partir deste gigantesco muro: n\u00f3s e eles\u201d"},"content":{"rendered":"<h2 class=\"subtitle\" style=\"text-align: justify;\">&#8220;Os radicais de todos os tempos, em vez de derrubar muros, os fazem ainda mais altos&#8221;<\/h2>\n<p style=\"text-align: justify;\">Ope. Zezinho abordou, mediante um coment\u00e1rio publicado na sua\u00a0<a href=\"https:\/\/www.facebook.com\/padrezezinhoscj\/posts\/455713579248424\" target=\"_blank\" rel=\"noreferrer noopener\">rede social<\/a>, a divis\u00e3o da humanidade entre \u201cn\u00f3s e eles\u201d e como Jesus desafiou essa\u00a0divis\u00e3o\u00a0com a sua proximidade a todas as pessoas.<\/p>\n<p style=\"text-align: justify;\">O sacerdote escreveu:<\/p>\n<p style=\"text-align: justify;\">\u201cQuando Jesus passava, alguns nem o notavam; \u00e0s vezes algu\u00e9m lhe tocava silencioso no manto, e havia quem clamava e bradava por ajuda. A seu modo, Jesus atendia a todos.<\/p>\n<p style=\"text-align: justify;\">E tamb\u00e9m havia os fariseus cheios de inveja ou de ortodoxia, que n\u00e3o aceitavam sua proposta de um novo modo de viver a servi\u00e7o de Jav\u00e9. Jesus nunca usou a palavra Jav\u00e9. Falava \u2018meu Pai\u2019 e \u2018nosso e vosso Pai\u2019.<\/p>\n<p style=\"text-align: justify;\">Passou pelas cidades e aldeias fazendo o bem, mas tamb\u00e9m questionando os insens\u00edveis. Levou os ouvintes a pensar nos feridos pelo sistema da \u00e9poca. Eram sociedades fechadas, nas quais ningu\u00e9m subia e ningu\u00e9m descia. E quem discordava era marginalizado ou morto pelos defensores do sistema.<\/p>\n<p style=\"text-align: justify;\">Jesus propunha justi\u00e7a e paz e intera\u00e7\u00e3o. Ia ao povo pobre, que eram milhares, e aos ricos, que eram poucos. Ia aos pobres para dar esperan\u00e7a e aos ricos para despertar neles a consci\u00eancia social. As par\u00e1bolas do rico epul\u00e3o e do mendigo L\u00e1zaro e a do crente satisfeito e do crente humilde que foram orar no mesmo templo chocavam os ouvintes. Certamente Jesus as repetia muitas vezes, viajando pela aldeias e pequenas cidades\u201d.<\/p>\n<div class=\"wp-block-aleteia-heading3\" style=\"text-align: justify;\">\n<h3>N\u00f3s e eles<\/h3>\n<\/div>\n<p style=\"text-align: justify;\">O pe. Zezinho prosseguiu, observando sobre a divis\u00e3o entre \u201cn\u00f3s e eles\u201d:<\/p>\n<div id=\"article-desk-content-p6-ad_2021_12_09_pe-zezinho-o-mundo-se-divide-a-partir-deste-gigantesco-muro-nos-e-eles\" class=\"css-cfwtta\" style=\"text-align: justify;\" data-google-query-id=\"CNGqt-_F1_QCFdo4uQYdcOcCsg\">\n<div id=\"google_ads_iframe_64500793\/PT_DESK_ARTICLE_WELCOME_1X1_0__container__\"><\/div>\n<\/div>\n<p style=\"text-align: justify;\">\u201cS\u00e3o duas coisas que o mundo nunca aceitou juntas. A prega\u00e7\u00e3o daquele tempo e de hoje era e \u00e9: \u2018\u00c9 n\u00f3s aqui e eles l\u00e1!\u2019. O mundo se divide a partir deste gigantesco muro: n\u00f3s e eles!<\/p>\n<p style=\"text-align: justify;\">E quem prop\u00f5e di\u00e1logo com os do outro lado, ou prega aproxima\u00e7\u00e3o, sempre ser\u00e1 rejeitado pelos radicais de todos os tempos, que, ao inv\u00e9s de derrubar muros, os fazem ainda mais altos! Tudo isto em nome da sua pretensa f\u00e9, da sua pretensa ideologia e da sua pretensa economia!<\/p>\n<p style=\"text-align: justify;\">Na verdade, o mundo continua vivendo do \u2018n\u00f3s aqui e eles l\u00e1\u2019; \u2018quem n\u00e3o chegou nem conseguiu, que se dane!&#8217;\u201d.<\/p>\n","protected":false},"excerpt":{"rendered":"<p>&#8220;Os radicais de todos os tempos, em vez de derrubar muros, os fazem ainda mais altos&#8221; Ope. Zezinho abordou, mediante um coment\u00e1rio publicado na sua\u00a0rede social, a divis\u00e3o da humanidade entre \u201cn\u00f3s e eles\u201d e como Jesus desafiou essa\u00a0divis\u00e3o\u00a0com a sua proximidade a todas as pessoas. O sacerdote escreveu: \u201cQuando Jesus passava, alguns nem o [&hellip;]<\/p>\n","protected":false},"author":1,"featured_media":71898,"comment_status":"open","ping_status":"closed","sticky":false,"template":"","format":"standard","meta":{"footnotes":""},"categories":[4,13],"tags":[],"class_list":["post-71897","post","type-post","status-publish","format-standard","has-post-thumbnail","hentry","category-cotidiano","category-featured"],"_links":{"self":[{"href":"https:\/\/catolicanet.net\/wp-cnet\/wp-json\/wp\/v2\/posts\/71897","targetHints":{"allow":["GET"]}}],"collection":[{"href":"https:\/\/catolicanet.net\/wp-cnet\/wp-json\/wp\/v2\/posts"}],"about":[{"href":"https:\/\/catolicanet.net\/wp-cnet\/wp-json\/wp\/v2\/types\/post"}],"author":[{"embeddable":true,"href":"https:\/\/catolicanet.net\/wp-cnet\/wp-json\/wp\/v2\/users\/1"}],"replies":[{"embeddable":true,"href":"https:\/\/catolicanet.net\/wp-cnet\/wp-json\/wp\/v2\/comments?post=71897"}],"version-history":[{"count":1,"href":"https:\/\/catolicanet.net\/wp-cnet\/wp-json\/wp\/v2\/posts\/71897\/revisions"}],"predecessor-version":[{"id":71899,"href":"https:\/\/catolicanet.net\/wp-cnet\/wp-json\/wp\/v2\/posts\/71897\/revisions\/71899"}],"wp:featuredmedia":[{"embeddable":true,"href":"https:\/\/catolicanet.net\/wp-cnet\/wp-json\/wp\/v2\/media\/71898"}],"wp:attachment":[{"href":"https:\/\/catolicanet.net\/wp-cnet\/wp-json\/wp\/v2\/media?parent=71897"}],"wp:term":[{"taxonomy":"category","embeddable":true,"href":"https:\/\/catolicanet.net\/wp-cnet\/wp-json\/wp\/v2\/categories?post=71897"},{"taxonomy":"post_tag","embeddable":true,"href":"https:\/\/catolicanet.net\/wp-cnet\/wp-json\/wp\/v2\/tags?post=71897"}],"curies":[{"name":"wp","href":"https:\/\/api.w.org\/{rel}","templated":true}]}}