{"id":71854,"date":"2021-12-07T09:43:42","date_gmt":"2021-12-07T12:43:42","guid":{"rendered":"https:\/\/catolicanet.net\/wp-cnet\/?p=71854"},"modified":"2021-12-07T16:45:03","modified_gmt":"2021-12-07T19:45:03","slug":"como-ensinar-a-devocao-ao-menino-jesus-as-criancas","status":"publish","type":"post","link":"https:\/\/catolicanet.net\/wp-cnet\/como-ensinar-a-devocao-ao-menino-jesus-as-criancas\/","title":{"rendered":"Como ensinar a devo\u00e7\u00e3o ao Menino Jesus \u00e0s crian\u00e7as"},"content":{"rendered":"<h2 class=\"subtitle\" style=\"text-align: justify;\">Santos que tinham uma devo\u00e7\u00e3o especial ao Menino Jesus nos incentivam a promov\u00ea-la entre as crian\u00e7as nesta \u00e9poca de Natal<\/h2>\n<p style=\"text-align: justify;\">Adevo\u00e7\u00e3o ao Menino Jesus tem sido uma constante na espiritualidade crist\u00e3 desde os primeiros s\u00e9culos.\u00a0De fato, o Menino Jesus nos aproxima da simplicidade, confian\u00e7a, miseric\u00f3rdia e alegria do Natal. E essa devo\u00e7\u00e3o \u00e9 uma oportunidade de compartilhar tudo isso com nossos filhos.<\/p>\n<p style=\"text-align: justify;\">Mas como incentivar as crian\u00e7as a aderir a essa devo\u00e7\u00e3o? Eis, algumas dicas!<\/p>\n<div class=\"wp-block-aleteia-heading3\" style=\"text-align: justify;\">\n<h3>Meditar sobre o pres\u00e9pio<\/h3>\n<\/div>\n<p style=\"text-align: justify;\">S\u00e3o Francisco de Assis\u00a0tinha uma devo\u00e7\u00e3o muito especial ao Menino Jesus.\u00a0Na verdade, a ele \u00e9 atribu\u00edda a\u00a0cria\u00e7\u00e3o do primeiro pres\u00e9pio, que aconteceu\u00a0na v\u00e9spera do Natal de 1223.<\/p>\n<p style=\"text-align: justify;\">Os pres\u00e9pios e manjedouras s\u00e3o s\u00edmbolos populares do Natal h\u00e1 s\u00e9culos.\u00a0Al\u00e9m disso, a representa\u00e7\u00e3o do nascimento de Jesus \u00e9 cheia de grande significado e ensinamento.\u00a0O motivo desta festa \u00e9 a chegada de uma crian\u00e7a humilde, que traz paz e esperan\u00e7a ao mundo.<\/p>\n<p style=\"text-align: justify;\">O pres\u00e9pio \u00e9 uma tradi\u00e7\u00e3o cat\u00f3lica e um instrumento de medita\u00e7\u00e3o para todos.\u00a0Jesus nasceu na pobreza, humildade e simplicidade.Na verdade, Francisco fundou sua ordem religiosa para imitar essas mesmas virtudes.<\/p>\n<figure class=\"wp-block-image\" style=\"text-align: justify;\"><img decoding=\"async\" class=\"wp-image-466371\" src=\"https:\/\/wp.es.aleteia.org\/wp-content\/uploads\/sites\/7\/2019\/12\/shutterstock_1249867441.jpg?w=720\" alt=\"CENA DE NATIVIDADE\" \/><\/figure>\n<div id=\"aleteia-welcome\" style=\"text-align: justify;\"><\/div>\n<div class=\"nativo-inread\" style=\"text-align: justify;\"><\/div>\n<p style=\"text-align: justify;\">Podemos mostrar \u00e0s crian\u00e7as um\u00a0filme sobre o nascimento de Jesus\u00a0ou abrir um livro adequado \u00e0s suas idades, em que elas podem ler ou ver as imagens. Outra sugest\u00e3o \u00e9 inclui-las da montagem do pres\u00e9pio em um lugar especial da casa.<\/p>\n<p style=\"text-align: justify;\">Por meio desses recursos visuais, as crian\u00e7as podem entender como Cristo veio ao mundo sem muitas coisas materiais. Isso n\u00e3o apenas as ensina que n\u00e3o \u00e9 necess\u00e1rio ter tanto, mas que os presentes t\u00eam significados, n\u00e3o s\u00e3o banais.<\/p>\n<div class=\"wp-block-aleteia-heading3\" style=\"text-align: justify;\">\n<h3>Escrever uma carta<\/h3>\n<\/div>\n<p style=\"text-align: justify;\">Santa Teresinha\u00a0escolheu chamar-se \u201cdo Menino Jesus\u201d precisamente porque com ele aprendeu o caminho da inf\u00e2ncia espiritual.\u00a0Um caminho que n\u00e3o \u00e9 infantil, mas uma entrega total ao cuidado providencial de Deus, colocando nele todos os nossos projetos\u00a0com a confian\u00e7a de uma crian\u00e7a que se abandona nos bra\u00e7os dos pais.<\/p>\n<p style=\"text-align: justify;\">A santa escreveu em sua autobiografia: \u201cSou uma alma muito pequena que s\u00f3 pode oferecer coisas muito pequenas a Deus\u201d.\u00a0Oferecer pequenas coisas\u00a0\u00e9 algo importante e \u00e9 uma forma de\u00a0preservar aquela inf\u00e2ncia que precisamos para avan\u00e7ar no caminho do amor.<\/p>\n<p style=\"text-align: justify;\">Portanto, incentive as crian\u00e7as a escreverem uma carta em que possam falar algumas palavras de amor a Jesus.\u00a0Algo que os pequenos queiram dizer ou compartilhar com Cristo, como seus projetos, objetivos, talentos, conquistas do ano e preocupa\u00e7\u00f5es futuras.<\/p>\n<div class=\"block-image-copyrigth-wrap\" style=\"text-align: justify;\">\n<figure class=\"wp-block-image\"><img decoding=\"async\" class=\"wp-image-374035\" src=\"https:\/\/wp.es.aleteia.org\/wp-content\/uploads\/sites\/7\/2018\/12\/WEB3-GIRL-CHILD-DAUGHTER-WRITING-LETTER-CHRISTMAS-shutterstock_1225198801.jpg?w=720\" alt=\"ESCREVENDO CARTAS\" \/><\/figure>\n<div class=\"copyright-text\">Photo by Handout \/ VATICAN MEDIA \/ AFP<\/div>\n<\/div>\n<p style=\"text-align: justify;\">Podemos ensinar aos pequenos que Jesus, uma crian\u00e7a como eles, \u00e9 acima de tudo um amigo e estar\u00e1 l\u00e1 para ouvir suas palavras em cada momento de suas vidas.\u00a0Esta comunica\u00e7\u00e3o nada mais \u00e9 do que a ora\u00e7\u00e3o!<\/p>\n<p style=\"text-align: justify;\">Normalmente, o tipo de carta que as crian\u00e7as fazem quando escrevem nesta \u00e9poca do ano s\u00e3o listas de presentes. Procure n\u00e3o incentivar apenas a parte material do Natal mas falar de outros presentes \u2013 os espirituais. H\u00e1 muito material do Advento adaptado para as crian\u00e7as que pode despertar nelas algumas pequenas inspira\u00e7\u00f5es.<\/p>\n<div class=\"wp-block-aleteia-heading3\" style=\"text-align: justify;\">\n<h3>Fa\u00e7a um presente<\/h3>\n<\/div>\n<p style=\"text-align: justify;\">Na v\u00e9spera do Natal de 1937,\u00a0Santa Faustina\u00a0escreveu em seu di\u00e1rio: \u201cDepois de algum tempo, fiquei sozinha com o Menino Jesus. Ele me estendeu as m\u00e3ozinhas e entendi que deveria tom\u00e1-lo nos bra\u00e7os.\u00a0Jesus pressionou a cabe\u00e7a contra o meu cora\u00e7\u00e3o e me fez saber, com seu olhar profundo, como lhe parecia bom estar perto do meu cora\u00e7\u00e3o.\u201d<\/p>\n<p style=\"text-align: justify;\">Ali\u00e1s, o Menino Jesus apareceu a esta santa em v\u00e1rias ocasi\u00f5es da sua vida, recordando-nos o valor de nos unirmos mais ao seu cora\u00e7\u00e3o \u2013 um cora\u00e7\u00e3o cheio de miseric\u00f3rdia.<\/p>\n<p style=\"text-align: justify;\">Nesse sentido, podemos ensinar aos nossos filhos que o Natal \u00e9 uma oportunidade de presentear o Menino Jesus.<\/p>\n<p style=\"text-align: justify;\">Foi o pr\u00f3prio Jesus quem prop\u00f4s as\u00a0<a href=\"https:\/\/pt.aleteia.org\/2021\/01\/20\/quais-sao-as-14-obras-de-misericordia\/\" target=\"_self\" rel=\"noopener\">obras de miseric\u00f3rdia<\/a>, e os adultos podem apresentar e acompanhar os filhos para a concretiza\u00e7\u00e3o de algumas delas, tanto espirituais como corporais.\u00a0De acordo com a idade, podemos orient\u00e1-los com algum material de apoio ou montar um pequeno projeto no qual possam escolher uma obra e oferec\u00ea-la de presente.<\/p>\n<div class=\"wp-block-aleteia-heading3\" style=\"text-align: justify;\">\n<h3>Cantar m\u00fasicas natalinas<\/h3>\n<\/div>\n<p style=\"text-align: justify;\">S\u00e3o Josemar\u00eda Escriv\u00e1 atribu\u00eda\u00a0grande import\u00e2ncia \u00e0 devo\u00e7\u00e3o ao Menino Jesus e in\u00fameras hist\u00f3rias confirmam isso.\u00a0Ele apreciava as can\u00e7\u00f5es de Natal tradicionais e, quando as ouvia, pegava o Menino Jesus nos bra\u00e7os, se emocionava e as cantava.<\/p>\n<p style=\"text-align: justify;\">Fazer com que os filhos se re\u00fanam com outros membros da fam\u00edlia para preparar um\u00a0bolo para o anivers\u00e1rio de Jesus\u00a0e cantar para ele \u00e9 uma forma de poder lembr\u00e1-los \u2013 atrav\u00e9s de uma experi\u00eancia concreta e divertida \u2013 do verdadeiro motivo pelo qual comemoramos.<\/p>\n<p style=\"text-align: justify;\">Ao participar no anivers\u00e1rio de Jesus, o verdadeiro significado do Natal renova e desperta a import\u00e2ncia de partilhar o amor que ele nos trouxe com o seu nascimento.\u00a0\u00a0Um bolo simples \u2013 acompanhado de m\u00fasica e cantos \u2013 transmite a alegria da festa de anivers\u00e1rio mais maravilhosa da hist\u00f3ria, para a qual todos somos convidados.<\/p>\n","protected":false},"excerpt":{"rendered":"<p>Santos que tinham uma devo\u00e7\u00e3o especial ao Menino Jesus nos incentivam a promov\u00ea-la entre as crian\u00e7as nesta \u00e9poca de Natal Adevo\u00e7\u00e3o ao Menino Jesus tem sido uma constante na espiritualidade crist\u00e3 desde os primeiros s\u00e9culos.\u00a0De fato, o Menino Jesus nos aproxima da simplicidade, confian\u00e7a, miseric\u00f3rdia e alegria do Natal. E essa devo\u00e7\u00e3o \u00e9 uma oportunidade [&hellip;]<\/p>\n","protected":false},"author":1,"featured_media":71855,"comment_status":"open","ping_status":"closed","sticky":false,"template":"","format":"standard","meta":{"footnotes":""},"categories":[4],"tags":[],"class_list":["post-71854","post","type-post","status-publish","format-standard","has-post-thumbnail","hentry","category-cotidiano"],"_links":{"self":[{"href":"https:\/\/catolicanet.net\/wp-cnet\/wp-json\/wp\/v2\/posts\/71854","targetHints":{"allow":["GET"]}}],"collection":[{"href":"https:\/\/catolicanet.net\/wp-cnet\/wp-json\/wp\/v2\/posts"}],"about":[{"href":"https:\/\/catolicanet.net\/wp-cnet\/wp-json\/wp\/v2\/types\/post"}],"author":[{"embeddable":true,"href":"https:\/\/catolicanet.net\/wp-cnet\/wp-json\/wp\/v2\/users\/1"}],"replies":[{"embeddable":true,"href":"https:\/\/catolicanet.net\/wp-cnet\/wp-json\/wp\/v2\/comments?post=71854"}],"version-history":[{"count":1,"href":"https:\/\/catolicanet.net\/wp-cnet\/wp-json\/wp\/v2\/posts\/71854\/revisions"}],"predecessor-version":[{"id":71856,"href":"https:\/\/catolicanet.net\/wp-cnet\/wp-json\/wp\/v2\/posts\/71854\/revisions\/71856"}],"wp:featuredmedia":[{"embeddable":true,"href":"https:\/\/catolicanet.net\/wp-cnet\/wp-json\/wp\/v2\/media\/71855"}],"wp:attachment":[{"href":"https:\/\/catolicanet.net\/wp-cnet\/wp-json\/wp\/v2\/media?parent=71854"}],"wp:term":[{"taxonomy":"category","embeddable":true,"href":"https:\/\/catolicanet.net\/wp-cnet\/wp-json\/wp\/v2\/categories?post=71854"},{"taxonomy":"post_tag","embeddable":true,"href":"https:\/\/catolicanet.net\/wp-cnet\/wp-json\/wp\/v2\/tags?post=71854"}],"curies":[{"name":"wp","href":"https:\/\/api.w.org\/{rel}","templated":true}]}}