{"id":71842,"date":"2021-12-07T09:54:54","date_gmt":"2021-12-07T12:54:54","guid":{"rendered":"https:\/\/catolicanet.net\/wp-cnet\/?p=71842"},"modified":"2021-12-07T16:35:34","modified_gmt":"2021-12-07T19:35:34","slug":"dezembro-vermelho-casa-joao-paulo-ii-garante-acolhida-e-assistencia-a-pessoas-com-hiv-na-paraiba","status":"publish","type":"post","link":"https:\/\/catolicanet.net\/wp-cnet\/dezembro-vermelho-casa-joao-paulo-ii-garante-acolhida-e-assistencia-a-pessoas-com-hiv-na-paraiba\/","title":{"rendered":"DEZEMBRO VERMELHO: CASA JO\u00c3O PAULO II GARANTE ACOLHIDA E ASSIST\u00caNCIA A PESSOAS COM HIV, NA PARA\u00cdBA"},"content":{"rendered":"<p style=\"text-align: justify;\">Dezembro \u00e9 o m\u00eas de luta pela conscientiza\u00e7\u00e3o e combate ao HIV\/AIDS. No Regional Nordeste 2 da Confer\u00eancia Nacional dos Bispos do Brasil (CNBB NE2), no entanto, o cuidado com as pessoas que convivem com o v\u00edrus acontece o ano todo.<\/p>\n<p style=\"text-align: justify;\">ao longo deste m\u00eas, vamos conhecer algumas iniciativas desenvolvidas pela Igreja, com apoio da Pastoral da AIDS, em favor dos irm\u00e3os e das irm\u00e3s soropositivas no territ\u00f3rio do Regional.<\/p>\n<figure id=\"attachment_860499\" class=\"wp-caption alignleft\" style=\"text-align: justify;\" aria-describedby=\"caption-attachment-860499\"><img loading=\"lazy\" decoding=\"async\" class=\"wp-image-860499 lazyloaded\" src=\"https:\/\/eadn-wc02-718006.nxedge.io\/cdn\/wp-content\/uploads\/2021\/12\/casa-joao-paulo-paraiba-pastoral-aids-300x200.jpg\" sizes=\"auto, (max-width: 434px) 100vw, 434px\" srcset=\"https:\/\/eadn-wc02-718006.nxedge.io\/cdn\/wp-content\/uploads\/2021\/12\/casa-joao-paulo-paraiba-pastoral-aids-300x200.jpg 300w, https:\/\/eadn-wc02-718006.nxedge.io\/cdn\/wp-content\/uploads\/2021\/12\/casa-joao-paulo-paraiba-pastoral-aids-391x260.jpg 391w, https:\/\/eadn-wc02-718006.nxedge.io\/cdn\/wp-content\/uploads\/2021\/12\/casa-joao-paulo-paraiba-pastoral-aids-500x333.jpg 500w, https:\/\/eadn-wc02-718006.nxedge.io\/cdn\/wp-content\/uploads\/2021\/12\/casa-joao-paulo-paraiba-pastoral-aids.jpg 600w\" alt=\"\" width=\"434\" height=\"289\" data-srcset=\"https:\/\/eadn-wc02-718006.nxedge.io\/cdn\/wp-content\/uploads\/2021\/12\/casa-joao-paulo-paraiba-pastoral-aids-300x200.jpg 300w, https:\/\/eadn-wc02-718006.nxedge.io\/cdn\/wp-content\/uploads\/2021\/12\/casa-joao-paulo-paraiba-pastoral-aids-391x260.jpg 391w, https:\/\/eadn-wc02-718006.nxedge.io\/cdn\/wp-content\/uploads\/2021\/12\/casa-joao-paulo-paraiba-pastoral-aids-500x333.jpg 500w, https:\/\/eadn-wc02-718006.nxedge.io\/cdn\/wp-content\/uploads\/2021\/12\/casa-joao-paulo-paraiba-pastoral-aids.jpg 600w\" data-src=\"https:\/\/eadn-wc02-718006.nxedge.io\/cdn\/wp-content\/uploads\/2021\/12\/casa-joao-paulo-paraiba-pastoral-aids-300x200.jpg\" data-sizes=\"(max-width: 434px) 100vw, 434px\" \/><figcaption id=\"caption-attachment-860499\" class=\"wp-caption-text\"><em>Na Para\u00edba, Casa Jo\u00e3o Paulo II garante acolhida e assist\u00eancia a pessoas vivendo com HIV<\/em><\/figcaption><\/figure>\n<p style=\"text-align: justify;\">Acolhida, tratamento digno, apoio psicol\u00f3gico, capacita\u00e7\u00e3o profissional e atividade f\u00edsica. Essa \u00e9 a rotina das pessoas vivendo com HIV\/AIDS que buscam ajuda na Casa de Conviv\u00eancia Jo\u00e3o Paulo II, localizada nas depend\u00eancias do Hospital Padre Z\u00e9, em Jo\u00e3o Pessoa. O projeto da Arquidiocese da Para\u00edba \u00e9 desenvolvido desde 1996 por meio da A\u00e7\u00e3o Social Arquidiocesana (ASA).<\/p>\n<p style=\"text-align: justify;\">Em toda Para\u00edba, s\u00f3 nos \u00faltimos 10 anos, a Secretaria Estadual de Sa\u00fade registrou mais de 8.850 novos casos de HIV\/AIDS. O tratamento e acompanhamento m\u00e9dico dessas pessoas \u00e9 realizado nos Hospitais Clementino Fraga e Lauro Wanderley, na capital.<\/p>\n<p style=\"text-align: justify;\">A Casa de Conviv\u00eancia Jo\u00e3o Paulo II garante acomoda\u00e7\u00e3o e assist\u00eancia aos pacientes vindos de outras cidades durante o per\u00edodo necess\u00e1rio para realiza\u00e7\u00e3o de consultas e exames. Atualmente, s\u00e3o atendidas mais de 250 pessoas oriundas de todo Estado. A coordenadora do espa\u00e7o, Goretti Rolin, explica que tudo \u00e9 pensado e dirigido para garantir melhor qualidade de vida a todos os assistidos.<\/p>\n<p style=\"text-align: justify;\"><img loading=\"lazy\" decoding=\"async\" class=\"wp-image-860500 alignright lazyloaded\" src=\"https:\/\/eadn-wc02-718006.nxedge.io\/cdn\/wp-content\/uploads\/2021\/12\/pastoral-aids-paraiba-300x225.jpg\" sizes=\"auto, (max-width: 354px) 100vw, 354px\" srcset=\"https:\/\/eadn-wc02-718006.nxedge.io\/cdn\/wp-content\/uploads\/2021\/12\/pastoral-aids-paraiba-300x225.jpg 300w, https:\/\/eadn-wc02-718006.nxedge.io\/cdn\/wp-content\/uploads\/2021\/12\/pastoral-aids-paraiba-768x576.jpg 768w, https:\/\/eadn-wc02-718006.nxedge.io\/cdn\/wp-content\/uploads\/2021\/12\/pastoral-aids-paraiba-500x375.jpg 500w, https:\/\/eadn-wc02-718006.nxedge.io\/cdn\/wp-content\/uploads\/2021\/12\/pastoral-aids-paraiba-800x600.jpg 800w, https:\/\/eadn-wc02-718006.nxedge.io\/cdn\/wp-content\/uploads\/2021\/12\/pastoral-aids-paraiba.jpg 1024w\" alt=\"\" width=\"354\" height=\"265\" data-srcset=\"https:\/\/eadn-wc02-718006.nxedge.io\/cdn\/wp-content\/uploads\/2021\/12\/pastoral-aids-paraiba-300x225.jpg 300w, https:\/\/eadn-wc02-718006.nxedge.io\/cdn\/wp-content\/uploads\/2021\/12\/pastoral-aids-paraiba-768x576.jpg 768w, https:\/\/eadn-wc02-718006.nxedge.io\/cdn\/wp-content\/uploads\/2021\/12\/pastoral-aids-paraiba-500x375.jpg 500w, https:\/\/eadn-wc02-718006.nxedge.io\/cdn\/wp-content\/uploads\/2021\/12\/pastoral-aids-paraiba-800x600.jpg 800w, https:\/\/eadn-wc02-718006.nxedge.io\/cdn\/wp-content\/uploads\/2021\/12\/pastoral-aids-paraiba.jpg 1024w\" data-src=\"https:\/\/eadn-wc02-718006.nxedge.io\/cdn\/wp-content\/uploads\/2021\/12\/pastoral-aids-paraiba-300x225.jpg\" data-sizes=\"(max-width: 354px) 100vw, 354px\" \/><\/p>\n<p style=\"text-align: justify;\"><em>\u201cAqui oferecemos, por exemplo, o trabalho chamado Grupos Positivos, onde abordamos v\u00e1rias tem\u00e1ticas que alcancem as necessidades da pessoa vivendo com HIV\/AIDS, como direitos previdenci\u00e1rios, direitos garantidos, doen\u00e7as oportunistas e o que mais seja necess\u00e1rio para o empoderamento dessas pessoas. Al\u00e9m disso, entregamos cestas b\u00e1sicas todos os meses e auxiliamos na conquista do v\u00ednculo empregat\u00edcio atrav\u00e9s de nossas institui\u00e7\u00f5es e empresas parceiras\u201d<\/em>, afirma.<\/p>\n<p style=\"text-align: justify;\">A Casa Jo\u00e3o Paulo II \u00e9 equipada com quartos, banheiros, salas de conviv\u00eancia, capela, refeit\u00f3rio e espa\u00e7os onde s\u00e3o oferecidas as mais variadas atividades:<\/p>\n<ul style=\"text-align: justify;\">\n<li>Projeto Vida Positiva \u2013 oficinas de conhecimento do poder da natureza atrav\u00e9s das plantas e \u00f3leos medicinais. Inclui a fabrica\u00e7\u00e3o de fitoter\u00e1picos, sabonetes, sab\u00e3o ecol\u00f3gico, tinturas, composto de \u00f3leos medicinais, pomadas, lambedores, entre outros itens que garantem gera\u00e7\u00e3o de renda.<\/li>\n<li>Atendimento psicoterap\u00eautico individual e coletivo;<\/li>\n<li>Atendimentos com as terapias integrativas complementares como fitoterapia, aromaterapia, an\u00e1lise bioenerg\u00e9tica, cromoterapia, reflexologia podal e a Quick Massagem;<\/li>\n<li>Pilates solo em grupo e individual, que promove o equil\u00edbrio e a coordena\u00e7\u00e3o, al\u00e9m de proporcionar redu\u00e7\u00e3o de dores musculares e articulares;<\/li>\n<li>Oficinas de pintura em tela, em pe\u00e7as de barros, croch\u00ea e fabrica\u00e7\u00e3o de pe\u00e7as em argila.<\/li>\n<\/ul>\n<pre class=\"wp-block-preformatted\"><strong><em>Com informa\u00e7\u00f5es e fotos da Pascom Para\u00edba<\/em><\/strong><\/pre>\n","protected":false},"excerpt":{"rendered":"<p>Dezembro \u00e9 o m\u00eas de luta pela conscientiza\u00e7\u00e3o e combate ao HIV\/AIDS. No Regional Nordeste 2 da Confer\u00eancia Nacional dos Bispos do Brasil (CNBB NE2), no entanto, o cuidado com as pessoas que convivem com o v\u00edrus acontece o ano todo. ao longo deste m\u00eas, vamos conhecer algumas iniciativas desenvolvidas pela Igreja, com apoio da [&hellip;]<\/p>\n","protected":false},"author":1,"featured_media":71843,"comment_status":"open","ping_status":"closed","sticky":false,"template":"","format":"standard","meta":{"footnotes":""},"categories":[7],"tags":[],"class_list":["post-71842","post","type-post","status-publish","format-standard","has-post-thumbnail","hentry","category-cnbb"],"_links":{"self":[{"href":"https:\/\/catolicanet.net\/wp-cnet\/wp-json\/wp\/v2\/posts\/71842","targetHints":{"allow":["GET"]}}],"collection":[{"href":"https:\/\/catolicanet.net\/wp-cnet\/wp-json\/wp\/v2\/posts"}],"about":[{"href":"https:\/\/catolicanet.net\/wp-cnet\/wp-json\/wp\/v2\/types\/post"}],"author":[{"embeddable":true,"href":"https:\/\/catolicanet.net\/wp-cnet\/wp-json\/wp\/v2\/users\/1"}],"replies":[{"embeddable":true,"href":"https:\/\/catolicanet.net\/wp-cnet\/wp-json\/wp\/v2\/comments?post=71842"}],"version-history":[{"count":1,"href":"https:\/\/catolicanet.net\/wp-cnet\/wp-json\/wp\/v2\/posts\/71842\/revisions"}],"predecessor-version":[{"id":71844,"href":"https:\/\/catolicanet.net\/wp-cnet\/wp-json\/wp\/v2\/posts\/71842\/revisions\/71844"}],"wp:featuredmedia":[{"embeddable":true,"href":"https:\/\/catolicanet.net\/wp-cnet\/wp-json\/wp\/v2\/media\/71843"}],"wp:attachment":[{"href":"https:\/\/catolicanet.net\/wp-cnet\/wp-json\/wp\/v2\/media?parent=71842"}],"wp:term":[{"taxonomy":"category","embeddable":true,"href":"https:\/\/catolicanet.net\/wp-cnet\/wp-json\/wp\/v2\/categories?post=71842"},{"taxonomy":"post_tag","embeddable":true,"href":"https:\/\/catolicanet.net\/wp-cnet\/wp-json\/wp\/v2\/tags?post=71842"}],"curies":[{"name":"wp","href":"https:\/\/api.w.org\/{rel}","templated":true}]}}