{"id":71789,"date":"2021-12-04T09:30:39","date_gmt":"2021-12-04T12:30:39","guid":{"rendered":"https:\/\/catolicanet.net\/wp-cnet\/?p=71789"},"modified":"2021-12-06T13:40:18","modified_gmt":"2021-12-06T16:40:18","slug":"eu-sou-a-voz-que-clama-no-deserto","status":"publish","type":"post","link":"https:\/\/catolicanet.net\/wp-cnet\/eu-sou-a-voz-que-clama-no-deserto\/","title":{"rendered":"Eu sou a voz que clama no deserto"},"content":{"rendered":"<p style=\"text-align: justify;\">Estamos no segundo domingo do Advento e caminhando na Campanha para a Evangeliza\u00e7\u00e3o \u2013 ide, sem medo, para servir. Advento! Tempo de se preparar para acolher o Senhor que vem, veio e vir\u00e1! Por mais escuro que esteja o horizonte \u00e0 nossa frente, precisamos acreditar que dias melhores vir\u00e3o, pois Deus \u00e9 fiel e n\u00e3o abandona seu povo. Nesse segundo domingo do Advento, S\u00e3o Jo\u00e3o Batista aparece como uma voz no deserto, fazendo um apelo \u00e0 convers\u00e3o, para preparar o caminho do Senhor!<\/p>\n<p style=\"text-align: justify;\">Jo\u00e3o Batista define-se como uma \u201cvoz que clama no deserto: preparai o caminho do Senhor, endireitai as suas veredas\u201d (Lc 3,4). Esta voz proclama a palavra, mas em tal caso a Palavra de Deus precede, enquanto \u00e9 ela mesma que desce sobre Jo\u00e3o, filho de Zacarias, no deserto (Lc 3,2). Portanto, ele tem um grande papel a desempenhar, mas sempre em fun\u00e7\u00e3o de Cristo. Santo Agostinho comenta: \u201cJo\u00e3o \u00e9 a voz. Do Senhor, ao contr\u00e1rio, afirma-se: \u201cNo princ\u00edpio era o Verbo\u201d (Jo 1,1).<\/p>\n<p style=\"text-align: justify;\">\u201cJo\u00e3o \u00e9 a voz que passa, Cristo \u00e9 a Palavra eterna que era no princ\u00edpio. Se \u00e0 voz tirarmos a palavra, o que permanece? Um som vago. A voz sem palavra atinge o ouvido, mas n\u00e3o edifica o cora\u00e7\u00e3o\u201d. Quanto a n\u00f3s, hoje temos a tarefa de ouvir aquela voz para conceder a Jesus, Palavra que nos salva, espa\u00e7o e acolhimento no cora\u00e7\u00e3o. Neste Tempo de Advento, preparemo-nos para ver, com os olhos da f\u00e9, na Gruta humilde de Bel\u00e9m, a salva\u00e7\u00e3o de Deus (Lc 3, 6).<\/p>\n<p style=\"text-align: justify;\">Na linda prega\u00e7\u00e3o de Jo\u00e3o Batista (Lc 3, 1-6), acodem-me \u00e0 mente as palavras do Profeta Isa\u00edas: \u201cUma voz exclama: abri no deserto um caminho para o Senhor [\u2026]. Que todo vale seja aterrado, que toda montanha e colina sejam abaixadas\u2026 Subi a uma alta montanha, para anunciar a boa nova a Si\u00e3o. Elevai com for\u00e7a a voz\u2026, dizei \u00e0s cidades de Jud\u00e1: \u2018Eis o vosso Deus!\u2019\u201d (Is 40, 1-5.9-11).<\/p>\n<p style=\"text-align: justify;\">Jo\u00e3o Batista nos oferece um espl\u00eandido exemplo de proclama\u00e7\u00e3o do Evangelho. O que o Batista compreendeu a respeito de Jesus \u00e9 que se trata de algu\u00e9m de que ele n\u00e3o \u00e9 sequer digno de aproximar-se para desatar-lhe as sand\u00e1lias; que \u00e9 \u201co mais forte\u201d, aquele que batizar\u00e1 no Esp\u00edrito Santo e que desafiar\u00e1, por assim dizer, o mundo a ferro e fogo!<\/p>\n<p style=\"text-align: justify;\">Jo\u00e3o Batista teve a capacidade de fazer sentir Cristo \u201cperto\u201d, \u00e0s portas (Jo 1,26), como algu\u00e9m que est\u00e1 \u201cno meio\u201d dos homens e n\u00e3o como uma abstra\u00e7\u00e3o mental; como algu\u00e9m que j\u00e1 tem na m\u00e3o a p\u00e1 (Mt 3,12) e se apresenta para atuar o ju\u00edzo, por isso n\u00e3o h\u00e1 mais tempo a perder. A for\u00e7a de seu an\u00fancio estava em sua humildade (Jo 3,30): Importa que ele cres\u00e7a e eu diminua, em sua austeridade e em sua coer\u00eancia.<\/p>\n<p style=\"text-align: justify;\">Necessitamos de an\u00fancios inspirados e corajosos, como os de Isa\u00edas e de Jo\u00e3o Batista. Diante deles o mundo n\u00e3o poderia ficar insens\u00edvel, como acontece quando se fala de Jesus Cristo s\u00f3 com sabedoria de palavras, com livros que n\u00e3o acabam mais, mas sem a for\u00e7a e sem a coer\u00eancia de vida.<\/p>\n<p style=\"text-align: justify;\">Toda a ess\u00eancia da vida de Jo\u00e3o, desde o seio materno, esteve subordinada \u00e0 essa miss\u00e3o! Jo\u00e3o Batista se entrega totalmente nessa miss\u00e3o, dedicando-se a ela, n\u00e3o por gosto pessoal, mas por ter sido concebido para isso. E vai realizar a sua miss\u00e3o at\u00e9 o fim, at\u00e9 dar a vida, no cumprimento da sua voca\u00e7\u00e3o.<\/p>\n<p style=\"text-align: justify;\">Foram muitos os que conheceram Jesus gra\u00e7as ao trabalho apost\u00f3lico do Batista. Os primeiros disc\u00edpulos seguiram Jesus por indica\u00e7\u00e3o expressa dele e muitos outros se prepararam interiormente para segui-lo, gra\u00e7as \u00e0 sua prega\u00e7\u00e3o.<\/p>\n<p style=\"text-align: justify;\">\u00c9 bela a voca\u00e7\u00e3o de Jo\u00e3o Batista! A voca\u00e7\u00e3o abarca a vida inteira e leva a fazer girar tudo em torno da miss\u00e3o divina. Cada homem, no seu lugar e dentro das suas pr\u00f3prias circunst\u00e2ncias, tem uma voca\u00e7\u00e3o dada por Deus \u2014 para que ela se cumpra, dependem outras coisas queridas pela vontade divina!<\/p>\n<p style=\"text-align: justify;\">\u201cEu sou a voz que clama no deserto!\u201d Jo\u00e3o Batista n\u00e3o \u00e9 mais do que a voz, a voz que anuncia Jesus. Essa \u00e9 a sua miss\u00e3o, a sua vida, a sua personalidade. Todo o seu ser est\u00e1 definido em fun\u00e7\u00e3o de Jesus, como teria que acontecer na nossa vida, na vida de qualquer crist\u00e3o. O importante da nossa vida \u00e9 Jesus!<\/p>\n<p style=\"text-align: justify;\">\u00c0 medida que Cristo vai se manifestando, Jo\u00e3o procura ficar em segundo plano, ir desaparecendo. Dizia S\u00e3o Greg\u00f3rio: \u201cJo\u00e3o Batista perseverou na santidade porque se conservou humilde no seu cora\u00e7\u00e3o\u201d.<\/p>\n<p style=\"text-align: justify;\">Como precursor, indica-nos o caminho que devemos seguir! Na a\u00e7\u00e3o apost\u00f3lica pessoal \u2014 enquanto preparamos os nossos amigos para que encontrem o Senhor \u2014, devemos procurar n\u00e3o ser o centro. O importante \u00e9 que Cristo seja anunciado, conhecido e amado.<\/p>\n<p style=\"text-align: justify;\">Sem humildade, n\u00e3o poder\u00edamos aproximar os nossos amigos de Deus. E ent\u00e3o a nossa vida ficaria vazia. N\u00e3o somos apenas precursores! Somos tamb\u00e9m testemunhas de Cristo. Recebemos, com a gra\u00e7a batismal e a Crisma, o honroso dever de confessar a f\u00e9 em Cristo, com as nossas a\u00e7\u00f5es e com a nossa palavra. \u00a0Que tipo de testemunhas n\u00f3s somos? Como \u00e9 o nosso testemunho crist\u00e3o entre os nossos colegas, na fam\u00edlia?<\/p>\n<p style=\"text-align: justify;\">Temos que dar testemunho e, ao mesmo tempo, apontar aos outros o caminho. \u201cTamb\u00e9m conduzir-nos de tal maneira que, ao ver-nos, os outros possam dizer: este \u00e9 crist\u00e3o porque n\u00e3o odeia, porque sabe compreender, porque n\u00e3o \u00e9 fan\u00e1tico, porque est\u00e1 acima dos instintos, porque \u00e9 sacrificado, porque manifesta sentimento de paz, porque ama\u201d (\u00c9 Cristo que passa, n\u00ba 122).<\/p>\n<p style=\"text-align: justify;\">Nesse Tempo do Advento, encontramos muitas pessoas olhando em outra dire\u00e7\u00e3o, de onde n\u00e3o vir\u00e1 ningu\u00e9m; ou onde outros est\u00e3o debru\u00e7ados sobre os bens materiais, como se fossem o seu \u00faltimo fim. Mas eles jamais satisfar\u00e3o o seu cora\u00e7\u00e3o! Cabe a n\u00f3s apontar-lhes o caminho. A todos! Diz-nos Santo Agostinho: \u201cSabeis o que cada um de n\u00f3s tem que fazer em casa, com o amigo, com o vizinho, com os dependentes, com o superior, com o inferior. N\u00e3o queirais, pois, viver tranquilos at\u00e9 conquist\u00e1-los para Cristo, porque v\u00f3s fostes conquistados por Cristo\u201d.<\/p>\n<p style=\"text-align: justify;\">A nossa fam\u00edlia, os amigos, os colegas de trabalho, as pessoas que vemos com frequ\u00eancia, devem ser os primeiros a beneficiar-se do nosso amor por Deus. Com o exemplo e com a ora\u00e7\u00e3o, devemos chegar at\u00e9 mesmo \u00e0queles com quem n\u00e3o temos ocasi\u00e3o de falar habitualmente, por\u00e9m, n\u00e3o devemos nos esquecer que \u00e9 a gra\u00e7a de Deus, n\u00e3o as nossas for\u00e7as humanas, que consegue levar as almas ao Senhor!<\/p>\n<p style=\"text-align: justify;\">Na sociedade consumista, na qual somos tentados a procurar a alegria nas coisas, Jo\u00e3o Batista ensina-nos a viver de maneira essencial, a fim de que o Natal seja vivido n\u00e3o s\u00f3 como uma festa exterior, mas como a festa do Filho de Deus que veio trazer aos homens a paz, a vida e a alegria verdadeira.<\/p>\n<p style=\"text-align: justify;\">Deus quer servir-se de n\u00f3s para preparar os homens de hoje para a vinda de Cristo no Natal desse ano. \u00c0 intercess\u00e3o materna de Maria, Virgem do Advento, confiemos o nosso caminho ao encontro do Senhor que vem, permanecendo prontos para o receber no cora\u00e7\u00e3o e na vida inteira, o Emanuel, o Deus-conosco.<\/p>\n","protected":false},"excerpt":{"rendered":"<p>Estamos no segundo domingo do Advento e caminhando na Campanha para a Evangeliza\u00e7\u00e3o \u2013 ide, sem medo, para servir. Advento! Tempo de se preparar para acolher o Senhor que vem, veio e vir\u00e1! Por mais escuro que esteja o horizonte \u00e0 nossa frente, precisamos acreditar que dias melhores vir\u00e3o, pois Deus \u00e9 fiel e n\u00e3o [&hellip;]<\/p>\n","protected":false},"author":5,"featured_media":55819,"comment_status":"open","ping_status":"closed","sticky":false,"template":"","format":"standard","meta":{"footnotes":""},"categories":[9],"tags":[],"class_list":["post-71789","post","type-post","status-publish","format-standard","has-post-thumbnail","hentry","category-artigos"],"_links":{"self":[{"href":"https:\/\/catolicanet.net\/wp-cnet\/wp-json\/wp\/v2\/posts\/71789","targetHints":{"allow":["GET"]}}],"collection":[{"href":"https:\/\/catolicanet.net\/wp-cnet\/wp-json\/wp\/v2\/posts"}],"about":[{"href":"https:\/\/catolicanet.net\/wp-cnet\/wp-json\/wp\/v2\/types\/post"}],"author":[{"embeddable":true,"href":"https:\/\/catolicanet.net\/wp-cnet\/wp-json\/wp\/v2\/users\/5"}],"replies":[{"embeddable":true,"href":"https:\/\/catolicanet.net\/wp-cnet\/wp-json\/wp\/v2\/comments?post=71789"}],"version-history":[{"count":1,"href":"https:\/\/catolicanet.net\/wp-cnet\/wp-json\/wp\/v2\/posts\/71789\/revisions"}],"predecessor-version":[{"id":71790,"href":"https:\/\/catolicanet.net\/wp-cnet\/wp-json\/wp\/v2\/posts\/71789\/revisions\/71790"}],"wp:featuredmedia":[{"embeddable":true,"href":"https:\/\/catolicanet.net\/wp-cnet\/wp-json\/wp\/v2\/media\/55819"}],"wp:attachment":[{"href":"https:\/\/catolicanet.net\/wp-cnet\/wp-json\/wp\/v2\/media?parent=71789"}],"wp:term":[{"taxonomy":"category","embeddable":true,"href":"https:\/\/catolicanet.net\/wp-cnet\/wp-json\/wp\/v2\/categories?post=71789"},{"taxonomy":"post_tag","embeddable":true,"href":"https:\/\/catolicanet.net\/wp-cnet\/wp-json\/wp\/v2\/tags?post=71789"}],"curies":[{"name":"wp","href":"https:\/\/api.w.org\/{rel}","templated":true}]}}