{"id":71768,"date":"2021-12-06T09:05:44","date_gmt":"2021-12-06T12:05:44","guid":{"rendered":"https:\/\/catolicanet.net\/wp-cnet\/?p=71768"},"modified":"2021-12-06T12:10:47","modified_gmt":"2021-12-06T15:10:47","slug":"tv-aparecida-recebe-trofeu-clara-de-assis-por-categoria-documentario-durante-missa-no-santuario-nacional","status":"publish","type":"post","link":"https:\/\/catolicanet.net\/wp-cnet\/tv-aparecida-recebe-trofeu-clara-de-assis-por-categoria-documentario-durante-missa-no-santuario-nacional\/","title":{"rendered":"TV APARECIDA RECEBE TROF\u00c9U CLARA DE ASSIS, POR CATEGORIA DOCUMENT\u00c1RIO, DURANTE MISSA NO SANTU\u00c1RIO NACIONAL"},"content":{"rendered":"<p style=\"text-align: justify;\" align=\"justify\">A \u201cMissa de Aparecida\u201d, celebrada neste domingo (05), \u00e0s 18h, no Santu\u00e1rio Nacional, em Aparecida (SP), registra uma importante conquista da TV Aparecida. Na ocasi\u00e3o, foi entregue o trof\u00e9u do pr\u00eamio Clara de Assis, da CNBB, na categoria Document\u00e1rios, por conta da reportagem produzida pelo programa \u201cArquivo A \u2013 Desafios da Igreja \u2013 Realidade Ind\u00edgenas\u201d.<\/p>\n<p style=\"text-align: justify;\" align=\"justify\">A celebra\u00e7\u00e3o, transmitida pela emissora, mostrou a entrega do trof\u00e9u pelas m\u00e3os do Superior Provincial dos Redentoristas de S\u00e3o Paulo, padre Marlos Aur\u00e9lio da Silva e do arcebispo de Aparecida, dom Orlando Brandes. O pr\u00eamio foi recebido pela jornalista Camila Morais e pelo rep\u00f3rter cinematogr\u00e1fico Diego Rosa..<\/p>\n<p style=\"text-align: justify;\" align=\"justify\">A cerim\u00f4nia da 53\u00aa edi\u00e7\u00e3o dos Pr\u00eamios de Comunica\u00e7\u00e3o da Confer\u00eancia Nacional dos Bispos do Brasil (CNBB), que revelou os vencedores, aconteceu no \u00faltimo dia 20 de outubro.<\/p>\n<p style=\"text-align: justify;\" align=\"justify\">O objetivo do pr\u00eamio anual da CNBB \u00e9 o reconhecimento p\u00fablico da Igreja Cat\u00f3lica ao trabalho de profissionais da comunica\u00e7\u00e3o. Isso, nas diversas m\u00eddias, em obras que se destacam pelo servi\u00e7o \u00e0 dignidade humana e aos valores do Evangelho. O pr\u00eamio tamb\u00e9m tem por objetivo estimular, fomentar e reconhecer as boas iniciativas de trabalho jornal\u00edstico e cultural provenientes de todo o Brasil nas \u00e1reas do Cinema, R\u00e1dio, Televis\u00e3o, Imprensa e Internet, bem como, do campo da pesquisa acad\u00eamica em comunica\u00e7\u00e3o.<\/p>\n<h3 style=\"text-align: justify;\" align=\"justify\"><strong>Sobre o programa premiado<\/strong><\/h3>\n<p style=\"text-align: justify;\" align=\"justify\">Com reportagem de\u00a0Camila Morais, a produ\u00e7\u00e3o do \u201cArquivo A\u201d fez uma radiografia da situa\u00e7\u00e3o no Brasil com rela\u00e7\u00e3o \u00e0 demarca\u00e7\u00e3o de terras ind\u00edgenas. Em 15 dias, a equipe de jornalismo da emissora visitou nove aldeias no Mato Grosso do Sul e em Rond\u00f4nia. O document\u00e1rio mostrou que diante da Constitui\u00e7\u00e3o Federal, a terra \u00e9 garantida para os ind\u00edgenas, mas na pr\u00e1tica essa realidade n\u00e3o funciona.<\/p>\n<p style=\"text-align: justify;\" align=\"justify\">O programa ainda\u00a0revela que o Mato Grosso do Sul, os ind\u00edgenas enfrentam, al\u00e9m da falta de demarca\u00e7\u00e3o dos seus territ\u00f3rios, amea\u00e7as, massacres e s\u00e3o v\u00edtimas de agrot\u00f3xicos de grandes fazendeiros que desejam expulsar as etnias presentes na regi\u00e3o.<\/p>\n<p style=\"text-align: justify;\" align=\"justify\">J\u00e1\u00a0em Rond\u00f4nia, a produ\u00e7\u00e3o concluiu que, mesmo com o territ\u00f3rio demarcado e homologado, os ind\u00edgenas enfrentam o problema da grilagem. Grileiros e madeireiros invadiram parte da terra, que fica na regi\u00e3o amaz\u00f4nica, exploram a madeira e vendem de forma ilegal os lotes de terra. Nesse programa destaca-se a atua\u00e7\u00e3o do Cimi (Conselho Indigenista Mission\u00e1rio) e como \u00e9 importante a luta pela demarca\u00e7\u00e3o de terras ind\u00edgenas. O document\u00e1rio ainda aponta que a falta de terra provoca in\u00fameros problemas relacionados \u00e0 cultura, sa\u00fade e exist\u00eancia ind\u00edgena.<\/p>\n<p style=\"text-align: justify;\" align=\"justify\"><a href=\"https:\/\/www.a12.com\/tv\/imprensa\/tv-aparecida-recebe-premio-da-cnbb-durante-missa-no-santuario-nacional\" target=\"_blank\" rel=\"noopener\">Confira as fotos no portal A12<\/a>.<\/p>\n<p style=\"text-align: justify;\" align=\"justify\">\n<pre>Com informa\u00e7\u00f5es do portal A12. Foto: Mariana Joffre\/A12<\/pre>\n","protected":false},"excerpt":{"rendered":"<p>A \u201cMissa de Aparecida\u201d, celebrada neste domingo (05), \u00e0s 18h, no Santu\u00e1rio Nacional, em Aparecida (SP), registra uma importante conquista da TV Aparecida. Na ocasi\u00e3o, foi entregue o trof\u00e9u do pr\u00eamio Clara de Assis, da CNBB, na categoria Document\u00e1rios, por conta da reportagem produzida pelo programa \u201cArquivo A \u2013 Desafios da Igreja \u2013 Realidade Ind\u00edgenas\u201d. [&hellip;]<\/p>\n","protected":false},"author":1,"featured_media":71769,"comment_status":"open","ping_status":"closed","sticky":false,"template":"","format":"standard","meta":{"footnotes":""},"categories":[7],"tags":[],"class_list":["post-71768","post","type-post","status-publish","format-standard","has-post-thumbnail","hentry","category-cnbb"],"_links":{"self":[{"href":"https:\/\/catolicanet.net\/wp-cnet\/wp-json\/wp\/v2\/posts\/71768","targetHints":{"allow":["GET"]}}],"collection":[{"href":"https:\/\/catolicanet.net\/wp-cnet\/wp-json\/wp\/v2\/posts"}],"about":[{"href":"https:\/\/catolicanet.net\/wp-cnet\/wp-json\/wp\/v2\/types\/post"}],"author":[{"embeddable":true,"href":"https:\/\/catolicanet.net\/wp-cnet\/wp-json\/wp\/v2\/users\/1"}],"replies":[{"embeddable":true,"href":"https:\/\/catolicanet.net\/wp-cnet\/wp-json\/wp\/v2\/comments?post=71768"}],"version-history":[{"count":1,"href":"https:\/\/catolicanet.net\/wp-cnet\/wp-json\/wp\/v2\/posts\/71768\/revisions"}],"predecessor-version":[{"id":71770,"href":"https:\/\/catolicanet.net\/wp-cnet\/wp-json\/wp\/v2\/posts\/71768\/revisions\/71770"}],"wp:featuredmedia":[{"embeddable":true,"href":"https:\/\/catolicanet.net\/wp-cnet\/wp-json\/wp\/v2\/media\/71769"}],"wp:attachment":[{"href":"https:\/\/catolicanet.net\/wp-cnet\/wp-json\/wp\/v2\/media?parent=71768"}],"wp:term":[{"taxonomy":"category","embeddable":true,"href":"https:\/\/catolicanet.net\/wp-cnet\/wp-json\/wp\/v2\/categories?post=71768"},{"taxonomy":"post_tag","embeddable":true,"href":"https:\/\/catolicanet.net\/wp-cnet\/wp-json\/wp\/v2\/tags?post=71768"}],"curies":[{"name":"wp","href":"https:\/\/api.w.org\/{rel}","templated":true}]}}