{"id":71758,"date":"2021-12-06T09:44:11","date_gmt":"2021-12-06T12:44:11","guid":{"rendered":"https:\/\/catolicanet.net\/wp-cnet\/?p=71758"},"modified":"2021-12-06T11:55:35","modified_gmt":"2021-12-06T14:55:35","slug":"visita-do-papa-a-atenas-vai-abrir-a-grecia-ao-mundo-diz-arcebispo-kontidis","status":"publish","type":"post","link":"https:\/\/catolicanet.net\/wp-cnet\/visita-do-papa-a-atenas-vai-abrir-a-grecia-ao-mundo-diz-arcebispo-kontidis\/","title":{"rendered":"Visita do Papa a Atenas vai abrir a Gr\u00e9cia ao mundo, diz arcebispo Kontidis"},"content":{"rendered":"<figure class=\"article__image\"><span class=\"didascalia_img\">Visita de cortesia ao Papa Francisco de Sua Beatitudine Ieronymos II, na Nunciatura Apost\u00f3lica\u00a0 (Vatican Media)<\/span><\/figure>\n<div class=\"article__meta \" data-mediatype=\"\">\n<div class=\"article__subTitle\" style=\"text-align: justify;\">Um forte impulso ao di\u00e1logo ecum\u00eanico; um apelo aos cat\u00f3licos para redescobrir a f\u00e9 e sentirem-se parte da Igreja universal; um chamado aos governos para n\u00e3o perderem a humanidade diante da trag\u00e9dia da migra\u00e7\u00e3o. Segundo o arcebispo cat\u00f3lico de Atenas, esta \u00e9 uma primeira avalia\u00e7\u00e3o sobre a visita de Francisco \u00e0 Gr\u00e9cia<\/div>\n<div class=\"title__separator\" style=\"text-align: justify;\"><\/div>\n<div class=\"article__text \">\n<p style=\"text-align: justify;\"><b>Francesca Sabatinelli \u2013 Atenas<\/b><\/p>\n<p style=\"text-align: justify;\">A 35\u00aa Viagem Apost\u00f3lica do Papa Francisco termina na manh\u00e3 desta segunda-feira com a despedida no Aeroporto Internacional de Atenas. Ap\u00f3s a visita do presidente do Parlamento \u00e0 Nunciatura Apost\u00f3lica \u00e0s 8h15, hora local, 7h15, na It\u00e1lia, Francisco transferiu-se-se para o Col\u00e9gio de S\u00e3o Dion\u00edsio, administrado pelas Irm\u00e3s Ursulinas de Maroussi, para o encontro com os jovens a quem dirige um discurso. No final, o deslocamento ao aeroporto de onde parte com destino a Roma, aonde o Pont\u00edfice dever\u00e1, segundo o programa, \u00e0s 12h35.<\/p>\n<p style=\"text-align: justify;\">No entanto, antes ainda da conclus\u00e3o desta viagem, j\u00e1 se buscam as sementes que Francisco plantou no cora\u00e7\u00e3o dos fi\u00e9is greco-cat\u00f3licos, assim como a dimens\u00e3o ao impulso ecum\u00eanico ap\u00f3s os encontros com a ortodoxia, quer em Chipre como na Gr\u00e9cia.<\/p>\n<p style=\"text-align: justify;\">Desde o an\u00fancio desta viagem, a visita de Francisco \u00e0 Gr\u00e9cia tem sido vista como um passo importante para o mundo ortodoxo. O arcebispo de Atenas e administrador apost\u00f3lico\u00a0<i>ad nutum Sanctae Sedis\u00a0<\/i>de Rodes, Theodoros Kontidis, est\u00e1 plenamente convencido disso, como contou ao Vatican News:<\/p>\n<p style=\"text-align: justify;\"><b>Arcebispo Kontidis, que balan\u00e7o o senhor faz desta visita de Francisco \u00e0 Gr\u00e9cia?<\/b><\/p>\n<p style=\"text-align: justify;\">Na minha opini\u00e3o, \u00e9 importante o interesse do mundo pol\u00edtico e do governo que ajudou e apoiou toda essa viagem. \u00c9 uma abertura da sociedade grega para al\u00e9m do contexto grego. Tradicionalmente, a Gr\u00e9cia \u00e9 um pa\u00eds muito homog\u00eaneo, a tend\u00eancia de permanecer fechado \u00e9 uma tenta\u00e7\u00e3o muito forte e, portanto, a Igreja Cat\u00f3lica, mesmo que pequena, constitui aqui uma janela para o mundo exterior. Todos os gregos t\u00eam uma ideia do Papa, mas n\u00e3o entendem bem o que isso significa para um cat\u00f3lico e qual \u00e9 a realidade do Papa, porque a veem atrav\u00e9s da hist\u00f3ria grega e da hist\u00f3ria da ortodoxia. Isso significa que a presen\u00e7a do Papa aqui, tudo o que acontece, suas palavras, e assim por diante, ajudam a mudar a imagem do mundo fora de n\u00f3s, gregos. Portanto, a presen\u00e7a do Papa na Gr\u00e9cia tem um significado social e cultural para este pa\u00eds, e tamb\u00e9m religioso. E isso \u00e9 \u00f3bvio para a Igreja Cat\u00f3lica local, porque \u00e9 uma raz\u00e3o de unidade, \u00e9 um apelo para renovar e retomar a nossa f\u00e9 e, portanto, sentir-nos parte da Igreja Cat\u00f3lica universal. Ao mesmo tempo, \u00e9 tamb\u00e9m uma oportunidade para todos esses cat\u00f3licos que se distanciaram da Igreja repensarem a quest\u00e3o da f\u00e9. Espero que possa ser uma renova\u00e7\u00e3o da f\u00e9, algo essencial. Ao mesmo tempo, \u00e9 um passo em dire\u00e7\u00e3o \u00e0 Igreja Ortodoxa. Esta rela\u00e7\u00e3o com os Ortodoxos deve ser renovada, sem se cansar nunca das dificuldades! \u00c9 muito importante porque a unidade da Igreja \u00e9 nosso dever. Com os ortodoxos compartilhamos a mesma f\u00e9, os mesmos sacramentos, a mesma tradi\u00e7\u00e3o, o ensino dos Santos, dos Conc\u00edlios, \u00e9 t\u00e3o importante que n\u00e3o podemos ficar indiferentes, \u00e9 muito importante para a presen\u00e7a e a palavra dos crist\u00e3os no mundo e na cultura contempor\u00e2nea. Portanto, \u00e9 preciso fazer de tudo, retomar a quest\u00e3o da unidade e dar passos em dire\u00e7\u00e3o ao entendimento, sem desanimar com as dificuldades que encontramos.<\/p>\n<p style=\"text-align: justify;\"><b>Quando h\u00e1 20 anos Jo\u00e3o Paulo II veio a Atenas, as rela\u00e7\u00f5es entre ortodoxos e cat\u00f3licos estavam em um momento muito dif\u00edcil. O Papa Wojtyla, com sua presen\u00e7a e suas palavras, ajudou na distens\u00e3o. O que o senhor espera desta visita de Francisco que, por sua vez, pediu perd\u00e3o aos ortodoxos pelas a\u00e7\u00f5es dos cat\u00f3licos?<\/b><\/p>\n<p style=\"text-align: justify;\">Em primeiro lugar, \u00e9 importante ver como muda a ideia dos gregos ortodoxos sobre o papel do Papa: Quando o Papa Jo\u00e3o Paulo chegou \u00e0 Gr\u00e9cia, h\u00e1 20 anos, havia uma enorme tens\u00e3o na sociedade e as rea\u00e7\u00f5es foram violentas. Isso n\u00e3o existe agora, o clima \u00e9 muito mais tranquilo e mais realista, ent\u00e3o podemos ver que mudou a ideia que os gregos t\u00eam do Papa e de sua fun\u00e7\u00e3o, assim como da hist\u00f3ria do papado mudou. Agora tudo est\u00e1 mais calmo e mais positivo. Em suma, h\u00e1 uma evolu\u00e7\u00e3o e isso \u00e9 resultado de um conhecimento melhor e rec\u00edproco do outro.<\/p>\n<p style=\"text-align: justify;\"><b>O Papa em Lesbos, como h\u00e1 5 anos. Tamb\u00e9m desta vez, Francisco pediu para parar o que chamou de naufr\u00e1gio da humanidade e enviou uma mensagem clara \u00e0 Europa e ao mundo para n\u00e3o dar as costas diante das trag\u00e9dias dos migrantes &#8230;<\/b><\/p>\n<p style=\"text-align: justify;\">A mensagem do Papa \u00e9 de n\u00e3o pensar que podemos deixar esse problema para os pol\u00edticos de amanh\u00e3, \u00e9 hoje que devemos lidar com isso. \u00c9 uma realidade para a qual n\u00e3o podemos fechar os olhos, porque est\u00e1 ali, diante de n\u00f3s, mesmo que olhemos para o outro lado, os acontecimentos continuam. N\u00e3o podemos fingir que nada acontece, que as coisas s\u00e3o sempre assim, que podemos continuar a nossa vida, como se nada estivesse acontecendo. O Papa tem a sensibilidade de retomar esta situa\u00e7\u00e3o e voltar a chamar a aten\u00e7\u00e3o da opini\u00e3o mundial para este problema. Os governos t\u00eam uma situa\u00e7\u00e3o dif\u00edcil de administrar, mas mesmo assim n\u00e3o podemos perder nossa humanidade e fechar os olhos. Precisamos ver como podemos administrar juntos esta situa\u00e7\u00e3o e, em qualquer caso, veremos tamb\u00e9m qual ser\u00e1 o eco da presen\u00e7a e da palavra do Papa ap\u00f3s esta visita a Lesbos.<\/p>\n<\/div>\n<\/div>\n","protected":false},"excerpt":{"rendered":"<p>Visita de cortesia ao Papa Francisco de Sua Beatitudine Ieronymos II, na Nunciatura Apost\u00f3lica\u00a0 (Vatican Media) Um forte impulso ao di\u00e1logo ecum\u00eanico; um apelo aos cat\u00f3licos para redescobrir a f\u00e9 e sentirem-se parte da Igreja universal; um chamado aos governos para n\u00e3o perderem a humanidade diante da trag\u00e9dia da migra\u00e7\u00e3o. Segundo o arcebispo cat\u00f3lico de [&hellip;]<\/p>\n","protected":false},"author":1,"featured_media":71759,"comment_status":"open","ping_status":"closed","sticky":false,"template":"","format":"standard","meta":{"footnotes":""},"categories":[3],"tags":[],"class_list":["post-71758","post","type-post","status-publish","format-standard","has-post-thumbnail","hentry","category-vaticano"],"_links":{"self":[{"href":"https:\/\/catolicanet.net\/wp-cnet\/wp-json\/wp\/v2\/posts\/71758","targetHints":{"allow":["GET"]}}],"collection":[{"href":"https:\/\/catolicanet.net\/wp-cnet\/wp-json\/wp\/v2\/posts"}],"about":[{"href":"https:\/\/catolicanet.net\/wp-cnet\/wp-json\/wp\/v2\/types\/post"}],"author":[{"embeddable":true,"href":"https:\/\/catolicanet.net\/wp-cnet\/wp-json\/wp\/v2\/users\/1"}],"replies":[{"embeddable":true,"href":"https:\/\/catolicanet.net\/wp-cnet\/wp-json\/wp\/v2\/comments?post=71758"}],"version-history":[{"count":1,"href":"https:\/\/catolicanet.net\/wp-cnet\/wp-json\/wp\/v2\/posts\/71758\/revisions"}],"predecessor-version":[{"id":71760,"href":"https:\/\/catolicanet.net\/wp-cnet\/wp-json\/wp\/v2\/posts\/71758\/revisions\/71760"}],"wp:featuredmedia":[{"embeddable":true,"href":"https:\/\/catolicanet.net\/wp-cnet\/wp-json\/wp\/v2\/media\/71759"}],"wp:attachment":[{"href":"https:\/\/catolicanet.net\/wp-cnet\/wp-json\/wp\/v2\/media?parent=71758"}],"wp:term":[{"taxonomy":"category","embeddable":true,"href":"https:\/\/catolicanet.net\/wp-cnet\/wp-json\/wp\/v2\/categories?post=71758"},{"taxonomy":"post_tag","embeddable":true,"href":"https:\/\/catolicanet.net\/wp-cnet\/wp-json\/wp\/v2\/tags?post=71758"}],"curies":[{"name":"wp","href":"https:\/\/api.w.org\/{rel}","templated":true}]}}