{"id":71755,"date":"2021-12-06T09:42:11","date_gmt":"2021-12-06T12:42:11","guid":{"rendered":"https:\/\/catolicanet.net\/wp-cnet\/?p=71755"},"modified":"2021-12-06T11:53:56","modified_gmt":"2021-12-06T14:53:56","slug":"o-papa-aos-jovens-procurem-os-encontros-reais-nao-os-virtuais","status":"publish","type":"post","link":"https:\/\/catolicanet.net\/wp-cnet\/o-papa-aos-jovens-procurem-os-encontros-reais-nao-os-virtuais\/","title":{"rendered":"O Papa aos jovens: procurem os encontros reais, n\u00e3o os virtuais"},"content":{"rendered":"<div class=\"article__subTitle\" style=\"text-align: justify;\">No encontro com os jovens, Francisco disse que &#8220;h\u00e1 tantos hoje que s\u00e3o muito \u201csocial\u201d, mas pouco sociais: fechados em si mesmos, prisioneiros do celular que trazem na m\u00e3o, mas no visor falta o outro, faltam os seus olhos, a sua respira\u00e7\u00e3o, as suas m\u00e3os. Ao inv\u00e9s, como \u00e9 bom estar com os outros, descobrir as novidades do outro; cultivar a m\u00edstica do todo, a alegria de compartilhar, o ardor de servir!&#8221;<\/div>\n<div class=\"title__separator\" style=\"text-align: justify;\"><\/div>\n<div class=\"article__text \">\n<p style=\"text-align: justify;\"><b>Mariangela Jaguraba &#8211; Vatican News<\/b><\/p>\n<p style=\"text-align: justify;\">O Papa Francisco encontrou-se com os jovens, na manh\u00e3 desta segunda-feira (06\/12), na Escola das Irm\u00e3s Ursulinas S\u00e3o Dion\u00edsio, em Maroussi, Atenas, \u00faltimo compromisso p\u00fablico do Santo Padre em terras gregas.<\/p>\n<div style=\"text-align: justify;\">\n<div class=\"article__embed article__embed--unwrap article__embed--dark\">\n<div class=\"article__innerTitle\">Ou\u00e7a e compartilhe<\/div>\n<\/div>\n<\/div>\n<p style=\"text-align: justify;\">Francisco aproveitou a ocasi\u00e3o para agradecer o acolhimento recebido e o trabalho realizado na organiza\u00e7\u00e3o de sua visita ao pa\u00eds. Depois de ouvir os testemunhos dos jovens, o Papa fez um coment\u00e1rio sobre cada um.<\/p>\n<h2 style=\"text-align: justify;\">A f\u00e9 \u00e9 um caminho quotidiano com Jesus<\/h2>\n<p style=\"text-align: justify;\">A jovem Katerina falou sobre suas frequentes d\u00favidas de f\u00e9. O Papa lhe disse para &#8220;n\u00e3o ter medo das d\u00favidas, porque n\u00e3o s\u00e3o faltas de f\u00e9. Pelo contr\u00e1rio, as d\u00favidas s\u00e3o \u00abvitaminas da f\u00e9\u00bb: ajudam a robustec\u00ea-la, tornando-a mais forte, ou seja, mais consciente, mais livre, mais madura. Tornam-na mais disposta a p\u00f4r-se a caminho, a seguir em frente com humildade, dia ap\u00f3s dia&#8221;.<\/p>\n<p style=\"text-align: justify;\"><i>A f\u00e9 \u00e9 precisamente isto: um caminho quotidiano com Jesus, que nos leva pela m\u00e3o, acompanha, encoraja e, quando ca\u00edmos, nos levanta. \u00c9 como uma hist\u00f3ria de amor, onde se avan\u00e7a sempre juntos, a cada dia; e contudo sobrev\u00eam, como numa hist\u00f3ria de amor, momentos em que h\u00e1 necessidade de se interrogar, de superar as d\u00favidas. E \u00e9 \u00fatil, faz subir o n\u00edvel do relacionamento.<\/i><\/p>\n<p style=\"text-align: justify;\">&#8220;O \u00e2mago da f\u00e9 n\u00e3o \u00e9 uma ideia nem uma moral, mas uma realidade, uma realidade bel\u00edssima que n\u00e3o depende de n\u00f3s e que nos deixa de boca aberta:\u00a0<i>somos filhos amados de Deus<\/i>! Filhos amados: temos um Pai que olha por n\u00f3s sem nunca cessar de nos amar. N\u00e3o podemos deixar de nos maravilhar por sermos para ele, n\u00e3o obstante todas as nossas fraquezas e pecados, filhos amados desde sempre e para sempre&#8221;, frisou o Papa.<\/p>\n<h2 style=\"text-align: justify;\">Os jovens &#8220;n\u00e3o valem pela marca da roupa que usam&#8221;<\/h2>\n<p style=\"text-align: justify;\">Francisco disse ainda que quando ficarmos desiludidos com o que fazemos, devemos ter a coragem de\u00a0<i>admirar o perd\u00e3o<\/i>. No perd\u00e3o se encontram &#8220;o rosto do Pai e a paz do cora\u00e7\u00e3o&#8221; que &#8220;nos derrama o seu amor num abra\u00e7o que nos levanta, que desintegra o mal cometido e volta a fazer brilhar a beleza incancel\u00e1vel que h\u00e1 em n\u00f3s: a de sermos seus filhos prediletos. N\u00e3o permitamos que a pregui\u00e7a, o medo ou a vergonha nos roubem o tesouro do perd\u00e3o. Deixemo-nos maravilhar pelo amor de Deus&#8221;.<\/p>\n<p style=\"text-align: justify;\">Jovens, voc\u00eas &#8220;n\u00e3o valem pela marca da roupa ou pelos sapatos que usam, mas porque \u00e9 \u00fanico, \u00e9 \u00fanica&#8221;. N\u00e3o se deixem encantar pelas mensagens sedutores e insistentes das sereias de hoje, &#8220;que apostam em lucros f\u00e1ceis, nas ilus\u00f3rias necessidades do consumismo, no culto do bem-estar f\u00edsico, da divers\u00e3o a todo o custo. S\u00e3o muitos fogos de artif\u00edcio, que brilham por um momento, mas deixam apenas fuma\u00e7a no ar&#8221;.<\/p>\n<h2 style=\"text-align: justify;\">H\u00e1 tantos hoje que s\u00e3o muito \u201csocial\u201d, mas pouco sociais<\/h2>\n<p style=\"text-align: justify;\">O testemunho de Ioanna foi centrado nas duas mulheres mais importantes de sua vida: sua m\u00e3e e sua av\u00f3, que a \u00abensinaram a rezar, a agradecer a Deus todos os dias\u00bb, assimilando &#8220;a f\u00e9 de forma natural, genu\u00edna&#8221;. A jovem nos deu uma sugest\u00e3o \u00fatil: &#8220;recorrer ao Senhor para qualquer coisa, falar com Ele, confessar-Lhe as nossas preocupa\u00e7\u00f5es&#8221;. Ioanna falou tamb\u00e9m de uma terceira pessoa decisiva para ela, uma irm\u00e3 que lhe mostrou a &#8220;alegria de olhar a vida como um servi\u00e7o, pois servir os outros \u00e9 o caminho para conquistar a alegria. \u00c9 o caminho para se fazer algo de realmente novo na hist\u00f3ria. O servi\u00e7o \u00e9 a novidade de Jesus; o servi\u00e7o, o dedicar-se aos outros \u00e9 a novidade que torna a vida sempre jovem&#8221;.<\/p>\n<p style=\"text-align: justify;\">O Papa convidou os jovens a n\u00e3o se contentarem com &#8220;encontros virtuais, mas a procurar os encontros reais&#8221;, a n\u00e3o procurarem &#8220;visibilidade, mas os invis\u00edveis. Isto sim; \u00e9 ser original, revolucion\u00e1rio.<\/p>\n<p style=\"text-align: justify;\"><i>H\u00e1 tantos hoje que s\u00e3o muito \u201csocial\u201d, mas pouco sociais: fechados em si mesmos, prisioneiros do celular que trazem na m\u00e3o, mas no visor falta o outro, faltam os seus olhos, a sua respira\u00e7\u00e3o, as suas m\u00e3os. O visor torna-se facilmente num espelho, onde voc\u00ea julga ter diante de si o mundo, quando na realidade voc\u00ea est\u00e1 sozinho, num mundo virtual cheio de apar\u00eancias, de fotografias maquiadas para parecer sempre bonito e em forma. Ao inv\u00e9s, como \u00e9 bom estar com os outros, descobrir as novidades do outro; cultivar a m\u00edstica do todo, a alegria de compartilhar, o ardor de servir!<\/i><\/p>\n<h2 style=\"text-align: justify;\">Tenham a coragem da esperan\u00e7a<\/h2>\n<p style=\"text-align: justify;\">O \u00faltimo testemunho foi de Aboud que fugiu da S\u00edria junto com seus parentes, depois de terem corrido v\u00e1rias vezes o risco de serem mortos pela guerra. &#8220;Depois de tantos \u00abn\u00e3os\u00bb e mil dificuldades, voc\u00eas chegaram a este pa\u00eds da \u00fanica maneira poss\u00edvel, de barco, permanecendo \u00abnum rochedo sem \u00e1gua nem comida, esperando o amanhecer e um navio da guarda costeira\u00bb. Uma verdadeira e pr\u00f3pria odisseia dos nossos dias&#8221;, disse o Papa.<\/p>\n<p style=\"text-align: justify;\">O Papa convidou os jovens a alimentarem\u00a0<i>a coragem da esperan\u00e7a<\/i>, como fez Aboud. &#8220;E como se faz? Atrav\u00e9s de suas op\u00e7\u00f5es&#8221;, respondeu Francisco.<\/p>\n<p style=\"text-align: justify;\"><i>Escolher \u00e9 um desafio: \u00e9 enfrentar o medo do desconhecido, sair do p\u00e2ntano da homogeneiza\u00e7\u00e3o, decidir tomar as r\u00e9deas da pr\u00f3pria vida. Para fazer op\u00e7\u00f5es corretas, voc\u00eas devem se lembrar de uma coisa: as boas decis\u00f5es t\u00eam a ver sempre com os outros, e n\u00e3o apenas conosco. Eis as op\u00e7\u00f5es pelas quais vale a pena arriscar, os sonhos que se devem realizar: aqueles que exigem coragem e envolvem os outros. \u00c9 o que lhes desejo: com a ajuda de Deus, Pai que os ama, tenham a coragem da esperan\u00e7a.<\/i><\/p>\n<\/div>\n","protected":false},"excerpt":{"rendered":"<p>No encontro com os jovens, Francisco disse que &#8220;h\u00e1 tantos hoje que s\u00e3o muito \u201csocial\u201d, mas pouco sociais: fechados em si mesmos, prisioneiros do celular que trazem na m\u00e3o, mas no visor falta o outro, faltam os seus olhos, a sua respira\u00e7\u00e3o, as suas m\u00e3os. Ao inv\u00e9s, como \u00e9 bom estar com os outros, descobrir [&hellip;]<\/p>\n","protected":false},"author":1,"featured_media":71756,"comment_status":"open","ping_status":"closed","sticky":false,"template":"","format":"standard","meta":{"footnotes":""},"categories":[3],"tags":[],"class_list":["post-71755","post","type-post","status-publish","format-standard","has-post-thumbnail","hentry","category-vaticano"],"_links":{"self":[{"href":"https:\/\/catolicanet.net\/wp-cnet\/wp-json\/wp\/v2\/posts\/71755","targetHints":{"allow":["GET"]}}],"collection":[{"href":"https:\/\/catolicanet.net\/wp-cnet\/wp-json\/wp\/v2\/posts"}],"about":[{"href":"https:\/\/catolicanet.net\/wp-cnet\/wp-json\/wp\/v2\/types\/post"}],"author":[{"embeddable":true,"href":"https:\/\/catolicanet.net\/wp-cnet\/wp-json\/wp\/v2\/users\/1"}],"replies":[{"embeddable":true,"href":"https:\/\/catolicanet.net\/wp-cnet\/wp-json\/wp\/v2\/comments?post=71755"}],"version-history":[{"count":1,"href":"https:\/\/catolicanet.net\/wp-cnet\/wp-json\/wp\/v2\/posts\/71755\/revisions"}],"predecessor-version":[{"id":71757,"href":"https:\/\/catolicanet.net\/wp-cnet\/wp-json\/wp\/v2\/posts\/71755\/revisions\/71757"}],"wp:featuredmedia":[{"embeddable":true,"href":"https:\/\/catolicanet.net\/wp-cnet\/wp-json\/wp\/v2\/media\/71756"}],"wp:attachment":[{"href":"https:\/\/catolicanet.net\/wp-cnet\/wp-json\/wp\/v2\/media?parent=71755"}],"wp:term":[{"taxonomy":"category","embeddable":true,"href":"https:\/\/catolicanet.net\/wp-cnet\/wp-json\/wp\/v2\/categories?post=71755"},{"taxonomy":"post_tag","embeddable":true,"href":"https:\/\/catolicanet.net\/wp-cnet\/wp-json\/wp\/v2\/tags?post=71755"}],"curies":[{"name":"wp","href":"https:\/\/api.w.org\/{rel}","templated":true}]}}