{"id":71737,"date":"2021-12-03T09:14:09","date_gmt":"2021-12-03T12:14:09","guid":{"rendered":"https:\/\/catolicanet.net\/wp-cnet\/?p=71737"},"modified":"2021-12-03T13:02:41","modified_gmt":"2021-12-03T16:02:41","slug":"em-imagens-os-anjos-mais-lindos-do-mundo","status":"publish","type":"post","link":"https:\/\/catolicanet.net\/wp-cnet\/em-imagens-os-anjos-mais-lindos-do-mundo\/","title":{"rendered":"Em imagens: os anjos mais lindos do mundo"},"content":{"rendered":"<h2 class=\"subtitle\" style=\"text-align: justify;\">Da Cidade do M\u00e9xico a Kiev: um passeio por cidades que t\u00eam lindas est\u00e1tuas de anjo<\/h2>\n<p style=\"text-align: justify;\">Os anjos s\u00e3o criaturas espirituais que glorificam incessantemente a Deus e servem aos seus des\u00edgnios salvadores com outras criaturas:<\/p>\n<blockquote class=\"wp-block-quote\"><p>\u201c<em>Ad omnia bona nostra cooperantur angel\u201d (Os anjos cooperam em todo bom trabalho que fazemos)<\/em><\/p>\n<p><em>Santo Tom\u00e1s de Aquino, S. Th., 1, 114, 3, ad 3<\/em><\/p><\/blockquote>\n<p style=\"text-align: justify;\">As representa\u00e7\u00f5es desses seres espirituais t\u00e3o importantes na vida do crist\u00e3o surgiram desde os prim\u00f3rdios da Igreja, como podemos ver nas catacumbas de\u00a0<a href=\"https:\/\/pt.aleteia.org\/slideshow\/igreja-de-santa-priscila-em-roma-fotos\/5\/\" target=\"_self\" rel=\"noopener\">Santa Priscila.<\/a><\/p>\n<p style=\"text-align: justify;\">As imagens, entretanto, foram mudando ao longo dos s\u00e9culos e refletem diferentes estilos art\u00edsticos.<\/p>\n<div id=\"aleteia-welcome\" style=\"text-align: justify;\"><\/div>\n<p style=\"text-align: justify;\">Uma vez que os anjos s\u00e3o nossos protetores, muitas cidades importantes t\u00eam a est\u00e1tua de um anjo como seu patrono.<\/p>\n<div class=\"wp-block-aleteia-heading3\" style=\"text-align: justify;\">\n<h3>As imagens dos anjos<\/h3>\n<\/div>\n<p style=\"text-align: justify;\">Algumas dessas imagens s\u00e3o claramente crist\u00e3s e outras s\u00e3o a representa\u00e7\u00e3o da \u201cVit\u00f3ria\u201d, uma imagem inspirada na mitologia grega, na Nice.<\/p>\n<div class=\"nativo-inread\" style=\"text-align: justify;\"><\/div>\n<p style=\"text-align: justify;\">\u00c9 por isso que no Renascimento, que de certa forma \u00e9 tamb\u00e9m um \u201crenascimento\u201d da cultura grega, v\u00e1rias imagens de anjos come\u00e7aram a surgir.<\/p>\n<p style=\"text-align: justify;\">Anjos em forma humana, assexuada;\u00a0anjos em forma de criancinhas rechonchudas;\u00a0anjos m\u00edsticos de formas incertas e tamb\u00e9m os anjos \u201cn\u00e3o t\u00e3o bons\u201d, os \u201cca\u00eddos\u201d.\u00a0Todos presentes na arte, todos presentes na experi\u00eancia humana.<\/p>\n<div id=\"article-desk-content-p6-ad_2021_12_03_em-imagens-os-anjos-mais-lindos-do-mundo\" class=\"css-cfwtta\" style=\"text-align: justify;\" data-google-query-id=\"CISLqJ__x_QCFWkGuQYd3NMIRw\">\n<div id=\"google_ads_iframe_64500793\/PT_DESK_ARTICLE_WELCOME_1X1_0__container__\"><\/div>\n<\/div>\n<p style=\"text-align: justify;\">Na galeria abaixo voc\u00ea ver\u00e1 as diferen\u00e7as em v\u00e1rias est\u00e1tuas importantes e lindas presentes em v\u00e1rias cidades ao redor do mundo.<\/p>\n<p style=\"text-align: justify;\">E se voc\u00ea quiser saber um pouco mais sobre esses seres espirituais, recomendo que leia a parte do\u00a0<a href=\"https:\/\/www.vatican.va\/archive\/cathechism_po\/index_new\/p1s2c1_198-421_po.html\" target=\"_blank\" rel=\"noopener\">Catecismo da Igreja Cat\u00f3lica<\/a> dedicada a eles. Al\u00e9m disso, o acervo da Aleteia est\u00e1 repleto de bons artigos sobre os anjos.<\/p>\n<p><img decoding=\"async\" src=\"https:\/\/wp.pt.aleteia.org\/wp-content\/uploads\/sites\/5\/2021\/11\/shutterstock_78277246.jpg?w=1920\" alt=\"CENTRAL PARK\" \/><\/p>\n<div class=\"css-1biibxe\">Anjo no Central Park, em Nova Iorque<\/div>\n<div><\/div>\n<div><img decoding=\"async\" src=\"https:\/\/wp.pt.aleteia.org\/wp-content\/uploads\/sites\/5\/2021\/11\/shutterstock_1089357197.jpg?w=1920\" alt=\"PRAGUE\" \/><\/div>\n<div>\n<div class=\"css-1biibxe\">Anjo na cidade de Praga<\/div>\n<\/div>\n<div><\/div>\n<div><img decoding=\"async\" src=\"https:\/\/wp.pt.aleteia.org\/wp-content\/uploads\/sites\/5\/2021\/11\/shutterstock_560588167.jpg?w=1920\" alt=\"GENOA\" \/><\/div>\n<div>\n<div class=\"css-1biibxe\">Anjo em um t\u00famulo no cemit\u00e9rio de G\u00eanova<\/div>\n<\/div>\n<div><\/div>\n<div><img decoding=\"async\" src=\"https:\/\/wp.pt.aleteia.org\/wp-content\/uploads\/sites\/5\/2021\/11\/shutterstock_1809551824.jpg?w=1920\" alt=\"GENOA\" \/><\/div>\n<div>\n<div class=\"css-1biibxe\">Escultura no cemit\u00e9rio de G\u00eanova<\/div>\n<\/div>\n<div><\/div>\n<div><img decoding=\"async\" src=\"https:\/\/wp.pt.aleteia.org\/wp-content\/uploads\/sites\/5\/2021\/11\/shutterstock_1302267877.jpg?w=1920\" alt=\"PARIS\" \/><\/div>\n<div>\n<div class=\"css-1biibxe\">Anjo do Pal\u00e1cio da Bastilha, em Paris<\/div>\n<\/div>\n<div><\/div>\n<div><img decoding=\"async\" src=\"https:\/\/wp.pt.aleteia.org\/wp-content\/uploads\/sites\/5\/2021\/11\/shutterstock_1690628041.jpg?w=1920\" alt=\"MADRID\" \/><\/div>\n<div>\n<div class=\"css-1biibxe\">Madri<\/div>\n<\/div>\n<div><\/div>\n<div><img decoding=\"async\" src=\"https:\/\/wp.pt.aleteia.org\/wp-content\/uploads\/sites\/5\/2018\/09\/web-25-plaza-basilica-st-peters-rome-vatican-free-places-statue-angel-ma-paola-daud.jpg?w=1920\" alt=\"BRIDGE OF ANGELS\" \/><\/div>\n<div>\n<div class=\"css-1biibxe\">Roma<\/div>\n<\/div>\n<div><\/div>\n<div><img decoding=\"async\" src=\"https:\/\/wp.pt.aleteia.org\/wp-content\/uploads\/sites\/5\/2017\/09\/web3-saint-micheal-archangel-dervish-candela.jpeg?w=1920\" alt=\"SAINT MICHEAL\" \/><\/div>\n<div>\n<div class=\"css-1biibxe\">S\u00e3o Miguel Arcanjo em Kiev<\/div>\n<\/div>\n<div><\/div>\n<div><img decoding=\"async\" src=\"https:\/\/wp.pt.aleteia.org\/wp-content\/uploads\/sites\/5\/2020\/06\/web-vatican-gardens-rome-statue-st-michael-archangel-fr-lawrence-lew-o-p-cc.jpg?w=1920\" \/><\/div>\n<div>\n<div class=\"css-1biibxe\">S\u00e3o Miguel Arcanjo nos Jardins do Vaticano<\/div>\n<\/div>\n<div><\/div>\n<div><img decoding=\"async\" src=\"https:\/\/wp.pt.aleteia.org\/wp-content\/uploads\/sites\/5\/2021\/11\/shutterstock_1200031033.jpg?w=1920\" alt=\"ANGEL\" \/><\/div>\n<div>\n<div class=\"css-1biibxe\">Pra\u00e7a do Pal\u00e1cio em S\u00e3o Peterburgo<\/div>\n<\/div>\n<div><\/div>\n<div><img decoding=\"async\" src=\"https:\/\/wp.pt.aleteia.org\/wp-content\/uploads\/sites\/5\/2017\/01\/ang3.jpg?w=1920\" \/><\/div>\n<div>\n<div class=\"css-1biibxe\">Anjo da dor, cemit\u00e9rio de Roma<\/div>\n<\/div>\n<div><\/div>\n<div><img decoding=\"async\" src=\"https:\/\/wp.pt.aleteia.org\/wp-content\/uploads\/sites\/5\/2021\/11\/shutterstock_2034094097.jpg?w=1920\" alt=\"MEXICO\" \/><\/div>\n<div>\n<div class=\"css-1biibxe\">Cidade do M\u00e9xico<\/div>\n<\/div>\n<div style=\"text-align: justify;\"><\/div>\n<div style=\"text-align: justify;\">\n<p>\u201cNa perfei\u00e7\u00e3o da sua espiritualidade os Anjos s\u00e3o chamados desde o in\u00edcio, em virtude da sua intelig\u00eancia, a conhecer a verdade e a amar o bem que verdadeiramente conhecem e de uma forma mais completa e perfeita do que aquilo que lhe \u00e9 poss\u00edvel\u201d<\/p>\n<p><cite><em>Jo\u00e3o Paulo II, Audi\u00eancia Geral, 23 de julho de 1986<\/em><\/cite><\/div>\n","protected":false},"excerpt":{"rendered":"<p>Da Cidade do M\u00e9xico a Kiev: um passeio por cidades que t\u00eam lindas est\u00e1tuas de anjo Os anjos s\u00e3o criaturas espirituais que glorificam incessantemente a Deus e servem aos seus des\u00edgnios salvadores com outras criaturas: \u201cAd omnia bona nostra cooperantur angel\u201d (Os anjos cooperam em todo bom trabalho que fazemos) Santo Tom\u00e1s de Aquino, S. [&hellip;]<\/p>\n","protected":false},"author":1,"featured_media":71738,"comment_status":"open","ping_status":"closed","sticky":false,"template":"","format":"standard","meta":{"footnotes":""},"categories":[4,13],"tags":[],"class_list":["post-71737","post","type-post","status-publish","format-standard","has-post-thumbnail","hentry","category-cotidiano","category-featured"],"_links":{"self":[{"href":"https:\/\/catolicanet.net\/wp-cnet\/wp-json\/wp\/v2\/posts\/71737","targetHints":{"allow":["GET"]}}],"collection":[{"href":"https:\/\/catolicanet.net\/wp-cnet\/wp-json\/wp\/v2\/posts"}],"about":[{"href":"https:\/\/catolicanet.net\/wp-cnet\/wp-json\/wp\/v2\/types\/post"}],"author":[{"embeddable":true,"href":"https:\/\/catolicanet.net\/wp-cnet\/wp-json\/wp\/v2\/users\/1"}],"replies":[{"embeddable":true,"href":"https:\/\/catolicanet.net\/wp-cnet\/wp-json\/wp\/v2\/comments?post=71737"}],"version-history":[{"count":1,"href":"https:\/\/catolicanet.net\/wp-cnet\/wp-json\/wp\/v2\/posts\/71737\/revisions"}],"predecessor-version":[{"id":71739,"href":"https:\/\/catolicanet.net\/wp-cnet\/wp-json\/wp\/v2\/posts\/71737\/revisions\/71739"}],"wp:featuredmedia":[{"embeddable":true,"href":"https:\/\/catolicanet.net\/wp-cnet\/wp-json\/wp\/v2\/media\/71738"}],"wp:attachment":[{"href":"https:\/\/catolicanet.net\/wp-cnet\/wp-json\/wp\/v2\/media?parent=71737"}],"wp:term":[{"taxonomy":"category","embeddable":true,"href":"https:\/\/catolicanet.net\/wp-cnet\/wp-json\/wp\/v2\/categories?post=71737"},{"taxonomy":"post_tag","embeddable":true,"href":"https:\/\/catolicanet.net\/wp-cnet\/wp-json\/wp\/v2\/tags?post=71737"}],"curies":[{"name":"wp","href":"https:\/\/api.w.org\/{rel}","templated":true}]}}