{"id":71703,"date":"2021-12-01T09:11:44","date_gmt":"2021-12-01T12:11:44","guid":{"rendered":"https:\/\/catolicanet.net\/wp-cnet\/?p=71703"},"modified":"2021-12-01T13:12:36","modified_gmt":"2021-12-01T16:12:36","slug":"maria-a-missionaria-por-excelencia-e-tema-da-ultima-live-do-ano-da-serie-mulheres-na-missao-na-proxima-quarta-feira-8","status":"publish","type":"post","link":"https:\/\/catolicanet.net\/wp-cnet\/maria-a-missionaria-por-excelencia-e-tema-da-ultima-live-do-ano-da-serie-mulheres-na-missao-na-proxima-quarta-feira-8\/","title":{"rendered":"\u201cMARIA, A MISSION\u00c1RIA POR EXCEL\u00caNCIA\u201d \u00c9 TEMA DA \u00daLTIMA LIVE DO ANO DA S\u00c9RIE \u201cMULHERES NA MISS\u00c3O\u201d, NA PR\u00d3XIMA QUARTA-FEIRA (8)"},"content":{"rendered":"<p style=\"text-align: justify;\">Na pr\u00f3xima quarta-feira, 8 de dezembro, a Igreja celebra a solenidade de Nossa Senhora da Imaculada Concei\u00e7\u00e3o. Nesta mesma data, a Comiss\u00e3o Episcopal Pastoral para Anima\u00e7\u00e3o Mission\u00e1ria e Coopera\u00e7\u00e3o Intereclesial da Confer\u00eancia Nacional dos Bispos do Brasil (CNBB) vai realizar a d\u00e9cima edi\u00e7\u00e3o e \u00faltima do ano da s\u00e9rie de lives\u00a0<strong>\u201cMulheres na Miss\u00e3o\u201d<\/strong>, que ter\u00e1 como tema:\u00a0<em><strong>\u201cMaria, a mission\u00e1ria por excel\u00eancia\u201d<\/strong><\/em>.<\/p>\n<p style=\"text-align: justify;\">A live transmitida pelas redes sociais da CNBB (<strong><a href=\"https:\/\/www.youtube.com\/c\/CNBBNacional\" target=\"_blank\" rel=\"noopener\">Youtube<\/a><\/strong>\u00a0e\u00a0<a href=\"https:\/\/www.facebook.com\/cnbbnacional\" target=\"_blank\" rel=\"noopener\"><strong>Facebook<\/strong><\/a>), a partir das 15h, vai refletir sobre Maria como figura central na miss\u00e3o da Igreja. Para este bate papo, a assessora da comiss\u00e3o, irm\u00e3 Sandra Regina Amado, vai receber a doutora em teologia pela PUC-Rio, pesquisadora e te\u00f3loga leiga, professora L\u00facia Pedrosa P\u00e1dua.\u00a0Al\u00e9m da irm\u00e3 Sandra Amado, na media\u00e7\u00e3o tamb\u00e9m estar\u00e1 a assessora de comunica\u00e7\u00e3o do Regional Sul 3 da CNBB e integrante da coordena\u00e7\u00e3o do Conselho Mission\u00e1rio Regional, Vict\u00f3ria Holzbach.<\/p>\n<p style=\"text-align: justify;\">A professora L\u00facia Pedrosa P\u00e1dua atua nas \u00e1reas de Mariologia, Antropologia teol\u00f3gica e M\u00edstica. Coordena o Ataendi, Centro de Espiritualidade da Institui\u00e7\u00e3o Teresiana no Brasil e realiza trabalhos pastorais junto a comunidades, com \u00eanfase no acompanhamento espiritual e forma\u00e7\u00e3o teol\u00f3gica de crist\u00e3os leigos e leigas. A doutora em teologia ainda \u00e9 autora de v\u00e1rias obras, como<em>\u00a0\u201cSanta Teresa de Jesus: m\u00edstica e humaniza\u00e7\u00e3o\u201d<\/em>\u00a0(Paulinas, 2015) e \u201cMaria e a Espiritualidade Crist\u00e3\u201d (Santu\u00e1rio, 2020).<\/p>\n<h3 style=\"text-align: justify;\">Mulheres na Miss\u00e3o<\/h3>\n<p style=\"text-align: justify;\">A s\u00e9rie \u201cmulheres na miss\u00e3o\u201d tem a motiva\u00e7\u00e3o de provocar a reflex\u00e3o sobre a anima\u00e7\u00e3o, e a coordena\u00e7\u00e3o de projetos e atividades mission\u00e1rias no brasil a partir do olhar feminino e concretiza a proposta de viv\u00eancia da miss\u00e3o prevista no programa mission\u00e1rio nacional (PMN) em conson\u00e2ncia com as Diretrizes Gerais da A\u00e7\u00e3o Evangelizadora da Igreja no Brasil (2019-2023).<\/p>\n<p style=\"text-align: justify;\">As lives desta s\u00e9rie foram realizadas sempre nos dias 8 de cada m\u00eas, desde o mar\u00e7o de 2021 \u2013 data em que se comemora o Dia Internacional da Mulher e se encerra na festa de Nossa Senhora da Imaculada Concei\u00e7\u00e3o.<\/p>\n","protected":false},"excerpt":{"rendered":"<p>Na pr\u00f3xima quarta-feira, 8 de dezembro, a Igreja celebra a solenidade de Nossa Senhora da Imaculada Concei\u00e7\u00e3o. Nesta mesma data, a Comiss\u00e3o Episcopal Pastoral para Anima\u00e7\u00e3o Mission\u00e1ria e Coopera\u00e7\u00e3o Intereclesial da Confer\u00eancia Nacional dos Bispos do Brasil (CNBB) vai realizar a d\u00e9cima edi\u00e7\u00e3o e \u00faltima do ano da s\u00e9rie de lives\u00a0\u201cMulheres na Miss\u00e3o\u201d, que ter\u00e1 [&hellip;]<\/p>\n","protected":false},"author":1,"featured_media":71704,"comment_status":"open","ping_status":"closed","sticky":false,"template":"","format":"standard","meta":{"footnotes":""},"categories":[7],"tags":[],"class_list":["post-71703","post","type-post","status-publish","format-standard","has-post-thumbnail","hentry","category-cnbb"],"_links":{"self":[{"href":"https:\/\/catolicanet.net\/wp-cnet\/wp-json\/wp\/v2\/posts\/71703","targetHints":{"allow":["GET"]}}],"collection":[{"href":"https:\/\/catolicanet.net\/wp-cnet\/wp-json\/wp\/v2\/posts"}],"about":[{"href":"https:\/\/catolicanet.net\/wp-cnet\/wp-json\/wp\/v2\/types\/post"}],"author":[{"embeddable":true,"href":"https:\/\/catolicanet.net\/wp-cnet\/wp-json\/wp\/v2\/users\/1"}],"replies":[{"embeddable":true,"href":"https:\/\/catolicanet.net\/wp-cnet\/wp-json\/wp\/v2\/comments?post=71703"}],"version-history":[{"count":1,"href":"https:\/\/catolicanet.net\/wp-cnet\/wp-json\/wp\/v2\/posts\/71703\/revisions"}],"predecessor-version":[{"id":71705,"href":"https:\/\/catolicanet.net\/wp-cnet\/wp-json\/wp\/v2\/posts\/71703\/revisions\/71705"}],"wp:featuredmedia":[{"embeddable":true,"href":"https:\/\/catolicanet.net\/wp-cnet\/wp-json\/wp\/v2\/media\/71704"}],"wp:attachment":[{"href":"https:\/\/catolicanet.net\/wp-cnet\/wp-json\/wp\/v2\/media?parent=71703"}],"wp:term":[{"taxonomy":"category","embeddable":true,"href":"https:\/\/catolicanet.net\/wp-cnet\/wp-json\/wp\/v2\/categories?post=71703"},{"taxonomy":"post_tag","embeddable":true,"href":"https:\/\/catolicanet.net\/wp-cnet\/wp-json\/wp\/v2\/tags?post=71703"}],"curies":[{"name":"wp","href":"https:\/\/api.w.org\/{rel}","templated":true}]}}