{"id":71698,"date":"2021-12-01T09:02:26","date_gmt":"2021-12-01T12:02:26","guid":{"rendered":"https:\/\/catolicanet.net\/wp-cnet\/?p=71698"},"modified":"2021-12-01T13:10:59","modified_gmt":"2021-12-01T16:10:59","slug":"intencao-de-oracao-para-o-mes-de-dezembro-do-papa-francisco-e-dedicada-aos-catequistas","status":"publish","type":"post","link":"https:\/\/catolicanet.net\/wp-cnet\/intencao-de-oracao-para-o-mes-de-dezembro-do-papa-francisco-e-dedicada-aos-catequistas\/","title":{"rendered":"INTEN\u00c7\u00c3O DE ORA\u00c7\u00c3O PARA O M\u00caS DE DEZEMBRO, DO PAPA FRANCISCO, \u00c9 DEDICADA AOS CATEQUISTAS"},"content":{"rendered":"<blockquote>\n<div class=\"article__subTitle\" style=\"text-align: justify;\">\u201cSer catequista significa que a pessoa \u201c\u00e9 catequista\u201d, n\u00e3o que \u201ctrabalha como catequista\u201d. \u00c9 todo um modo de ser, e s\u00e3o necess\u00e1rios bons catequistas, que sejam ao mesmo tempo companheiros e pedagogos\u201d, diz Francisco.<\/div>\n<\/blockquote>\n<div class=\"title__separator\" style=\"text-align: justify;\"><\/div>\n<div class=\"article__text \" style=\"text-align: justify;\">\n<p>No \u00faltimo v\u00eddeo 2021 com a inten\u00e7\u00e3o de ora\u00e7\u00e3o para o m\u00eas de dezembro, o Papa Francisco dedica sua mensagem \u201caos catequistas e \u00e0s catequistas\u201d, agradecendo-lhes \u201cpelo entusiasmo interior com que vivem esta miss\u00e3o a servi\u00e7o da Igreja\u201d.<\/p>\n<p><i>Os catequistas t\u00eam uma miss\u00e3o insubstitu\u00edvel na transmiss\u00e3o e no aprofundamento da f\u00e9. O minist\u00e9rio laical do catequista \u00e9 uma voca\u00e7\u00e3o, \u00e9 uma miss\u00e3o. Ser catequista significa que a pessoa \u201c\u00e9 catequista\u201d, n\u00e3o que \u201ctrabalha como catequista\u201d. \u00c9 todo um modo de ser, e s\u00e3o necess\u00e1rios bons catequistas, que sejam ao mesmo tempo companheiros e pedagogos.<\/i><\/p>\n<p>Nestes tempos em que o mundo passa por tantas mudan\u00e7as, Francisco agradece pelo entusiasmo dos batizados que, com esfor\u00e7o e alegria constantes, transmitem a f\u00e9, encorajando-os a continuar anunciando o Evangelho \u201ccom sua vida, com mansid\u00e3o, com uma linguagem nova e abrindo novos caminhos\u201d. \u201cEm tantas dioceses, em tantos continentes, a evangeliza\u00e7\u00e3o est\u00e1 fundamentalmente nas m\u00e3os de um catequista\u201d, diz ainda o Papa no v\u00eddeo.<\/p>\n<blockquote><p><i>\u201cRezemos juntos pelos catequistas, chamados a anunciar a Palavra de Deus, para que a testemunhem com coragem, com criatividade, com a for\u00e7a do Esp\u00edrito Santo, com alegria e com muita paz\u201d.<\/i><\/p><\/blockquote>\n<p>Em maio deste ano, Francisco deu grande import\u00e2ncia aos catequistas, ao instituir seu minist\u00e9rio laical por meio do\u00a0<a href=\"https:\/\/www.vatican.va\/content\/francesco\/pt\/motu_proprio\/documents\/papa-francesco-motu-proprio-20210510_antiquum-ministerium.html\" target=\"_blank\" rel=\"noopener\">Motu Proprio Antiquum ministerium<\/a>. Agora, no final de 2021, o Santo Padre ratifica esta forma de servi\u00e7o que se manteve ao longo da hist\u00f3ria da Igreja.<\/p>\n<p>Confira o v\u00eddeo do Papa:<\/p>\n<\/div>\n<div class=\"ast-oembed-container\" style=\"text-align: justify;\">\n<div>\n<div>\n<p><iframe loading=\"lazy\" title=\"DEZEMBRO: OS CATEQUISTAS\" width=\"696\" height=\"392\" src=\"https:\/\/www.youtube.com\/embed\/SUg50tQmUBo?feature=oembed\" frameborder=\"0\" allow=\"accelerometer; autoplay; clipboard-write; encrypted-media; gyroscope; picture-in-picture\" allowfullscreen><\/iframe><\/p>\n<\/div>\n<\/div>\n<\/div>\n<p style=\"text-align: justify;\">\n<pre>Por Vatican News<\/pre>\n","protected":false},"excerpt":{"rendered":"<p>\u201cSer catequista significa que a pessoa \u201c\u00e9 catequista\u201d, n\u00e3o que \u201ctrabalha como catequista\u201d. \u00c9 todo um modo de ser, e s\u00e3o necess\u00e1rios bons catequistas, que sejam ao mesmo tempo companheiros e pedagogos\u201d, diz Francisco. No \u00faltimo v\u00eddeo 2021 com a inten\u00e7\u00e3o de ora\u00e7\u00e3o para o m\u00eas de dezembro, o Papa Francisco dedica sua mensagem \u201caos [&hellip;]<\/p>\n","protected":false},"author":1,"featured_media":71700,"comment_status":"open","ping_status":"closed","sticky":false,"template":"","format":"standard","meta":{"footnotes":""},"categories":[7,13],"tags":[],"class_list":["post-71698","post","type-post","status-publish","format-standard","has-post-thumbnail","hentry","category-cnbb","category-featured"],"_links":{"self":[{"href":"https:\/\/catolicanet.net\/wp-cnet\/wp-json\/wp\/v2\/posts\/71698","targetHints":{"allow":["GET"]}}],"collection":[{"href":"https:\/\/catolicanet.net\/wp-cnet\/wp-json\/wp\/v2\/posts"}],"about":[{"href":"https:\/\/catolicanet.net\/wp-cnet\/wp-json\/wp\/v2\/types\/post"}],"author":[{"embeddable":true,"href":"https:\/\/catolicanet.net\/wp-cnet\/wp-json\/wp\/v2\/users\/1"}],"replies":[{"embeddable":true,"href":"https:\/\/catolicanet.net\/wp-cnet\/wp-json\/wp\/v2\/comments?post=71698"}],"version-history":[{"count":1,"href":"https:\/\/catolicanet.net\/wp-cnet\/wp-json\/wp\/v2\/posts\/71698\/revisions"}],"predecessor-version":[{"id":71702,"href":"https:\/\/catolicanet.net\/wp-cnet\/wp-json\/wp\/v2\/posts\/71698\/revisions\/71702"}],"wp:featuredmedia":[{"embeddable":true,"href":"https:\/\/catolicanet.net\/wp-cnet\/wp-json\/wp\/v2\/media\/71700"}],"wp:attachment":[{"href":"https:\/\/catolicanet.net\/wp-cnet\/wp-json\/wp\/v2\/media?parent=71698"}],"wp:term":[{"taxonomy":"category","embeddable":true,"href":"https:\/\/catolicanet.net\/wp-cnet\/wp-json\/wp\/v2\/categories?post=71698"},{"taxonomy":"post_tag","embeddable":true,"href":"https:\/\/catolicanet.net\/wp-cnet\/wp-json\/wp\/v2\/tags?post=71698"}],"curies":[{"name":"wp","href":"https:\/\/api.w.org\/{rel}","templated":true}]}}