{"id":71695,"date":"2021-12-01T09:00:11","date_gmt":"2021-12-01T12:00:11","guid":{"rendered":"https:\/\/catolicanet.net\/wp-cnet\/?p=71695"},"modified":"2021-12-01T13:01:43","modified_gmt":"2021-12-01T16:01:43","slug":"francisco-confia-viagem-a-grecia-e-chipre-a-virgem-maria","status":"publish","type":"post","link":"https:\/\/catolicanet.net\/wp-cnet\/francisco-confia-viagem-a-grecia-e-chipre-a-virgem-maria\/","title":{"rendered":"Francisco confia viagem \u00e0 Gr\u00e9cia e Chipre a Virgem Maria"},"content":{"rendered":"<figure class=\"article__image\" style=\"text-align: justify;\"><span class=\"didascalia_img\">Papa em ora\u00e7\u00e3o na Bas\u00edlica Santa Maria Maior (foto de arquivo)\u00a0 (Vatican Media)<\/span><\/figure>\n<div class=\"article__meta \" data-mediatype=\"\">\n<div class=\"article__subTitle\" style=\"text-align: justify;\">A recordar que esta 35\u00aa Viagem Apost\u00f3lica internacional do Pont\u00edfice, \u00e9 a terceira neste 2021, ap\u00f3s a hist\u00f3rica visita ao Iraque em mar\u00e7o e a peregrina\u00e7\u00e3o a Budapeste e Eslov\u00e1quia em setembro passado. Em particular, Francisco ser\u00e1 o segundo Papa a visitar Chipre e a Gr\u00e9cia: Bento XVI, de fato, havia visitado a ilha do Mediterr\u00e2neo Oriental em 2010, enquanto S\u00e3o Jo\u00e3o Paulo II havia feito uma etapa no pa\u00eds hel\u00eanico em 2001.<\/div>\n<div class=\"title__separator\" style=\"text-align: justify;\"><\/div>\n<div class=\"article__text \">\n<p style=\"text-align: justify;\"><b>Vatican News<\/b><\/p>\n<p style=\"text-align: justify;\">A Sala de Imprensa da Santa S\u00e9 informou que na tarde desta quarta-feira, 1\u00b0 de dezembro, \u201co Papa Francisco dirigiu-se \u00e0 Bas\u00edlica de Santa Maria Maior para rezar diante do \u00edcone da Virgem Salus Populi Romani e confiar-lhe a sua pr\u00f3xima viagem a Chipre e \u00e0 Gr\u00e9cia. Ao final, voltou para o Vaticano&#8221;.<\/p>\n<p style=\"text-align: justify;\">A 35\u00aa Viagem Apost\u00f3lica de Francisco ter\u00e1 in\u00edcio nesta quinta-feira e se concluir\u00e1 na segunda-feira. &#8220;Uma peregrina\u00e7\u00e3o \u00e0s fontes&#8221;, como a definiu em recente mensagem em v\u00eddeo aos habitantes dos dois pa\u00edses, &#8220;todos, todos &#8211; sublinha o Pont\u00edfice &#8211; n\u00e3o apenas aos cat\u00f3licos&#8221;. Para eles, o Papa comunica &#8220;a alegria&#8221; de visitar estas &#8220;magn\u00edficas terras, aben\u00e7oadas pela hist\u00f3ria, pela cultura e pelo Evangelho&#8221;, nos passos de &#8220;grandes mission\u00e1rios&#8221;, como &#8220;os ap\u00f3stolos Paulo e Barnab\u00e9&#8221;.<\/p>\n<\/div>\n<\/div>\n","protected":false},"excerpt":{"rendered":"<p>Papa em ora\u00e7\u00e3o na Bas\u00edlica Santa Maria Maior (foto de arquivo)\u00a0 (Vatican Media) A recordar que esta 35\u00aa Viagem Apost\u00f3lica internacional do Pont\u00edfice, \u00e9 a terceira neste 2021, ap\u00f3s a hist\u00f3rica visita ao Iraque em mar\u00e7o e a peregrina\u00e7\u00e3o a Budapeste e Eslov\u00e1quia em setembro passado. Em particular, Francisco ser\u00e1 o segundo Papa a visitar [&hellip;]<\/p>\n","protected":false},"author":1,"featured_media":71696,"comment_status":"open","ping_status":"closed","sticky":false,"template":"","format":"standard","meta":{"footnotes":""},"categories":[3],"tags":[],"class_list":["post-71695","post","type-post","status-publish","format-standard","has-post-thumbnail","hentry","category-vaticano"],"_links":{"self":[{"href":"https:\/\/catolicanet.net\/wp-cnet\/wp-json\/wp\/v2\/posts\/71695","targetHints":{"allow":["GET"]}}],"collection":[{"href":"https:\/\/catolicanet.net\/wp-cnet\/wp-json\/wp\/v2\/posts"}],"about":[{"href":"https:\/\/catolicanet.net\/wp-cnet\/wp-json\/wp\/v2\/types\/post"}],"author":[{"embeddable":true,"href":"https:\/\/catolicanet.net\/wp-cnet\/wp-json\/wp\/v2\/users\/1"}],"replies":[{"embeddable":true,"href":"https:\/\/catolicanet.net\/wp-cnet\/wp-json\/wp\/v2\/comments?post=71695"}],"version-history":[{"count":1,"href":"https:\/\/catolicanet.net\/wp-cnet\/wp-json\/wp\/v2\/posts\/71695\/revisions"}],"predecessor-version":[{"id":71697,"href":"https:\/\/catolicanet.net\/wp-cnet\/wp-json\/wp\/v2\/posts\/71695\/revisions\/71697"}],"wp:featuredmedia":[{"embeddable":true,"href":"https:\/\/catolicanet.net\/wp-cnet\/wp-json\/wp\/v2\/media\/71696"}],"wp:attachment":[{"href":"https:\/\/catolicanet.net\/wp-cnet\/wp-json\/wp\/v2\/media?parent=71695"}],"wp:term":[{"taxonomy":"category","embeddable":true,"href":"https:\/\/catolicanet.net\/wp-cnet\/wp-json\/wp\/v2\/categories?post=71695"},{"taxonomy":"post_tag","embeddable":true,"href":"https:\/\/catolicanet.net\/wp-cnet\/wp-json\/wp\/v2\/tags?post=71695"}],"curies":[{"name":"wp","href":"https:\/\/api.w.org\/{rel}","templated":true}]}}