{"id":71643,"date":"2021-11-27T09:54:31","date_gmt":"2021-11-27T12:54:31","guid":{"rendered":"https:\/\/catolicanet.net\/wp-cnet\/?p=71643"},"modified":"2021-11-29T19:55:38","modified_gmt":"2021-11-29T22:55:38","slug":"o-ano-liturgico-4","status":"publish","type":"post","link":"https:\/\/catolicanet.net\/wp-cnet\/o-ano-liturgico-4\/","title":{"rendered":"O Ano Lit\u00fargico"},"content":{"rendered":"<p style=\"text-align: justify;\">O novo ano lit\u00fargico que estamos iniciando neste final de semana do domingo dia 28 de novembro tem como Evangelho o de Lucas, por isso \u00e9 o chamado \u201cano C\u201d. A Igreja, diferente do ano civil, termina o ano lit\u00fargico na 34\u00aa semana do Tempo comum e com o primeiro domingo do Advento inicia um novo ano lit\u00fargico geralmente no m\u00eas de novembro.<\/p>\n<p style=\"text-align: justify;\">As leituras nos anos lit\u00fargicos na Igreja s\u00e3o divididas em tr\u00eas sequ\u00eancias: anos A, B e C. Em cada ano lit\u00fargico, meditamos principalmente sobre um evangelista. No ano A, meditamos o evangelho de Mateus, no ano B, meditamos o evangelho de Marcos e, no ano C, meditamos o evangelho de Lucas. Esses tr\u00eas evangelistas s\u00e3o conhecidos como \u201cSin\u00f3ticos\u201d e o evangelho de Jo\u00e3o aparece nas solenidades e festas que acontecem durante o ano, e em especial na P\u00e1scoa.<\/p>\n<p style=\"text-align: justify;\">Durante a semana, as leituras t\u00eam outro ritmo: s\u00e3o divididas em anos pares e \u00edmpares e o evangelho \u00e9 sempre o mesmo. O que muda \u00e9 que a leitura e o salmo feitos no \u00edmpar s\u00e3o diferentes dos feitas no ano par. Nesse ano, est\u00e1vamos proclamando as leituras do ano \u201c\u00edmpar\u201d (2021) e, no pr\u00f3ximo ano (2022), proclamaremos as leituras do ano \u201cpar\u201d. Nesse sentido as leituras semanais seguem o ritmo do ano civil.<\/p>\n<p style=\"text-align: justify;\">Depois temos as solenidades e festas com suas leituras pr\u00f3prias conforme as circunst\u00e2ncias.<\/p>\n<p style=\"text-align: justify;\">As cores lit\u00fargicas variam de acordo com o tempo lit\u00fargtico que est\u00e1 sendo celebrado. A cor roxa \u00e9 usada no Advento e na Quaresma, bem como nos funerais e ex\u00e9quias dos fi\u00e9is; branca, no Natal, P\u00e1scoa e solenidades; a cor verde usa-se durante o Tempo Comum, e vermelha usa-se na Sexta-Feira Santa, Domingo de Ramos, Pentecostes e na festa dos Santos M\u00e1rtires. Existe a cor r\u00f3sea que se usa no Domingo Laetare da Quaresma e Gaudete do Advento. A divis\u00e3o das cores lit\u00fargicas ajuda aos fi\u00e9is adentrarem no mist\u00e9rio que est\u00e1 sendo celebrado.<\/p>\n<p style=\"text-align: justify;\">O ano lit\u00fargico \u00e9 divido em ciclos: temos o ciclo do Natal (ou mist\u00e9rio da Encarna\u00e7\u00e3o), que abrange o tempo do advento que iniciamos neste domingo, e o tempo do Natal que vai at\u00e9 a festa do Batismo de Jesus. Temos o ciclo da P\u00e1scoa (ou da Reden\u00e7\u00e3o), que abrange o tempo da Quaresma e da P\u00e1scoa. O Tempo Comum \u00e9 dividido em duas partes, tendo a sua primeira parte a partir da festa do Batismo de Jesus at\u00e9 a ter\u00e7a-feira de carnaval, e a segunda parte, ap\u00f3s Pentecostes at\u00e9 a festa de Cristo Rei, no 34\u00ba domingo do Tempo Comum. E ainda, temos as celebra\u00e7\u00f5es das festas e mem\u00f3ria dos Santos. Na festa da Epifania temos sempre o an\u00fancio das Festas M\u00f3veis que dependem da data da P\u00e1scoa.<\/p>\n<p style=\"text-align: justify;\">O centro do an\u00fancio dos evangelistas durante o ano lit\u00fargico \u00e9 o Reino de Deus, mesmo que cada um tenha a sua particularidade e uma maneira diferente de apresentar Jesus e os textos sagrados. Por tr\u00e1s desses textos est\u00e1 o an\u00fancio do Reino Deus. Somos chamados por Deus a construir o Reino de Deus aqui na terra, para vivenci\u00e1-lo de maneira plena no c\u00e9u. Esse Reino de Deus \u00e9 constitu\u00eddo por amor, miseric\u00f3rdia, perd\u00e3o e paz. Isso \u00e9 o que Jesus anunciava e o que os evangelistas nos transmitem.<\/p>\n<p style=\"text-align: justify;\">\u201c<em>O rosto misericordioso do Pai<\/em>\u201d, \u00e9 esse tema que S\u00e3o Lucas coloca no centro de seu evangelho, apresentando o rosto misericordioso de Deus. Se Jesus conhece e revela o Pai, revela-o especialmente como um Deus de infinita miseric\u00f3rdia. Um Deus que perdoa e acolhe a todos, sem julgar a sua vida. Como observamos no trecho da pecadora p\u00fablica que queriam apedrej\u00e1-la e Jesus a acolhe, ou mesmo o epis\u00f3dio do homem que estava ca\u00eddo a beira do caminho e ningu\u00e9m parava para socorr\u00ea-lo a n\u00e3o ser um samaritano. Os samaritanos eram exclu\u00eddos pela sociedade judaica da \u00e9poca e Jesus os acolhe.<\/p>\n<p style=\"text-align: justify;\">Jesus vai na contram\u00e3o daquilo que pensava a sociedade, enquanto eles pregavam a exclus\u00e3o, Jesus pregava a inclus\u00e3o. Enquanto eles n\u00e3o perdoavam, Jesus dava o perd\u00e3o. Por isso, Jesus prop\u00f5e um novo mandamento: \u201c<em>amai-vos uns aos outros, assim como eu vos amei\u201d.<\/em> \u00c9 isso que os evangelistas apresentam em seus evangelhos e, sobretudo Lucas, que estaremos ouvindo aos domingos neste ano C. \u00c9 esse o rosto misericordioso do Pai que ele apresenta.<\/p>\n<p style=\"text-align: justify;\">Lucas em seus relatos assemelha-se em algumas coisas com Mateus e Marcos, mas imprime um car\u00e1ter mais elegante para os seus escritos. Al\u00e9m do evangelho dividido em 24 cap\u00edtulos, escreve, depois, o livro dos Atos dos Ap\u00f3stolos, que \u00e9 continua\u00e7\u00e3o do evangelho. O livro dos Atos dos Ap\u00f3stolos complementa os escritos do seu evangelho. O livro dos Atos dos Ap\u00f3stolos cont\u00e9m 28 cap\u00edtulos.<\/p>\n<p style=\"text-align: justify;\">Em seu evangelho, S\u00e3o Lucas apresenta o conceito de salva\u00e7\u00e3o universal, ou seja, Lucas cr\u00ea que todo aquele que professar a sua f\u00e9 em Jesus Cristo ser\u00e1 salvo. Isso se d\u00e1 porque Lucas era rec\u00e9m-convertido, al\u00e9m de ser companheiro de Paulo. Os judeus acreditavam que a salva\u00e7\u00e3o era somente para eles, mas a salva\u00e7\u00e3o \u00e9 para todos. Os pecadores podem se converter, serem alcan\u00e7ados pela miseric\u00f3rdia de Deus e serem salvos.<\/p>\n<p style=\"text-align: justify;\">E ainda, como j\u00e1 dissemos S\u00e3o Lucas apresenta o <em>rosto misericordioso de Deus, <\/em>pois Jesus conhece e revela o Pai. O Pai \u00e9 misericordioso, e Jesus revela essa miseric\u00f3rdia de Deus. Revela essa miseric\u00f3rdia divina, sobretudo, aos pobres, doentes e pecadores, que a sociedade da \u00e9poca exclu\u00eda. Jesus ainda diz que veio ao encontro dos pecadores e das ovelhas perdidas da casa de Israel.<\/p>\n<p style=\"text-align: justify;\">Celebremos com muita f\u00e9 e esperan\u00e7a na miseric\u00f3rdia de Deus este ano lit\u00fargico C que iniciamos neste domingo, 27\/28 de novembro. Fiquemos atentos aos textos lit\u00fargicos e pe\u00e7amos que a gra\u00e7a de Deus nos alcance. Que a Virgem Maria nos acompanhe e os Esp\u00edrito Santo nos ilumine para celebrarmos os mist\u00e9rios da nossa f\u00e9.<\/p>\n<p style=\"text-align: justify;\">Feliz novo ano lit\u00fargico para todos!<\/p>\n","protected":false},"excerpt":{"rendered":"<p>O novo ano lit\u00fargico que estamos iniciando neste final de semana do domingo dia 28 de novembro tem como Evangelho o de Lucas, por isso \u00e9 o chamado \u201cano C\u201d. A Igreja, diferente do ano civil, termina o ano lit\u00fargico na 34\u00aa semana do Tempo comum e com o primeiro domingo do Advento inicia um [&hellip;]<\/p>\n","protected":false},"author":5,"featured_media":55819,"comment_status":"open","ping_status":"closed","sticky":false,"template":"","format":"standard","meta":{"footnotes":""},"categories":[9],"tags":[],"class_list":["post-71643","post","type-post","status-publish","format-standard","has-post-thumbnail","hentry","category-artigos"],"_links":{"self":[{"href":"https:\/\/catolicanet.net\/wp-cnet\/wp-json\/wp\/v2\/posts\/71643","targetHints":{"allow":["GET"]}}],"collection":[{"href":"https:\/\/catolicanet.net\/wp-cnet\/wp-json\/wp\/v2\/posts"}],"about":[{"href":"https:\/\/catolicanet.net\/wp-cnet\/wp-json\/wp\/v2\/types\/post"}],"author":[{"embeddable":true,"href":"https:\/\/catolicanet.net\/wp-cnet\/wp-json\/wp\/v2\/users\/5"}],"replies":[{"embeddable":true,"href":"https:\/\/catolicanet.net\/wp-cnet\/wp-json\/wp\/v2\/comments?post=71643"}],"version-history":[{"count":1,"href":"https:\/\/catolicanet.net\/wp-cnet\/wp-json\/wp\/v2\/posts\/71643\/revisions"}],"predecessor-version":[{"id":71644,"href":"https:\/\/catolicanet.net\/wp-cnet\/wp-json\/wp\/v2\/posts\/71643\/revisions\/71644"}],"wp:featuredmedia":[{"embeddable":true,"href":"https:\/\/catolicanet.net\/wp-cnet\/wp-json\/wp\/v2\/media\/55819"}],"wp:attachment":[{"href":"https:\/\/catolicanet.net\/wp-cnet\/wp-json\/wp\/v2\/media?parent=71643"}],"wp:term":[{"taxonomy":"category","embeddable":true,"href":"https:\/\/catolicanet.net\/wp-cnet\/wp-json\/wp\/v2\/categories?post=71643"},{"taxonomy":"post_tag","embeddable":true,"href":"https:\/\/catolicanet.net\/wp-cnet\/wp-json\/wp\/v2\/tags?post=71643"}],"curies":[{"name":"wp","href":"https:\/\/api.w.org\/{rel}","templated":true}]}}