{"id":71639,"date":"2021-11-27T09:51:38","date_gmt":"2021-11-27T12:51:38","guid":{"rendered":"https:\/\/catolicanet.net\/wp-cnet\/?p=71639"},"modified":"2021-11-29T19:52:29","modified_gmt":"2021-11-29T22:52:29","slug":"novena-de-natal-3","status":"publish","type":"post","link":"https:\/\/catolicanet.net\/wp-cnet\/novena-de-natal-3\/","title":{"rendered":"Novena de Natal"},"content":{"rendered":"<p style=\"text-align: center;\"><em>Um Deus que se faz comunh\u00e3o!<\/em><em>\u00a0<\/em><\/p>\n<p style=\"text-align: justify;\">Iniciamos neste final de semana 27\/28 de novembro, primeiro domingo do advento, esse tempo especial e um novo ano lit\u00fargico. Um tempo em que somos convidados a nos preparar para celebrar o Natal do Senhor. Um tempo de vigil\u00e2ncia e ora\u00e7\u00e3o e de preparar o cora\u00e7\u00e3o para receber Jesus que veio e que celebraremos no Natal, mas que vir\u00e1 no final dos tempos (dois aspectos deste tempo). Uma boa prepara\u00e7\u00e3o para o Natal se d\u00e1 atrav\u00e9s da ora\u00e7\u00e3o, al\u00e9m de preparar a nossa casa com enfeites, \u00e1rvore de Natal, coroa do advento, \u00e9 claro, o mais importante e fundamental que \u00e9 o santo pres\u00e9pio. Nesse clima de vigil\u00e2ncia e intensa ora\u00e7\u00e3o, al\u00e9m da completa confiss\u00e3o auricular, devemos fazer uma boa prepara\u00e7\u00e3o para o Natal realizando a Novena de Natal. N\u00f3s temos liturgicamente a prepara\u00e7\u00e3o pr\u00f3xima para o Natal a partir do dia 17 ao dia 24 de dezembro com lit\u00fargica pr\u00f3pria e, em especial, o que caracteriza popularmente este tempo \u2013 as famosas ant\u00edfonas do Magnificat em \u201c\u00d3\u201d. Uma tradi\u00e7\u00e3o nossa nos ajuda a preparar o Natal: \u00e9 a novena de Natal. A nossa Arquidiocese tem um texto pr\u00f3prio que nos insere neste tempo pastoral e lit\u00fargico.<\/p>\n<p style=\"text-align: justify;\">A Novena de Natal pode ser realizada durante todo o tempo do Advento, a partir do dia 28, ou no per\u00edodo entre 15 e 23 de dezembro, que s\u00e3o os nove dias que antecedem a celebra\u00e7\u00e3o do Natal ou em dias anteriores de acordo com a sua disponibilidade. Tanto pode ser de modo presencial como como \u00e0 dist\u00e2ncia. Voc\u00ea \u00e9 convidado a realizar a novena com a sua fam\u00edlia, ou reunir grupos de amigos ou vizinhos para rezarem juntos. Normalmente, as par\u00f3quias fazem a abertura da Novena de Natal nas Igrejas. Todos s\u00e3o convidados a participar e ali formar os grupos e iniciar a novena.<\/p>\n<p style=\"text-align: justify;\">As par\u00f3quias tamb\u00e9m realizam o encerramento da Novena de Natal, para que todos os grupos que rezaram em casa possam se reunir e juntos, como comunidade, fazerem o encerramento da novena de Natal e logo ap\u00f3s, celebrarem o Natal. Normalmente, no encerramento da novena, as pessoas s\u00e3o convidadas a oferecerem um gesto concreto, ou seja, ajudar aqueles que mais precisam. Seja doando alimentos, roupas, brinquedos, produtos de limpeza etc.<\/p>\n<p style=\"text-align: justify;\">Para nos prepararmos bem para o Natal, podemos realizar a novena, pois por meio da novena entendemos o real sentido do Natal. O Natal n\u00e3o \u00e9 a vis\u00e3o financeira do mercado sobre a figura do papai Noel, presentes e festas, \u00e9 muito mais do que isso. O Natal \u00e9 tempo de nos prepararmos e prepararmos a nossa fam\u00edlia para o verdadeiro sentido do Natal, que \u00e9 Jesus Cristo. Um Deus nos foi dado, o Senhor Jesus que vem em socorro da humanidade! \u00c9 a Jesus, o verbo encarnado que celebramos nesse tempo!<\/p>\n<p style=\"text-align: justify;\">O Natal \u00e9 sobretudo comunh\u00e3o, ou seja, comunh\u00e3o nossa com Deus, com o mist\u00e9rio da encarna\u00e7\u00e3o que celebraremos. O tema da Novena em nossa Arquidiocese esse ano \u00e9 bem prop\u00edcio: \u201c<em>Um Deus que se faz comunh\u00e3o\u201d<\/em>. O novo ano lit\u00fargico que iniciamos \u00e9 o ano da \u201ccomunh\u00e3o\u201d segundo o nosso plano de pastoral. Deus faz comunh\u00e3o com todos n\u00f3s ao enviar o seu Filho como presente. Somos chamados a nos reunirmos nessa comunh\u00e3o de amor que Deus faz conosco. Ele assume a nossa condi\u00e7\u00e3o humana e nos indica o caminho do amor. O Natal \u00e9 essa comunh\u00e3o de amor em que as fam\u00edlias devem se reunir em torno do menino Jesus que ir\u00e1 nascer.<\/p>\n<p style=\"text-align: justify;\">A Arquidiocese de S\u00e3o Sebasti\u00e3o do Rio de Janeiro vivencia o ano da comunh\u00e3o. Este ano da comunh\u00e3o est\u00e1 em total sintonia com o S\u00ednodo 2021-2023, que foi convocado pelo Papa Francisco e iniciado no m\u00eas de outubro desse ano: participa\u00e7\u00e3o, comunh\u00e3o e miss\u00e3o. A palavra S\u00ednodo significa, sobretudo, comunh\u00e3o e caminhar juntos, ou seja, a comunh\u00e3o de todo o povo de Deus com a Igreja. Rezar a Novena de Natal e celebrar o Natal significam estar em plena comunh\u00e3o com Deus e com os irm\u00e3os.<\/p>\n<p style=\"text-align: justify;\">Nesse tempo de pandemia da Covid-19, se faz mais do que necess\u00e1rio viver a comunh\u00e3o e olhar para os irm\u00e3os, especialmente, para os que mais sofrem. Temos que ter um olhar de comunh\u00e3o para aqueles que mais sofrem. Por isso, o gesto concreto da Novena de Natal em nossa Arquidiocese esse ano \u00e9 a doa\u00e7\u00e3o de um quilo de alimento n\u00e3o perec\u00edvel, para compor a cesta de Natal de muitas fam\u00edlias carentes e que elas possam celebrar o Natal dignamente. Durante a pandemia da Covid-19, muitas fam\u00edlias perderam seus empregos e tiveram suas rendas diminu\u00eddas, por isso, entendemos que o Natal deve ser solid\u00e1rio e devemos estar em comunh\u00e3o com todos, sobretudo, aos que mais que sofrem.<\/p>\n<p style=\"text-align: justify;\">Na missa de encerramento da Novena de Natal, voc\u00ea \u00e9 convidado a levar o alimento at\u00e9 a sua par\u00f3quia e o p\u00e1roco cuidar\u00e1 de levar esse alimento aos que mais necessitam. Dessa forma, seremos express\u00e3o viva do amor e da comunh\u00e3o de Deus com os mais necessitados. Somente assim o Natal ter\u00e1 sentido, quando eu estender a m\u00e3o ao mais necessitado. O Natal nos remete \u00e0 comunh\u00e3o e \u00e0 solidariedade com aqueles que mais sofrem.<\/p>\n<p style=\"text-align: justify;\">N\u00e3o podemos celebrar o Natal sem olhar as necessidades daqueles que est\u00e3o a nossa volta. Jesus nasceu pobre e humilde e foi colocado numa manjedoura e durante a sua vida nos ensinou a desapegar-nos dos bens materiais e a optarmos por um bem maior que \u00e9 Deus. De Bel\u00e9m (casa do p\u00e3o), o Filho de Deus repousando numa manjedoura (local onde o gado se alimenta) nos fala justamente que Ele \u00e9 o P\u00e3o da Vida e somos chamados a partilhar o p\u00e3o uns com os outros. Aprendamos, pois, de Jesus e encontremos Deus naqueles que mais sofrem, estendo as nossas m\u00e3os para ajud\u00e1-los, sobretudo, agora no tempo de Natal.<\/p>\n<p style=\"text-align: justify;\">A Novena de Natal, ainda, \u00e9 uma oportunidade de fazermos uma catequese, seja na nossa casa ou casa de nossos parentes e amigos, \u00e9 uma oportunidade de reunir aqueles que est\u00e3o longe dos caminhos de Deus e uma oportunidade de cham\u00e1-los de volta ao seio da Igreja novamente.<\/p>\n<p style=\"text-align: justify;\">Durante os nove dias da Novena de Natal, somos convidados a seguir os passos de Maria e Jos\u00e9 at\u00e9 o nascimento de Jesus. Podemos acompanhar o quanto eles tiveram que caminhar e os problemas que tiveram que enfrentar para que Maria pudesse dar \u00e0 luz a Jesus. E ainda teve que dar \u00e0 luz numa estrebaria, pois n\u00e3o havia lugar na hospedaria. Caminhemos junto com eles e aprendamos o que significa a obedi\u00eancia a Deus.<\/p>\n<p style=\"text-align: justify;\">Aproveitemos esse momento para montarmos em casa nosso pres\u00e9pio e ao contemplar a Sagrada Fam\u00edlia, pe\u00e7amos que nossa fam\u00edlia seja sempre um espelho do que foi a Sagrada Fam\u00edlia de Nazar\u00e9. Que Deus nos aben\u00e7oe e nos conceda muitas ben\u00e7\u00e3os do c\u00e9u, durante a Novena que iremos realizar. E que o menino Deus nas\u00e7a em cada lar nos trazendo a esperan\u00e7a de dias melhores. Am\u00e9m.<\/p>\n","protected":false},"excerpt":{"rendered":"<p>Um Deus que se faz comunh\u00e3o!\u00a0 Iniciamos neste final de semana 27\/28 de novembro, primeiro domingo do advento, esse tempo especial e um novo ano lit\u00fargico. Um tempo em que somos convidados a nos preparar para celebrar o Natal do Senhor. Um tempo de vigil\u00e2ncia e ora\u00e7\u00e3o e de preparar o cora\u00e7\u00e3o para receber Jesus [&hellip;]<\/p>\n","protected":false},"author":5,"featured_media":55819,"comment_status":"open","ping_status":"closed","sticky":false,"template":"","format":"standard","meta":{"footnotes":""},"categories":[9],"tags":[],"class_list":["post-71639","post","type-post","status-publish","format-standard","has-post-thumbnail","hentry","category-artigos"],"_links":{"self":[{"href":"https:\/\/catolicanet.net\/wp-cnet\/wp-json\/wp\/v2\/posts\/71639","targetHints":{"allow":["GET"]}}],"collection":[{"href":"https:\/\/catolicanet.net\/wp-cnet\/wp-json\/wp\/v2\/posts"}],"about":[{"href":"https:\/\/catolicanet.net\/wp-cnet\/wp-json\/wp\/v2\/types\/post"}],"author":[{"embeddable":true,"href":"https:\/\/catolicanet.net\/wp-cnet\/wp-json\/wp\/v2\/users\/5"}],"replies":[{"embeddable":true,"href":"https:\/\/catolicanet.net\/wp-cnet\/wp-json\/wp\/v2\/comments?post=71639"}],"version-history":[{"count":1,"href":"https:\/\/catolicanet.net\/wp-cnet\/wp-json\/wp\/v2\/posts\/71639\/revisions"}],"predecessor-version":[{"id":71640,"href":"https:\/\/catolicanet.net\/wp-cnet\/wp-json\/wp\/v2\/posts\/71639\/revisions\/71640"}],"wp:featuredmedia":[{"embeddable":true,"href":"https:\/\/catolicanet.net\/wp-cnet\/wp-json\/wp\/v2\/media\/55819"}],"wp:attachment":[{"href":"https:\/\/catolicanet.net\/wp-cnet\/wp-json\/wp\/v2\/media?parent=71639"}],"wp:term":[{"taxonomy":"category","embeddable":true,"href":"https:\/\/catolicanet.net\/wp-cnet\/wp-json\/wp\/v2\/categories?post=71639"},{"taxonomy":"post_tag","embeddable":true,"href":"https:\/\/catolicanet.net\/wp-cnet\/wp-json\/wp\/v2\/tags?post=71639"}],"curies":[{"name":"wp","href":"https:\/\/api.w.org\/{rel}","templated":true}]}}