{"id":71629,"date":"2021-11-27T09:43:50","date_gmt":"2021-11-27T12:43:50","guid":{"rendered":"https:\/\/catolicanet.net\/wp-cnet\/?p=71629"},"modified":"2021-11-29T19:44:33","modified_gmt":"2021-11-29T22:44:33","slug":"nossa-senhora-das-gracas-2","status":"publish","type":"post","link":"https:\/\/catolicanet.net\/wp-cnet\/nossa-senhora-das-gracas-2\/","title":{"rendered":"Nossa Senhora das Gra\u00e7as"},"content":{"rendered":"<p style=\"text-align: justify;\">No dia 27 de novembro, a Igreja nos convida a celebrar a mem\u00f3ria de Nossa Senhora, sob o t\u00edtulo das Gra\u00e7as. Nesta data especial, aproveitamos para pedir \u00e0 Virgem Maria para derramar gra\u00e7as sobre toda as fam\u00edlias, bem como junto a todos os arquidiocesanos, refor\u00e7ando nossa f\u00e9 durante este per\u00edodo de incertezas.<\/p>\n<p style=\"text-align: justify;\">Durante os nove dias que antecedem a data, muitas comunidades convidaram a todos para rezar a novena da Medalha Milagrosa. Al\u00e9m dos evidentes cuidados que precisamos ter em rela\u00e7\u00e3o \u00e0 preven\u00e7\u00e3o do coronav\u00edrus, a f\u00e9 \u00e9 um instrumento de suporte nestes dias.<\/p>\n<p style=\"text-align: justify;\">Essa devo\u00e7\u00e3o em nossa Igreja \u00e9 muito viva e tradicional. Comemora-se neste dia a manifesta\u00e7\u00e3o da Imaculada Virgem Maria \u00e0 Santa Catarina Labour\u00e9, em 1830, na Capela da Casa M\u00e3e das Filhas da Caridade de S\u00e3o Vicente de Paulo, em Paris, Fran\u00e7a. Tr\u00eas foram as manifesta\u00e7\u00f5es.<\/p>\n<p style=\"text-align: justify;\">Na noite do dia 19 de julho de 1830, a Virgem se manifestou sentada na cadeira presidencial da capela, facilitando a Santa Catarina Labour\u00e9 colocar suas m\u00e3os nos joelhos da Virgem, conversaram longo tempo sobre os acontecimentos que viriam sobre a Fran\u00e7a e o mundo. Catarina escuta com aten\u00e7\u00e3o os conselhos que lhe s\u00e3o dados.<\/p>\n<p style=\"text-align: justify;\">Depois, Maria lhe anuncia: \u201co bom Deus quer encarregar-vos de uma miss\u00e3o\u201d. Maria insiste: \u201cTereis a gra\u00e7a. Sereis inspirada em vossas ora\u00e7\u00f5es\u201d. Despertar a f\u00e9 no mundo, tornar o amor de Deus conhecido pela humanidade, \u00e9 isto que est\u00e1 em jogo nessa miss\u00e3o ainda desconhecida para Catarina e que lhe vai ser confiada.<\/p>\n<p style=\"text-align: justify;\">Na segunda manifesta\u00e7\u00e3o, em 27 de novembro do mesmo ano, a Virgem se mostrou segurando o globo terrestre na altura do peito, como que apresentando o mundo a Deus. E, finalmente, manifestou-se com os bra\u00e7os abertos e estendido sobre o mundo, derramando suas gra\u00e7as e pisando na serpente. Esta manifesta\u00e7\u00e3o deu origem \u00e0 Medalha Milagrosa e a sua festa, aprovada pelo Papa Le\u00e3o XII, em 23 de julho de 1894.<\/p>\n<p style=\"text-align: justify;\">A atitude de Maria nas manifesta\u00e7\u00f5es \u00e9 de ora\u00e7\u00e3o, exercendo o que h\u00e1 de ser, sua miss\u00e3o at\u00e9 o fim dos tempos: a media\u00e7\u00e3o de intercess\u00e3o junto de seu Filho. A Medalha que ela nos oferece \u00e9 um convite \u00e0 ora\u00e7\u00e3o a ser dirigida ao \u00fanico Mediador entre Deus e o homem por Maria. N\u00e3o se pode separar a Medalha Milagrosa da ora\u00e7\u00e3o. Ela vem estimular e lembrar a necessidade de pedir por Maria todas as gra\u00e7as de que necessitamos.<\/p>\n<p style=\"text-align: justify;\">Uma ora\u00e7\u00e3o particularmente cara a Virgem Maria e ela recomendou a Irm\u00e3 Catarina Labour\u00e9. A ora\u00e7\u00e3o do Ros\u00e1rio faz jorrar de suas m\u00e3os torrentes de gra\u00e7as. A Sant\u00edssima Virgem voltou a insistir sobre o Ros\u00e1rio nas apari\u00e7\u00f5es seguintes. Em F\u00e1tima, esse apelo foi particularmente solene. Maria considera o Ros\u00e1rio como o grande rem\u00e9dio para os males de nossa \u00e9poca. A pr\u00f3pria Igreja n\u00e3o cessa de nos repetir pela voz dos Papas a necessidade de rezar o Ros\u00e1rio, reiterando assim o apelo de Maria.<\/p>\n<p style=\"text-align: justify;\">Nas manifesta\u00e7\u00f5es a Santa Catarina Labour\u00e9, Maria insiste sobre o culto Eucar\u00edstico e orienta para Eucaristia. Ela aparece n\u00e3o somente na capela, mas junto ao altar e mesmo perto do sacr\u00e1rio. Maria convida Catarina a procurar for\u00e7as junto ao sacr\u00e1rio, dizendo: \u201cVinde aos p\u00e9s deste Altar. Aqui as gra\u00e7as ser\u00e3o abundantes para os que a pedirem com confian\u00e7a e fervor\u201d. \u00c9 pela Eucaristia que recebemos a gra\u00e7a em plenitude. A verdadeira miss\u00e3o de Maria \u00e9 levar-nos a Jesus.<\/p>\n<p style=\"text-align: justify;\">Ao se identificar como serva humilde do Senhor (Lc 1, 48), Maria nos ensina uma virtude muito cara e pouco assimilada no presente. Vive-se hoje a agita\u00e7\u00e3o motivada pelo mercado de consumo, que incita no ser humano desejos por vezes ego\u00edstas em que o ter \u00e9 posto numa perspectiva superior ao ser. Com isso, a reciprocidade, o \u201cfazer com\u201d, a \u201ccomum-uni\u00e3o\u201d, e outras virtudes propriamente humanas s\u00e3o esquecidas ou mesmo evitadas.<\/p>\n<p style=\"text-align: justify;\">A crise instaurada pela pandemia do coronav\u00edrus exige dos crist\u00e3os e mesmo dos n\u00e3o crist\u00e3os a consci\u00eancia humanit\u00e1ria. Observar as recomenda\u00e7\u00f5es sanit\u00e1rias de higiene pessoal e coletivas se tornam express\u00f5es de amor consigo e ao pr\u00f3ximo. Assim, quem cuida de si mesmo, cuida e protege tamb\u00e9m a sua fam\u00edlia e toda sociedade. Esta \u00e9 uma caracter\u00edstica da Virgem Maria. Ela se preocupa com todos. \u00c9 prestativa e est\u00e1 sempre dispon\u00edvel para cuidar da vida e o bem comum. Em tempos de grandes tribula\u00e7\u00f5es \u00e9 imperativo que os crist\u00e3os, sobretudo os cat\u00f3licos, se aproximem mais de Deus, por meio da ora\u00e7\u00e3o, seja ela pessoal, familiar ou em comunidade. O importante \u00e9 se conectar com o sagrado, por meio de s\u00faplicas.<\/p>\n<p style=\"text-align: justify;\">\u00d3 Nossa Senhora das Gra\u00e7as, abra\u00e7ai todos os vossos filhos atribulados e alcan\u00e7ai a gra\u00e7a que Deus intervenha com sua m\u00e3o onipotente para nos libertar desta terr\u00edvel pandemia de modo que a vida possa retornar com serenidade o seu curso normal.<\/p>\n","protected":false},"excerpt":{"rendered":"<p>No dia 27 de novembro, a Igreja nos convida a celebrar a mem\u00f3ria de Nossa Senhora, sob o t\u00edtulo das Gra\u00e7as. Nesta data especial, aproveitamos para pedir \u00e0 Virgem Maria para derramar gra\u00e7as sobre toda as fam\u00edlias, bem como junto a todos os arquidiocesanos, refor\u00e7ando nossa f\u00e9 durante este per\u00edodo de incertezas. Durante os nove [&hellip;]<\/p>\n","protected":false},"author":5,"featured_media":55819,"comment_status":"open","ping_status":"closed","sticky":false,"template":"","format":"standard","meta":{"footnotes":""},"categories":[9],"tags":[],"class_list":["post-71629","post","type-post","status-publish","format-standard","has-post-thumbnail","hentry","category-artigos"],"_links":{"self":[{"href":"https:\/\/catolicanet.net\/wp-cnet\/wp-json\/wp\/v2\/posts\/71629","targetHints":{"allow":["GET"]}}],"collection":[{"href":"https:\/\/catolicanet.net\/wp-cnet\/wp-json\/wp\/v2\/posts"}],"about":[{"href":"https:\/\/catolicanet.net\/wp-cnet\/wp-json\/wp\/v2\/types\/post"}],"author":[{"embeddable":true,"href":"https:\/\/catolicanet.net\/wp-cnet\/wp-json\/wp\/v2\/users\/5"}],"replies":[{"embeddable":true,"href":"https:\/\/catolicanet.net\/wp-cnet\/wp-json\/wp\/v2\/comments?post=71629"}],"version-history":[{"count":1,"href":"https:\/\/catolicanet.net\/wp-cnet\/wp-json\/wp\/v2\/posts\/71629\/revisions"}],"predecessor-version":[{"id":71630,"href":"https:\/\/catolicanet.net\/wp-cnet\/wp-json\/wp\/v2\/posts\/71629\/revisions\/71630"}],"wp:featuredmedia":[{"embeddable":true,"href":"https:\/\/catolicanet.net\/wp-cnet\/wp-json\/wp\/v2\/media\/55819"}],"wp:attachment":[{"href":"https:\/\/catolicanet.net\/wp-cnet\/wp-json\/wp\/v2\/media?parent=71629"}],"wp:term":[{"taxonomy":"category","embeddable":true,"href":"https:\/\/catolicanet.net\/wp-cnet\/wp-json\/wp\/v2\/categories?post=71629"},{"taxonomy":"post_tag","embeddable":true,"href":"https:\/\/catolicanet.net\/wp-cnet\/wp-json\/wp\/v2\/tags?post=71629"}],"curies":[{"name":"wp","href":"https:\/\/api.w.org\/{rel}","templated":true}]}}