{"id":71616,"date":"2021-11-29T09:26:39","date_gmt":"2021-11-29T12:26:39","guid":{"rendered":"https:\/\/catolicanet.net\/wp-cnet\/?p=71616"},"modified":"2021-11-29T19:19:21","modified_gmt":"2021-11-29T22:19:21","slug":"desenho-virgem-maria-com-o-menino-comprado-por-30-pode-valer-milhoes","status":"publish","type":"post","link":"https:\/\/catolicanet.net\/wp-cnet\/desenho-virgem-maria-com-o-menino-comprado-por-30-pode-valer-milhoes\/","title":{"rendered":"Desenho \u2018Virgem Maria com o Menino\u2019, comprado por $30, pode valer milh\u00f5es"},"content":{"rendered":"<p style=\"text-align: justify;\">Artnet News relata\u00a0que o desenho foi autenticado como uma obra original do artista renascentista alem\u00e3o Albrecht D\u00fcrer.\u00a0A confirma\u00e7\u00e3o veio de Christof Metzger, curador-chefe do Museu Albertina, em Viena, que \u00e9 a principal autoridade em D\u00fcrer. Sua declara\u00e7\u00e3o de que a pe\u00e7a \u00e9 genu\u00edna foi apoiada tamb\u00e9m por Giulia Bartrum, ex-curadora de gravuras e desenhos alem\u00e3es no Museu Brit\u00e2nico.<\/p>\n<p style=\"text-align: justify;\">O caminho para esse reconhecimento tem sido longo para o sortudo propriet\u00e1rio do desenho, que permanece an\u00f4nimo.\u00a0Ele passou os \u00faltimos quatro anos buscando autentica\u00e7\u00e3o para o desenho, acumulando in\u00fameras despesas ao longo do caminho.\u00a0A obra teve que ser levada a v\u00e1rios especialistas diferentes, para autenticar o estilo de arte, marcas d\u2019\u00e1gua e at\u00e9 mesmo a composi\u00e7\u00e3o do papel.<\/p>\n<p style=\"text-align: justify;\">Agora, o comprador an\u00f4nimo tem a chance de recuperar seu investimento e \u201calgo mais\u201d.\u00a0A pe\u00e7a, que especialistas concordaram que foi realizada em torno de 1503, poderia ser vendida por at\u00e9 US$ 50 milh\u00f5es.\u00a0Art Newspaper observa\u00a0que, se conseguir vender a esse pre\u00e7o, seria o recorde de maior pre\u00e7o de uma obra de arte em papel de um velho mestre.<\/p>\n","protected":false},"excerpt":{"rendered":"<p>Artnet News relata\u00a0que o desenho foi autenticado como uma obra original do artista renascentista alem\u00e3o Albrecht D\u00fcrer.\u00a0A confirma\u00e7\u00e3o veio de Christof Metzger, curador-chefe do Museu Albertina, em Viena, que \u00e9 a principal autoridade em D\u00fcrer. Sua declara\u00e7\u00e3o de que a pe\u00e7a \u00e9 genu\u00edna foi apoiada tamb\u00e9m por Giulia Bartrum, ex-curadora de gravuras e desenhos alem\u00e3es [&hellip;]<\/p>\n","protected":false},"author":1,"featured_media":71617,"comment_status":"open","ping_status":"closed","sticky":false,"template":"","format":"standard","meta":{"footnotes":""},"categories":[4],"tags":[],"class_list":["post-71616","post","type-post","status-publish","format-standard","has-post-thumbnail","hentry","category-cotidiano"],"_links":{"self":[{"href":"https:\/\/catolicanet.net\/wp-cnet\/wp-json\/wp\/v2\/posts\/71616","targetHints":{"allow":["GET"]}}],"collection":[{"href":"https:\/\/catolicanet.net\/wp-cnet\/wp-json\/wp\/v2\/posts"}],"about":[{"href":"https:\/\/catolicanet.net\/wp-cnet\/wp-json\/wp\/v2\/types\/post"}],"author":[{"embeddable":true,"href":"https:\/\/catolicanet.net\/wp-cnet\/wp-json\/wp\/v2\/users\/1"}],"replies":[{"embeddable":true,"href":"https:\/\/catolicanet.net\/wp-cnet\/wp-json\/wp\/v2\/comments?post=71616"}],"version-history":[{"count":1,"href":"https:\/\/catolicanet.net\/wp-cnet\/wp-json\/wp\/v2\/posts\/71616\/revisions"}],"predecessor-version":[{"id":71618,"href":"https:\/\/catolicanet.net\/wp-cnet\/wp-json\/wp\/v2\/posts\/71616\/revisions\/71618"}],"wp:featuredmedia":[{"embeddable":true,"href":"https:\/\/catolicanet.net\/wp-cnet\/wp-json\/wp\/v2\/media\/71617"}],"wp:attachment":[{"href":"https:\/\/catolicanet.net\/wp-cnet\/wp-json\/wp\/v2\/media?parent=71616"}],"wp:term":[{"taxonomy":"category","embeddable":true,"href":"https:\/\/catolicanet.net\/wp-cnet\/wp-json\/wp\/v2\/categories?post=71616"},{"taxonomy":"post_tag","embeddable":true,"href":"https:\/\/catolicanet.net\/wp-cnet\/wp-json\/wp\/v2\/tags?post=71616"}],"curies":[{"name":"wp","href":"https:\/\/api.w.org\/{rel}","templated":true}]}}