{"id":71607,"date":"2021-11-29T09:19:53","date_gmt":"2021-11-29T12:19:53","guid":{"rendered":"https:\/\/catolicanet.net\/wp-cnet\/?p=71607"},"modified":"2021-11-29T19:01:19","modified_gmt":"2021-11-29T22:01:19","slug":"presidente-da-comissao-para-a-vida-e-a-familia-estimula-a-preparacao-do-presepio-nos-lares-brasileiros","status":"publish","type":"post","link":"https:\/\/catolicanet.net\/wp-cnet\/presidente-da-comissao-para-a-vida-e-a-familia-estimula-a-preparacao-do-presepio-nos-lares-brasileiros\/","title":{"rendered":"PRESIDENTE DA COMISS\u00c3O PARA A VIDA E A FAM\u00cdLIA ESTIMULA A PREPARA\u00c7\u00c3O DO PRES\u00c9PIO NOS LARES BRASILEIROS"},"content":{"rendered":"<p style=\"text-align: justify;\">O bispo de Rio Grande (RS) e presidente da Comiss\u00e3o Episcopal Pastoral para a Vida e a Fam\u00edlia da Confer\u00eancia Nacional dos Bispos do Brasil (CNBB), dom Ricardo Hoepers divulgou um v\u00eddeo no qual convida as fam\u00edlias do Brasil a participarem da campanha \u201cMinha Fam\u00edlia acolhe o Menino Jesus\u201d.<\/p>\n<p style=\"text-align: justify;\">Segundo o bispo, montar um pres\u00e9pio \u00e9 uma oportunidade para fortalecer a espiritualidade, momento no qual a fam\u00edlia pode rezar junto em torno da manjedoura. \u201c\u00c9 um momento de unir a fam\u00edlia dentro dos valores que a Sagrada Fam\u00edlia ensina: cuidado, amor, perd\u00e3o e da vida nova que o Natal oferece\u201d, diz.<\/p>\n<p style=\"text-align: justify;\">Dom Ricardo convida tamb\u00e9m as fam\u00edlias, em torno do pres\u00e9pio, pensar em realizar um gesto de solidariedade e atos concretos que podem tornar o Natal mais feliz para quem n\u00e3o tem condi\u00e7\u00f5es.<\/p>\n<p style=\"text-align: justify;\">A Campanha est\u00e1 em sua segunda edi\u00e7\u00e3o e \u00e9 realizada pela Comiss\u00e3o para a Vida e a Fam\u00edlia e pela Pastoral Familiar. Surgiu em 2020 no contexto provocado pela pandemia. O v\u00eddeo \u00e9 o quarto de uma s\u00e9rie de produ\u00e7\u00f5es que estimulam as fam\u00edlias a montarem o pres\u00e9pio em seus lares.<\/p>\n<p style=\"text-align: justify;\"><strong>Conhe\u00e7a o convite:<\/strong><\/p>\n<div class=\"ast-oembed-container\">\n<div>\n<div>\n<p><iframe loading=\"lazy\" title=\"Minha Fam\u00edlia acolhe o Menino Jesus | Convite de Dom Ricardo\" width=\"696\" height=\"392\" src=\"https:\/\/www.youtube.com\/embed\/pZCHEGVePCQ?feature=oembed\" frameborder=\"0\" allow=\"accelerometer; autoplay; clipboard-write; encrypted-media; gyroscope; picture-in-picture\" allowfullscreen><\/iframe><\/p>\n<\/div>\n<\/div>\n<\/div>\n<p>Conhe\u00e7a os outros v\u00eddeos no canal da Comiss\u00e3o para a Vida e a Fam\u00edlia no youtube:\u00a0<a href=\"https:\/\/www.youtube.com\/channel\/UCs1n1dz5gfkHdlevD4Z8wqw\" target=\"_blank\" rel=\"noopener\">aqui<\/a><\/p>\n","protected":false},"excerpt":{"rendered":"<p>O bispo de Rio Grande (RS) e presidente da Comiss\u00e3o Episcopal Pastoral para a Vida e a Fam\u00edlia da Confer\u00eancia Nacional dos Bispos do Brasil (CNBB), dom Ricardo Hoepers divulgou um v\u00eddeo no qual convida as fam\u00edlias do Brasil a participarem da campanha \u201cMinha Fam\u00edlia acolhe o Menino Jesus\u201d. Segundo o bispo, montar um pres\u00e9pio [&hellip;]<\/p>\n","protected":false},"author":1,"featured_media":71608,"comment_status":"open","ping_status":"closed","sticky":false,"template":"","format":"standard","meta":{"footnotes":""},"categories":[7],"tags":[],"class_list":["post-71607","post","type-post","status-publish","format-standard","has-post-thumbnail","hentry","category-cnbb"],"_links":{"self":[{"href":"https:\/\/catolicanet.net\/wp-cnet\/wp-json\/wp\/v2\/posts\/71607","targetHints":{"allow":["GET"]}}],"collection":[{"href":"https:\/\/catolicanet.net\/wp-cnet\/wp-json\/wp\/v2\/posts"}],"about":[{"href":"https:\/\/catolicanet.net\/wp-cnet\/wp-json\/wp\/v2\/types\/post"}],"author":[{"embeddable":true,"href":"https:\/\/catolicanet.net\/wp-cnet\/wp-json\/wp\/v2\/users\/1"}],"replies":[{"embeddable":true,"href":"https:\/\/catolicanet.net\/wp-cnet\/wp-json\/wp\/v2\/comments?post=71607"}],"version-history":[{"count":1,"href":"https:\/\/catolicanet.net\/wp-cnet\/wp-json\/wp\/v2\/posts\/71607\/revisions"}],"predecessor-version":[{"id":71609,"href":"https:\/\/catolicanet.net\/wp-cnet\/wp-json\/wp\/v2\/posts\/71607\/revisions\/71609"}],"wp:featuredmedia":[{"embeddable":true,"href":"https:\/\/catolicanet.net\/wp-cnet\/wp-json\/wp\/v2\/media\/71608"}],"wp:attachment":[{"href":"https:\/\/catolicanet.net\/wp-cnet\/wp-json\/wp\/v2\/media?parent=71607"}],"wp:term":[{"taxonomy":"category","embeddable":true,"href":"https:\/\/catolicanet.net\/wp-cnet\/wp-json\/wp\/v2\/categories?post=71607"},{"taxonomy":"post_tag","embeddable":true,"href":"https:\/\/catolicanet.net\/wp-cnet\/wp-json\/wp\/v2\/tags?post=71607"}],"curies":[{"name":"wp","href":"https:\/\/api.w.org\/{rel}","templated":true}]}}