{"id":71598,"date":"2021-11-29T09:13:48","date_gmt":"2021-11-29T12:13:48","guid":{"rendered":"https:\/\/catolicanet.net\/wp-cnet\/?p=71598"},"modified":"2021-11-29T18:55:06","modified_gmt":"2021-11-29T21:55:06","slug":"conheca-os-12-desafios-pastorais-da-igreja-da-america-latina-e-caribe-apontados-pela-assembleia-eclesial","status":"publish","type":"post","link":"https:\/\/catolicanet.net\/wp-cnet\/conheca-os-12-desafios-pastorais-da-igreja-da-america-latina-e-caribe-apontados-pela-assembleia-eclesial\/","title":{"rendered":"CONHE\u00c7A OS 12 DESAFIOS PASTORAIS DA IGREJA DA AM\u00c9RICA LATINA E CARIBE APONTADOS PELA ASSEMBLEIA ECLESIAL"},"content":{"rendered":"<p style=\"text-align: justify;\">No s\u00e1bado, 27 de novembro, pen\u00faltimo dia de Assembleia Eclesial da Am\u00e9rica Latina e Caribe, foram apresentados os desafios pastorais que foram refletidos durante os dias de trabalho. Os delegados constru\u00edram juntos, atrav\u00e9s das apresenta\u00e7\u00f5es e, sobretudo, di\u00e1logos em grupo, os 12 n\u00fameros que podem orientar e motivar a vida pastoral do povo latino-americano.<\/p>\n<p>&nbsp;<\/p>\n<h3 style=\"text-align: center;\">OS 12 DESAFIOS PASTORAIS DA IGREJA<br \/>\nDA AM\u00c9RICA LATINA E DO CARIBE<\/h3>\n<p style=\"text-align: center;\">\n<p style=\"text-align: center;\"><em>1. Reconhecer e valorizar o papel dos jovens na comunidade eclesial e<br \/>\nna sociedade como agentes de transforma\u00e7\u00e3o.<\/em><br \/>\n<em>2. Acompanhar as v\u00edtimas de injusti\u00e7as sociais e eclesiais com processos de reconhecimento e repara\u00e7\u00e3o.<\/em><br \/>\n<em>3. Promover a participa\u00e7\u00e3o ativa das mulheres em minist\u00e9rios, \u00f3rg\u00e3os governamentais,<br \/>\ndiscernimento e tomada de decis\u00f5es eclesiais.<\/em><br \/>\n<em>4. Promover e defender a dignidade da vida e da pessoa humana desde a sua concep\u00e7\u00e3o at\u00e9 o seu fim natural.<\/em><br \/>\n<em>5. Aumentar a forma\u00e7\u00e3o da sinodalidade para erradicar o clericalismo.<\/em><br \/>\n<em>6. Promover a participa\u00e7\u00e3o dos leigos em espa\u00e7os de transforma\u00e7\u00e3o cultural, pol\u00edtica, social e eclesial.<\/em><br \/>\n<em>7. Ouvir o grito dos pobres, exclu\u00eddos e descartados.<\/em><br \/>\n<em>8. Reformar os itiner\u00e1rios formativos dos semin\u00e1rios, incluindo temas como ecologia integral,<br \/>\npovos nativos, incultura\u00e7\u00e3o e interculturalidade e pensamento social da Igreja.<\/em><br \/>\n<em>9. Renovar, \u00e0 luz da Palavra de Deus e do Vaticano II, nosso conceito e experi\u00eancia da Igreja do Povo de DEUS, em comunh\u00e3o com a riqueza de sua ministerialidade,<br \/>\nque evita o clericalismo e favorece a convers\u00e3o pastoral.<\/em><br \/>\n<em>10. Reafirmar e dar prioridade a uma ecologia integral em nossas comunidades<br \/>\na partir dos quatro sonhos da Querida Amaz\u00f4nia.<\/em><br \/>\n<em>11. Promover um encontro pessoal com Jesus Cristo encarnado na realidade do continente.<\/em><br \/>\n<em>12. Acompanhar os povos nativos e afrodescendentes na defesa da vida, da terra e das culturas.<\/em><\/p>\n","protected":false},"excerpt":{"rendered":"<p>No s\u00e1bado, 27 de novembro, pen\u00faltimo dia de Assembleia Eclesial da Am\u00e9rica Latina e Caribe, foram apresentados os desafios pastorais que foram refletidos durante os dias de trabalho. Os delegados constru\u00edram juntos, atrav\u00e9s das apresenta\u00e7\u00f5es e, sobretudo, di\u00e1logos em grupo, os 12 n\u00fameros que podem orientar e motivar a vida pastoral do povo latino-americano. &nbsp; [&hellip;]<\/p>\n","protected":false},"author":1,"featured_media":71599,"comment_status":"open","ping_status":"closed","sticky":false,"template":"","format":"standard","meta":{"footnotes":""},"categories":[7,13],"tags":[],"class_list":["post-71598","post","type-post","status-publish","format-standard","has-post-thumbnail","hentry","category-cnbb","category-featured"],"_links":{"self":[{"href":"https:\/\/catolicanet.net\/wp-cnet\/wp-json\/wp\/v2\/posts\/71598","targetHints":{"allow":["GET"]}}],"collection":[{"href":"https:\/\/catolicanet.net\/wp-cnet\/wp-json\/wp\/v2\/posts"}],"about":[{"href":"https:\/\/catolicanet.net\/wp-cnet\/wp-json\/wp\/v2\/types\/post"}],"author":[{"embeddable":true,"href":"https:\/\/catolicanet.net\/wp-cnet\/wp-json\/wp\/v2\/users\/1"}],"replies":[{"embeddable":true,"href":"https:\/\/catolicanet.net\/wp-cnet\/wp-json\/wp\/v2\/comments?post=71598"}],"version-history":[{"count":1,"href":"https:\/\/catolicanet.net\/wp-cnet\/wp-json\/wp\/v2\/posts\/71598\/revisions"}],"predecessor-version":[{"id":71600,"href":"https:\/\/catolicanet.net\/wp-cnet\/wp-json\/wp\/v2\/posts\/71598\/revisions\/71600"}],"wp:featuredmedia":[{"embeddable":true,"href":"https:\/\/catolicanet.net\/wp-cnet\/wp-json\/wp\/v2\/media\/71599"}],"wp:attachment":[{"href":"https:\/\/catolicanet.net\/wp-cnet\/wp-json\/wp\/v2\/media?parent=71598"}],"wp:term":[{"taxonomy":"category","embeddable":true,"href":"https:\/\/catolicanet.net\/wp-cnet\/wp-json\/wp\/v2\/categories?post=71598"},{"taxonomy":"post_tag","embeddable":true,"href":"https:\/\/catolicanet.net\/wp-cnet\/wp-json\/wp\/v2\/tags?post=71598"}],"curies":[{"name":"wp","href":"https:\/\/api.w.org\/{rel}","templated":true}]}}