{"id":71548,"date":"2021-11-25T09:04:27","date_gmt":"2021-11-25T12:04:27","guid":{"rendered":"https:\/\/catolicanet.net\/wp-cnet\/?p=71548"},"modified":"2021-11-25T13:46:15","modified_gmt":"2021-11-25T16:46:15","slug":"papa-diante-de-deus-descobrimo-nos-todos-iguais","status":"publish","type":"post","link":"https:\/\/catolicanet.net\/wp-cnet\/papa-diante-de-deus-descobrimo-nos-todos-iguais\/","title":{"rendered":"Papa: diante de Deus, descobrimo-nos todos iguais"},"content":{"rendered":"<figure class=\"article__image\" style=\"text-align: justify;\"><span class=\"didascalia_img\">Dia Internacional das Pessoas com Defici\u00eancia ser\u00e1 comemorado em 3 de dezembro pr\u00f3ximo\u00a0 (Vatican Media)<\/span><\/figure>\n<div data-mediatype=\"\">\n<div class=\"article__subTitle\" style=\"text-align: justify;\">&#8220;N\u00e3o h\u00e1 ningu\u00e9m t\u00e3o fr\u00e1gil que n\u00e3o possa rezar, adorar o Senhor, dar gl\u00f3ria ao seu Nome santo e interceder pela salva\u00e7\u00e3o do mundo. Diante de Deus Todo-Poderoso, descobrimo-nos todos iguais&#8221;. S\u00e3o Palavras do Papa Francisco na Mensagem para o Dia Internacional das Pessoas com Defici\u00eancias que ser\u00e1 comemorado em 3 de dezembro pr\u00f3ximo<\/div>\n<div class=\"title__separator\" style=\"text-align: justify;\"><\/div>\n<div class=\"article__text \">\n<p style=\"text-align: justify;\"><b>Jane Nogara &#8211; Vatican News<\/b><\/p>\n<p style=\"text-align: justify;\">Nesta quinta-feira, 25 de novembro de 2021, foi apresentada a Mensagem do Papa Francisco por ocasi\u00e3o do Dia Internacional das Pessoas com Defici\u00eancia, que ser\u00e1 comemorado em 3 de dezembro pr\u00f3ximo.\u00a0Na mensagem o Papa iniciou citando o ap\u00f3stolo Jo\u00e3o: \u201cV\u00f3s sois meus amigos\u201d e disse-lhes que a Igreja \u201cprecisa de cada um de v\u00f3s para cumprir a sua miss\u00e3o ao servi\u00e7o do Evangelho\u201d.<\/p>\n<div style=\"text-align: justify;\">\n<div class=\"article__embed article__embed--unwrap article__embed--dark\">\n<div class=\"article__innerTitle\">Ou\u00e7a e compartilhe!<\/div>\n<div>\n<!--[if lt IE 9]><script>document.createElement('audio');<\/script><![endif]-->\n<audio class=\"wp-audio-shortcode\" id=\"audio-71548-1\" preload=\"none\" style=\"width: 100%;\" controls=\"controls\"><source type=\"audio\/mpeg\" src=\"https:\/\/media.vaticannews.va\/media\/audio\/s1\/2021\/11\/25\/13\/136330614_F136330614.mp3?_=1\" \/><a href=\"https:\/\/media.vaticannews.va\/media\/audio\/s1\/2021\/11\/25\/13\/136330614_F136330614.mp3\">https:\/\/media.vaticannews.va\/media\/audio\/s1\/2021\/11\/25\/13\/136330614_F136330614.mp3<\/a><\/audio>\n<\/div>\n<\/div>\n<\/div>\n<h2 style=\"text-align: justify;\"><b>A amizade com Jesus<\/b><\/h2>\n<p style=\"text-align: justify;\">Ao falar sobre a amizade, \u201cJesus \u00e9 nosso amigo\u201d, o Papa explicou que, \u201cas suas palavras chegam at\u00e9 n\u00f3s e iluminam o mist\u00e9rio da nossa liga\u00e7\u00e3o com Ele e da nossa perten\u00e7a \u00e0 Igreja. \u2018A amizade com Jesus \u00e9 indissol\u00favel. Nunca nos deixa, embora \u00e0s vezes pare\u00e7a calado\u2019. E recorda: \u201cN\u00f3s, crist\u00e3os, recebemos um dom: o acesso ao cora\u00e7\u00e3o de Jesus e \u00e0 amizade com Ele\u201d. \u201cTer Jesus como amigo &#8211; continuou o Papa &#8211; \u00e9 a maior das consola\u00e7\u00f5es e pode fazer de cada um de n\u00f3s um disc\u00edpulo agradecido, jubiloso e capaz de testemunhar que a pr\u00f3pria fragilidade n\u00e3o \u00e9 um obst\u00e1culo para viver e comunicar o Evangelho\u201d. Porque, \u201ca amizade confiante e pessoal com Jesus pode ser a chave espiritual para aceitar as limita\u00e7\u00f5es que todos experimentamos e viver em paz a nossa condi\u00e7\u00e3o\u201d.<\/p>\n<h2 style=\"text-align: justify;\"><b>A Igreja \u00e9 a vossa casa<\/b><\/h2>\n<p style=\"text-align: justify;\">Para recordar que a Igreja \u00e9 a casa de todos o Papa escreveu:<\/p>\n<div style=\"text-align: justify;\">\n<div class=\"article__embed article__embed--border embed_style\">\n<blockquote><p>\u201cO Batismo torna cada um de n\u00f3s membro de pleno direito da comunidade eclesial e d\u00e1 a cada um, sem exclus\u00f5es nem discrimina\u00e7\u00f5es, a possibilidade de exclamar: \u2018Eu sou Igreja\u2019. De fato, a Igreja \u00e9 a vossa casa\u201d<\/p><\/blockquote>\n<\/div>\n<\/div>\n<p style=\"text-align: justify;\">Em seguida disse que a Igreja n\u00e3o \u00e9 uma comunidade de pessoas perfeitas \u201cmas de disc\u00edpulos a caminho, que seguem o Senhor porque se reconhecem pecadores e necessitados do seu perd\u00e3o\u201d e que no Povo de Deus \u201ctodos s\u00e3o protagonistas, ningu\u00e9m pode ser considerado um mero figurante\u201d. Por isso, disse o Papa \u201ccada um de v\u00f3s \u00e9 chamado a oferecer a pr\u00f3pria contribui\u00e7\u00e3o para o percurso sinodal. Estou convencido de que, se este for verdadeiramente \u2018um processo eclesial participado e inclusivo\u2019, a comunidade eclesial sair\u00e1 realmente dele enriquecida\u201d.<\/p>\n<h2 style=\"text-align: justify;\"><b>Discrimina\u00e7\u00f5es na Igreja<\/b><\/h2>\n<p style=\"text-align: justify;\">O Papa lamentou o fato de \u201cMuitos de v\u00f3s ainda hoje, infelizmente, \u2018s\u00e3o tratados como corpos estranhos \u00e0 sociedade (\u2026), sentem que vivem sem perten\u00e7a nem participa\u00e7\u00e3o. No que diz respeito \u00e0 vida da Igreja \u2013 continuou &#8211; \u2018a pior discrimina\u00e7\u00e3o (&#8230;) \u00e9 a falta de cuidado espiritual\u2019 que \u00e0s vezes se manifesta na nega\u00e7\u00e3o do acesso aos Sacramentos, experimentada infelizmente por alguns de v\u00f3s. Neste ponto Francisco advertiu: \u201co Magist\u00e9rio \u00e9 muito claro nisto e, recentemente, o Diret\u00f3rio para a Catequese afirmou de forma expl\u00edcita que \u2018ningu\u00e9m pode recusar os Sacramentos \u00e0s pessoas com defici\u00eancia\u2019, e concluiu \u201c\u00e9 precisamente a amizade de Jesus, recebida por todos como um dom imerecido, que nos resgata e permite viver as diferen\u00e7as como riqueza\u201d.<\/p>\n<h2 style=\"text-align: justify;\"><b>No tempo da prova\u00e7\u00e3o a amizade de Jesus protege<\/b><\/h2>\n<p style=\"text-align: justify;\">Neste par\u00e1grafo o Papa fala sobre as situa\u00e7\u00f5es de prova\u00e7\u00f5es que muitos passaram e passam ainda por causa de restri\u00e7\u00f5es. \u201cA amizade de Jesus protege-nos no tempo da prova\u00e7\u00e3o\u201d. O Pont\u00edfice reitera o carinho e a aten\u00e7\u00e3o por todos: \u201cSabei que o Papa e a Igreja est\u00e3o particularmente pr\u00f3ximos de v\u00f3s, com afeto e ternura\u201d.<\/p>\n<h2 style=\"text-align: justify;\"><b>O Evangelho \u00e9 para todos<\/b><\/h2>\n<p style=\"text-align: justify;\">\u201cDa amizade com o Senhor deriva tamb\u00e9m a nossa voca\u00e7\u00e3o\u201d, continuou, \u201cSim, Jesus deseja que cheguemos \u00e0 \u2018felicidade para a qual fomos criados. Quer-nos santos e espera que n\u00e3o nos resignemos com uma vida med\u00edocre, superficial e indecisa\u2019. Neste ponto o Papa exorta a todos:<\/p>\n<div style=\"text-align: justify;\">\n<div class=\"article__embed article__embed--border embed_style\">\n<blockquote><p>\u201cO Evangelho tamb\u00e9m \u00e9 para ti. Dirigida a cada um, \u00e9 uma Palavra que consola e, ao mesmo tempo, chama \u00e0 convers\u00e3o. O Conc\u00edlio Vaticano II, ao falar da voca\u00e7\u00e3o universal \u00e0 santidade, ensina que \u2018os crist\u00e3os de qualquer estado ou ordem s\u00e3o chamados \u00e0 plenitude da vida crist\u00e3 e \u00e0 perfei\u00e7\u00e3o da caridade. (&#8230;) Para alcan\u00e7ar esta perfei\u00e7\u00e3o, empreguem os fi\u00e9is as for\u00e7as recebidas segundo a medida em que as d\u00e1 Cristo\u201d<\/p><\/blockquote>\n<\/div>\n<\/div>\n<h2 style=\"text-align: justify;\"><b>O Papa pede ora\u00e7\u00f5es<br \/>\n<\/b><\/h2>\n<p style=\"text-align: justify;\">Por fim Francisco faz um apelo a todos: \u201cSei que alguns de v\u00f3s vivem condi\u00e7\u00f5es de extrema fragilidade. Mas \u00e9 precisamente a v\u00f3s que me quero dirigir, talvez pedindo aos vossos familiares ou a quem vos acompanha de mais perto que vos leiam estas minhas palavras ou transmitam este meu apelo: pedir-vos para rezar\u201d.<\/p>\n<h2 style=\"text-align: justify;\"><b>Todos sabem rezar<\/b><\/h2>\n<p style=\"text-align: justify;\">\u201cE ningu\u00e9m diga \u2018eu n\u00e3o sei rezar\u2019, porque, como diz o Ap\u00f3stolo, \u2018o Esp\u00edrito vem em aux\u00edlio da nossa fraqueza, pois n\u00e3o sabemos o que havemos de pedir, para rezarmos como deve ser; mas o pr\u00f3prio Esp\u00edrito intercede por n\u00f3s com gemidos inef\u00e1veis\u2019 e o papa recorda ainda que nos Evangelhos \u201cJesus ouve quem se Lhe dirige mesmo de forma aparentemente inadequada, talvez s\u00f3 com um gesto ou um grito\u201d.<\/p>\n<p style=\"text-align: justify;\">Reiterando seu apelo afirma \u201cN\u00e3o h\u00e1 ningu\u00e9m t\u00e3o fr\u00e1gil que n\u00e3o possa rezar, adorar o Senhor, dar gl\u00f3ria ao seu Nome santo e interceder pela salva\u00e7\u00e3o do mundo. Diante de Deus Todo-Poderoso, descobrimo-nos todos iguais\u201d.<\/p>\n<\/div>\n<\/div>\n","protected":false},"excerpt":{"rendered":"<p>Dia Internacional das Pessoas com Defici\u00eancia ser\u00e1 comemorado em 3 de dezembro pr\u00f3ximo\u00a0 (Vatican Media) &#8220;N\u00e3o h\u00e1 ningu\u00e9m t\u00e3o fr\u00e1gil que n\u00e3o possa rezar, adorar o Senhor, dar gl\u00f3ria ao seu Nome santo e interceder pela salva\u00e7\u00e3o do mundo. Diante de Deus Todo-Poderoso, descobrimo-nos todos iguais&#8221;. S\u00e3o Palavras do Papa Francisco na Mensagem para o [&hellip;]<\/p>\n","protected":false},"author":1,"featured_media":71549,"comment_status":"open","ping_status":"closed","sticky":false,"template":"","format":"standard","meta":{"footnotes":""},"categories":[3],"tags":[],"class_list":["post-71548","post","type-post","status-publish","format-standard","has-post-thumbnail","hentry","category-vaticano"],"_links":{"self":[{"href":"https:\/\/catolicanet.net\/wp-cnet\/wp-json\/wp\/v2\/posts\/71548","targetHints":{"allow":["GET"]}}],"collection":[{"href":"https:\/\/catolicanet.net\/wp-cnet\/wp-json\/wp\/v2\/posts"}],"about":[{"href":"https:\/\/catolicanet.net\/wp-cnet\/wp-json\/wp\/v2\/types\/post"}],"author":[{"embeddable":true,"href":"https:\/\/catolicanet.net\/wp-cnet\/wp-json\/wp\/v2\/users\/1"}],"replies":[{"embeddable":true,"href":"https:\/\/catolicanet.net\/wp-cnet\/wp-json\/wp\/v2\/comments?post=71548"}],"version-history":[{"count":1,"href":"https:\/\/catolicanet.net\/wp-cnet\/wp-json\/wp\/v2\/posts\/71548\/revisions"}],"predecessor-version":[{"id":71550,"href":"https:\/\/catolicanet.net\/wp-cnet\/wp-json\/wp\/v2\/posts\/71548\/revisions\/71550"}],"wp:featuredmedia":[{"embeddable":true,"href":"https:\/\/catolicanet.net\/wp-cnet\/wp-json\/wp\/v2\/media\/71549"}],"wp:attachment":[{"href":"https:\/\/catolicanet.net\/wp-cnet\/wp-json\/wp\/v2\/media?parent=71548"}],"wp:term":[{"taxonomy":"category","embeddable":true,"href":"https:\/\/catolicanet.net\/wp-cnet\/wp-json\/wp\/v2\/categories?post=71548"},{"taxonomy":"post_tag","embeddable":true,"href":"https:\/\/catolicanet.net\/wp-cnet\/wp-json\/wp\/v2\/tags?post=71548"}],"curies":[{"name":"wp","href":"https:\/\/api.w.org\/{rel}","templated":true}]}}