{"id":71526,"date":"2021-11-24T10:40:39","date_gmt":"2021-11-24T13:40:39","guid":{"rendered":"https:\/\/catolicanet.net\/wp-cnet\/?p=71526"},"modified":"2021-11-24T14:40:36","modified_gmt":"2021-11-24T17:40:36","slug":"novo-bispo-auxiliar-da-arquidiocese","status":"publish","type":"post","link":"https:\/\/catolicanet.net\/wp-cnet\/novo-bispo-auxiliar-da-arquidiocese\/","title":{"rendered":"Novo Bispo Auxiliar da Arquidiocese"},"content":{"rendered":"<p style=\"text-align: justify;\">A Nunciatura Apost\u00f3lica no Brasil comunicou nesta quarta-feira, 24 de novembro, que o Papa Francisco nomeou<\/p>\n<p style=\"text-align: justify;\">Monsenhor Ant\u00f4nio Luiz Catelan Ferreira como bispo auxiliar da Arquidiocese de S\u00e3o Sebasti\u00e3o do Rio de Janeiro (RJ), atualmente professor do Departamento de Teologia da Pontif\u00edcia Universidade Cat\u00f3lica do Rio de Janeiro (PUC-Rio), vig\u00e1rio paroquial da Par\u00f3quia S\u00e3o Jos\u00e9, na Lagoa em nossa Arquidiocese (onde trabalha em diversos campos pastorais, al\u00e9m das celebra\u00e7\u00f5es lit\u00fargicas). Exerce tamb\u00e9m suas atividades e nomea\u00e7\u00f5es na CNBB, em comiss\u00f5es do CELAM, na Comiss\u00e3o Teol\u00f3gica Internacional e em diversas miss\u00f5es de assessorias a pedido da Santa S\u00e9.<\/p>\n<p style=\"text-align: justify;\">Louvamos e bendizemos a Deus, e agradecemos a solicitude do Santo Padre em nos conceder mais um auxiliar, na certeza que seu minist\u00e9rio ir\u00e1 fortalecer o trabalho pastoral nesta grande cidade, para que a Igreja esteja mais presente nos vicariatos, nas par\u00f3quias, nas comunidades, em todos os ambientes, especialmente na vida acad\u00eamica. Mons. Catelan, que j\u00e1 atua em nossa Arquidiocese, atuar\u00e1 como bispo junto com os demais auxiliares no campo f\u00e9rtil desta nossa cidade com todas as suas necessidades e potencialidades.<\/p>\n<p style=\"text-align: justify;\">Incardinado na Diocese de Umuarama, no Paran\u00e1, onde foi ordenado sacerdote em 5 de fevereiro de 1995, h\u00e1 26 anos, por Dom Jos\u00e9 Maria Maimone, Monsenhor Catelan est\u00e1 no Rio de Janeiro desde 2018, quando veio, a nosso pedido e com consentimento do bispo diocesano, Dom Jo\u00e3o Mamede Filho, OFMConv, para lecionar na PUC-Rio.<\/p>\n<p style=\"text-align: justify;\">Monsenhor Catelan possui bacharelado em teologia pela Pontif\u00edcia Faculdade de Teologia Nossa Senhora da Assun\u00e7\u00e3o, de S\u00e3o Paulo (1994), licenciatura em filosofia &#8211; Universidade Estadual do Oeste do Paran\u00e1 &#8211; Campus Toledo (1993), mestrado em teologia sistem\u00e1tica pela Faculdade de Teologia de Nossa Senhora Assun\u00e7\u00e3o (2002) e doutorado em teologia dogm\u00e1tica pela Pontif\u00edcia Universidade Gregoriana de Roma (2011).<\/p>\n<p style=\"text-align: justify;\">Atualmente \u00e9 membro da Comiss\u00e3o Teol\u00f3gica Internacional; do grupo de peritos da Comiss\u00e3o para a Doutrina da f\u00e9 da Confer\u00eancia Nacional dos Bispos do Brasil, com a miss\u00e3o de zelar pela fidelidade da Doutrina da Igreja e pela integridade de sua transmiss\u00e3o, bem como de promover a reflex\u00e3o teol\u00f3gica, para responder adequadamente aos questionamentos e desafios atuais. Tamb\u00e9m faz parte do grupo de peritos do CELAM. \u00c9 secret\u00e1rio da Sociedade Brasileira de Teologia Sistem\u00e1tica e da Sociedade Ratzinger Brasil respons\u00e1vel pelas edi\u00e7\u00f5es das Obras Completas de Joseph Ratzinger, em portugu\u00eas. Pregador de cursos, encontros e retiros para bispos, sacerdotes, seminaristas e leigos, \u00e9 autor e organizador de livros e de diversos artigos cient\u00edficos publicados na \u00e1rea de teologia, com \u00eanfase em teologia sistem\u00e1tica, especialmente em temas relacionados \u00e0 eclesiologia, eucaristia, magist\u00e9rio, Conc\u00edlio Vaticano e teologia sacrament\u00e1ria.<\/p>\n<p style=\"text-align: justify;\">Por sua fidelidade ao Magist\u00e9rio da Igreja, foi escolhido pelo Papa Francisco como membro da Comiss\u00e3o Teol\u00f3gica Internacional, of\u00edcio que desempenha desde 2014, ajudando a Santa S\u00e9 e, em particular, a Congrega\u00e7\u00e3o para a Doutrina da F\u00e9 no exame de quest\u00f5es doutrinais.<\/p>\n<p style=\"text-align: justify;\">Filho de Luiz Fernandes Portel Ferreira e de Maria Erci Catelan Ferreira, monsenhor Catelan nasceu na cidade paranaense de Ga\u00facha, no dia 2 de fevereiro de 1970, h\u00e1 51 anos. Seus estudos foram iniciados ao cursar o fundamental na Escola Estadual Santo Ant\u00f4nio, na cidade de Maria Helena (PR), de 1975 a 1982, e o ensino m\u00e9dio no Col\u00e9gio Marista, em Maring\u00e1 (PR), de 1983 a 1985.<\/p>\n<p style=\"text-align: justify;\">A semente que Deus usou para cham\u00e1-lo para o minist\u00e9rio presbiteral foi o testemunho do padre Herv\u00e9 Marie Saliou, um mission\u00e1rio franc\u00eas que trabalhou por muitos anos na par\u00f3quia da cidade de Maria Helena (PR). Apesar do tempo e da medica\u00e7\u00e3o, o sacerdote tinha traumas por ter sido prisioneiro de guerra dos alem\u00e3es, mas era o bom pastor que estava pr\u00f3ximo de seus fi\u00e9is, fosse o que fosse, e n\u00e3o precisava ser chamado.<\/p>\n<p style=\"text-align: justify;\">Com a convic\u00e7\u00e3o de consagrar sua vida a Deus, fez o bacharelado em filosofia no Instituto Nossa Senhora da Gl\u00f3ria, em Maring\u00e1 (PR), de 1987 a 1989, (convalidado na Universidade Estadual do Oeste do Paran\u00e1, em Toledo (PR), de 1990 a 1991. O bacharelado em teologia foi feito no Instituto Paulo VI, em Londrina (PR), de 1990 a 1994 (convalidado eclesiasticamente na Pontif\u00edcia Faculdade de Teologia Nossa Senhora da Assun\u00e7\u00e3o, em S\u00e3o Paulo, em 2000, e convalidado civilmente na Pontif\u00edcia Universidade Cat\u00f3lica do Paran\u00e1 (PUC-PR), em Curitiba, em 2011.<\/p>\n<p style=\"text-align: justify;\">Na Diocese de Umuarama, ap\u00f3s sua ordena\u00e7\u00e3o, exerceu o minist\u00e9rio como p\u00e1roco, de 1995 a 1997, e de 2001 a 2002; reitor de semin\u00e1rio diocesano, de 1998 a 2000, de 2003 a 2007 e, em 2010. Foi coordenador diocesano de pastoral, de 1996 a 2000, vig\u00e1rio geral, em 2002, membro do Col\u00e9gio dos Consultores por tr\u00eas mandatos, de 1996 a 2011, e assessor teol\u00f3gico do Projeto Arquidiocesano de Avalia\u00e7\u00e3o Pastoral, em Londrina (PR), de 2010 a 2011. Tamb\u00e9m desempenhou na Diocese de Umuarama os of\u00edcios de diretor de estudos de filosofia, de 1995 a 2004, e de teologia, de 2004 a 2007. Professor no Semin\u00e1rio Maior no curso de filosofia, de 1995 a 2002, e no curso de teologia, de 2002 a 2006. Tamb\u00e9m foi professor na Pontif\u00edcia Universidade Cat\u00f3lica do Paran\u00e1, a partir de 2004, e coordenador de curso de P\u00f3s-Gradua\u00e7\u00e3o Lato Sensu em teologia na PUC-PR, de 2005 a 2007.<\/p>\n<p style=\"text-align: justify;\">Ainda exultando de alegria por celebrar a Solenidade de Jesus Cristo, Rei do Universo, nesta semana que culminaremos com a Festa da Unidade, pedimos ao Sumo e Eterno Sacerdote que aben\u00e7oe sua vida, a generosidade de seu sim, o seu amor pela Igreja, e que o seu minist\u00e9rio episcopal possa fecundar a terra com boas sementes de eternidade.<\/p>\n<p style=\"text-align: justify;\">A ordena\u00e7\u00e3o episcopal ser\u00e1 na Catedral de Umuarama \u00e0s 17 horas do dia 5 de fevereiro, s\u00e1bado. Estarei junto com D. Jo\u00e3o Mamede Filho, OFMConv, Bispo Diocesano de Umuarama, D. Vicente Costa, Bispo Diocesano de Jundia\u00ed e demais bispos presentes. A celebra\u00e7\u00e3o de apresenta\u00e7\u00e3o em nossa Arquidiocese de S\u00e3o Sebasti\u00e3o do Rio de Janeiro ser\u00e1 no dia 12 de Fevereiro, s\u00e1bado, as 08:30 horas na Catedral Metropolitana.<\/p>\n<p style=\"text-align: justify;\">\u201cPropter testimonium Jesu\u201d (Ap 1,9 e 20,4 \u2013 1,2; 12,17; 19,10) \u00e9 o seu lema que norteia sua vida e miss\u00e3o: Que seja tudo por causa do testemunho de Jesus!<\/p>\n","protected":false},"excerpt":{"rendered":"<p>A Nunciatura Apost\u00f3lica no Brasil comunicou nesta quarta-feira, 24 de novembro, que o Papa Francisco nomeou Monsenhor Ant\u00f4nio Luiz Catelan Ferreira como bispo auxiliar da Arquidiocese de S\u00e3o Sebasti\u00e3o do Rio de Janeiro (RJ), atualmente professor do Departamento de Teologia da Pontif\u00edcia Universidade Cat\u00f3lica do Rio de Janeiro (PUC-Rio), vig\u00e1rio paroquial da Par\u00f3quia S\u00e3o Jos\u00e9, [&hellip;]<\/p>\n","protected":false},"author":5,"featured_media":55819,"comment_status":"open","ping_status":"closed","sticky":false,"template":"","format":"standard","meta":{"footnotes":""},"categories":[9],"tags":[],"class_list":["post-71526","post","type-post","status-publish","format-standard","has-post-thumbnail","hentry","category-artigos"],"_links":{"self":[{"href":"https:\/\/catolicanet.net\/wp-cnet\/wp-json\/wp\/v2\/posts\/71526","targetHints":{"allow":["GET"]}}],"collection":[{"href":"https:\/\/catolicanet.net\/wp-cnet\/wp-json\/wp\/v2\/posts"}],"about":[{"href":"https:\/\/catolicanet.net\/wp-cnet\/wp-json\/wp\/v2\/types\/post"}],"author":[{"embeddable":true,"href":"https:\/\/catolicanet.net\/wp-cnet\/wp-json\/wp\/v2\/users\/5"}],"replies":[{"embeddable":true,"href":"https:\/\/catolicanet.net\/wp-cnet\/wp-json\/wp\/v2\/comments?post=71526"}],"version-history":[{"count":1,"href":"https:\/\/catolicanet.net\/wp-cnet\/wp-json\/wp\/v2\/posts\/71526\/revisions"}],"predecessor-version":[{"id":71527,"href":"https:\/\/catolicanet.net\/wp-cnet\/wp-json\/wp\/v2\/posts\/71526\/revisions\/71527"}],"wp:featuredmedia":[{"embeddable":true,"href":"https:\/\/catolicanet.net\/wp-cnet\/wp-json\/wp\/v2\/media\/55819"}],"wp:attachment":[{"href":"https:\/\/catolicanet.net\/wp-cnet\/wp-json\/wp\/v2\/media?parent=71526"}],"wp:term":[{"taxonomy":"category","embeddable":true,"href":"https:\/\/catolicanet.net\/wp-cnet\/wp-json\/wp\/v2\/categories?post=71526"},{"taxonomy":"post_tag","embeddable":true,"href":"https:\/\/catolicanet.net\/wp-cnet\/wp-json\/wp\/v2\/tags?post=71526"}],"curies":[{"name":"wp","href":"https:\/\/api.w.org\/{rel}","templated":true}]}}