{"id":71512,"date":"2021-11-24T09:59:36","date_gmt":"2021-11-24T12:59:36","guid":{"rendered":"https:\/\/catolicanet.net\/wp-cnet\/?p=71512"},"modified":"2021-11-24T14:03:03","modified_gmt":"2021-11-24T17:03:03","slug":"a-arvore-de-natal-de-2021-chega-ao-vaticano","status":"publish","type":"post","link":"https:\/\/catolicanet.net\/wp-cnet\/a-arvore-de-natal-de-2021-chega-ao-vaticano\/","title":{"rendered":"A \u00e1rvore de natal de 2021 chega ao Vaticano"},"content":{"rendered":"<p style=\"text-align: justify;\">A \u00e1rvore de\u00a0Natal\u00a0natural que vai decorar o Vaticano neste ano de 2021, chegou na ter\u00e7a-feira, 23 de novembro, na Pra\u00e7a de S\u00e3o Pedro.<\/p>\n<p><iframe loading=\"lazy\" title=\"El \u00e1rbol de la Navidad 2021 ya lleg\u00f3 al Vaticano\" width=\"696\" height=\"522\" src=\"https:\/\/www.youtube.com\/embed\/cW2Vr245Bl4?feature=oembed\" frameborder=\"0\" allow=\"accelerometer; autoplay; clipboard-write; encrypted-media; gyroscope; picture-in-picture\" allowfullscreen><\/iframe><\/p>\n<p style=\"text-align: justify;\">A \u00e1rvore, da esp\u00e9cie\u00a0<em>Picea abies,<\/em>\u00a0mede 28 metros e vem de Andalo, na regi\u00e3o do Trentino, norte da It\u00e1lia. Uma delega\u00e7\u00e3o do Trentino cuidar\u00e1 da decora\u00e7\u00e3o natalina da \u00e1rvore.<\/p>\n<p style=\"text-align: justify;\">Ao lado da \u00e1rvore ser\u00e1 colocado o pres\u00e9pio de Chopcca, comunidade andina do departamento de Huancavelica, no Peru.<\/p>\n<p style=\"text-align: justify;\">O pres\u00e9pio de Chopcca ter\u00e1 mais de 30 pe\u00e7as. As\u00a0imagens\u00a0da\u00a0Virgem Maria, de s\u00e3o Jos\u00e9, do Menino Jesus, dos magos e dos pastores ser\u00e3o em tamanho natural, feitos com cer\u00e2mica, madeira e fibra de vidro, e vestir\u00e3o roupas t\u00edpicas de Chopcca..<\/p>\n<p style=\"text-align: justify;\">A inaugura\u00e7\u00e3o do pres\u00e9pio e a ilumina\u00e7\u00e3o da \u00e1rvore de Natal acontecer\u00e1 na sexta-feira, dia 10 de dezembro, \u00e0s 17h, hora de Roma, e ser\u00e1 presidida pelo novo presidente do Governatorato do Estado da Cidade do Vaticano, dom Fernando V\u00e9rgez Alzaga.<\/p>\n<p style=\"text-align: justify;\">A decora\u00e7\u00e3o ficar\u00e1 na pra\u00e7a de S\u00e3o Pedro at\u00e9 a festa do\u00a0Batismo do Senhor, domingo, 9 de janeiro de 2022, que marca o fim do tempo do Notal no ano lit\u00fargico.<\/p>\n<p style=\"text-align: justify;\">Em 2020,\u00a0o papa Francisco afirmou que a \u00e1rvore e o pres\u00e9pio \u201cajudam a criar um clima natalino favor\u00e1vel para viver com f\u00e9 o mist\u00e9rio do Nascimento do Redentor. No pres\u00e9pio, tudo fala de pobreza \u2018boa\u2019, a pobreza evang\u00e9lica, que nos torna santos\u201d.<\/p>\n<p style=\"text-align: justify;\">\u201cContemplando a Sagrada Fam\u00edlia e os v\u00e1rios personagens, somos atra\u00eddos por sua humildade que desarma\u201d, destacou.<\/p>\n<p style=\"text-align: justify;\">O papa disse que \u201ca festa de Natal nos lembra que Jesus \u00e9 a nossa paz, nossa alegria, nossa for\u00e7a, nosso conforto. Mas, para acolher estes dons da gra\u00e7a, precisamos nos sentir pequenos, pobres e humildes como os personagens do pres\u00e9pio\u201d.<\/p>\n","protected":false},"excerpt":{"rendered":"<p>A \u00e1rvore de\u00a0Natal\u00a0natural que vai decorar o Vaticano neste ano de 2021, chegou na ter\u00e7a-feira, 23 de novembro, na Pra\u00e7a de S\u00e3o Pedro. A \u00e1rvore, da esp\u00e9cie\u00a0Picea abies,\u00a0mede 28 metros e vem de Andalo, na regi\u00e3o do Trentino, norte da It\u00e1lia. Uma delega\u00e7\u00e3o do Trentino cuidar\u00e1 da decora\u00e7\u00e3o natalina da \u00e1rvore. Ao lado da \u00e1rvore [&hellip;]<\/p>\n","protected":false},"author":1,"featured_media":71513,"comment_status":"open","ping_status":"closed","sticky":false,"template":"","format":"standard","meta":{"footnotes":""},"categories":[4,13],"tags":[],"class_list":["post-71512","post","type-post","status-publish","format-standard","has-post-thumbnail","hentry","category-cotidiano","category-featured"],"_links":{"self":[{"href":"https:\/\/catolicanet.net\/wp-cnet\/wp-json\/wp\/v2\/posts\/71512","targetHints":{"allow":["GET"]}}],"collection":[{"href":"https:\/\/catolicanet.net\/wp-cnet\/wp-json\/wp\/v2\/posts"}],"about":[{"href":"https:\/\/catolicanet.net\/wp-cnet\/wp-json\/wp\/v2\/types\/post"}],"author":[{"embeddable":true,"href":"https:\/\/catolicanet.net\/wp-cnet\/wp-json\/wp\/v2\/users\/1"}],"replies":[{"embeddable":true,"href":"https:\/\/catolicanet.net\/wp-cnet\/wp-json\/wp\/v2\/comments?post=71512"}],"version-history":[{"count":1,"href":"https:\/\/catolicanet.net\/wp-cnet\/wp-json\/wp\/v2\/posts\/71512\/revisions"}],"predecessor-version":[{"id":71514,"href":"https:\/\/catolicanet.net\/wp-cnet\/wp-json\/wp\/v2\/posts\/71512\/revisions\/71514"}],"wp:featuredmedia":[{"embeddable":true,"href":"https:\/\/catolicanet.net\/wp-cnet\/wp-json\/wp\/v2\/media\/71513"}],"wp:attachment":[{"href":"https:\/\/catolicanet.net\/wp-cnet\/wp-json\/wp\/v2\/media?parent=71512"}],"wp:term":[{"taxonomy":"category","embeddable":true,"href":"https:\/\/catolicanet.net\/wp-cnet\/wp-json\/wp\/v2\/categories?post=71512"},{"taxonomy":"post_tag","embeddable":true,"href":"https:\/\/catolicanet.net\/wp-cnet\/wp-json\/wp\/v2\/tags?post=71512"}],"curies":[{"name":"wp","href":"https:\/\/api.w.org\/{rel}","templated":true}]}}