{"id":71503,"date":"2021-11-24T09:50:09","date_gmt":"2021-11-24T12:50:09","guid":{"rendered":"https:\/\/catolicanet.net\/wp-cnet\/?p=71503"},"modified":"2021-11-24T13:53:11","modified_gmt":"2021-11-24T16:53:11","slug":"conheca-os-projetos-da-igreja-no-brasil-que-ja-receberam-recursos-da-campanha-para-a-evangelizacao","status":"publish","type":"post","link":"https:\/\/catolicanet.net\/wp-cnet\/conheca-os-projetos-da-igreja-no-brasil-que-ja-receberam-recursos-da-campanha-para-a-evangelizacao\/","title":{"rendered":"CONHE\u00c7A OS PROJETOS DA IGREJA NO BRASIL QUE J\u00c1 RECEBERAM RECURSOS DA CAMPANHA PARA A EVANGELIZA\u00c7\u00c3O"},"content":{"rendered":"<div class=\"elementor-element elementor-element-3a087bd2 elementor-widget elementor-widget-theme-post-content\" data-id=\"3a087bd2\" data-element_type=\"widget\" data-widget_type=\"theme-post-content.default\">\n<div class=\"elementor-widget-container\">\n<p style=\"text-align: justify;\">Despertando o compromisso evangelizador em cada fiel e promovendo uma coleta em \u00e2mbito nacional,\u00a0<a href=\"https:\/\/www.cnbb.org.br\/campanha-para-a-evangelizacao\/\">a Campanha para a Evangeliza\u00e7\u00e3o<\/a>\u00a0destina os seus recursos para a dinamiza\u00e7\u00e3o e manuten\u00e7\u00e3o dos 19 regionais da CNBB visando \u00e0 execu\u00e7\u00e3o das atividades evangelizadoras, programadas a partir das Diretrizes Gerais da A\u00e7\u00e3o Evangelizadora da Igreja no Brasil (DGAE).<\/p>\n<p style=\"text-align: justify;\">A coleta para a Evangeliza\u00e7\u00e3o, gesto concreto da Campanha para a Evangeliza\u00e7\u00e3o, \u00e9 realizada todos os anos no terceiro domingo do Advento. Seus recursos\u00a0 garantem que a Igreja no Brasil d\u00ea continuidade ao an\u00fancio e testemunho do Evangelho desde as \u00e1reas mission\u00e1rias at\u00e9 \u00e0s periferias das grandes cidades, passando pelas a\u00e7\u00f5es pastorais e pela articula\u00e7\u00e3o das comunidades eclesiais mission\u00e1rias, al\u00e9m de contribuir para a manuten\u00e7\u00e3o da Confer\u00eancia Nacional dos Bispos do Brasil (CNBB).<\/p>\n<figure id=\"attachment_859856\" class=\"wp-caption alignright\" style=\"text-align: justify;\" aria-describedby=\"caption-attachment-859856\"><img loading=\"lazy\" decoding=\"async\" class=\"wp-image-859856 lazyloaded\" src=\"https:\/\/eadn-wc02-718006.nxedge.io\/cdn\/wp-content\/uploads\/2021\/11\/Arte-CE-2021-1024x542-1.jpg\" sizes=\"auto, (max-width: 492px) 100vw, 492px\" srcset=\"https:\/\/eadn-wc02-718006.nxedge.io\/cdn\/wp-content\/uploads\/2021\/11\/Arte-CE-2021-1024x542-1.jpg 1024w, https:\/\/eadn-wc02-718006.nxedge.io\/cdn\/wp-content\/uploads\/2021\/11\/Arte-CE-2021-300x159-1.jpg 300w, https:\/\/eadn-wc02-718006.nxedge.io\/cdn\/wp-content\/uploads\/2021\/11\/Arte-CE-2021-768x406-1.jpg 768w, https:\/\/eadn-wc02-718006.nxedge.io\/cdn\/wp-content\/uploads\/2021\/11\/Arte-CE-2021-500x265-1.jpg 500w, https:\/\/eadn-wc02-718006.nxedge.io\/cdn\/wp-content\/uploads\/2021\/11\/Arte-CE-2021.jpg 1202w\" alt=\"Coleta para a Evangeliza\u00e7\u00e3o, nos dias 11 e 12 de dezembro\" width=\"492\" height=\"260\" data-srcset=\"https:\/\/eadn-wc02-718006.nxedge.io\/cdn\/wp-content\/uploads\/2021\/11\/Arte-CE-2021-1024x542-1.jpg 1024w, https:\/\/eadn-wc02-718006.nxedge.io\/cdn\/wp-content\/uploads\/2021\/11\/Arte-CE-2021-300x159-1.jpg 300w, https:\/\/eadn-wc02-718006.nxedge.io\/cdn\/wp-content\/uploads\/2021\/11\/Arte-CE-2021-768x406-1.jpg 768w, https:\/\/eadn-wc02-718006.nxedge.io\/cdn\/wp-content\/uploads\/2021\/11\/Arte-CE-2021-500x265-1.jpg 500w, https:\/\/eadn-wc02-718006.nxedge.io\/cdn\/wp-content\/uploads\/2021\/11\/Arte-CE-2021.jpg 1202w\" data-src=\"https:\/\/eadn-wc02-718006.nxedge.io\/cdn\/wp-content\/uploads\/2021\/11\/Arte-CE-2021-1024x542-1.jpg\" data-sizes=\"(max-width: 492px) 100vw, 492px\" \/><figcaption id=\"caption-attachment-859856\" class=\"wp-caption-text\">Coleta para a Evangeliza\u00e7\u00e3o, nos dias 11 e 12 de dezembro<\/figcaption><\/figure>\n<p style=\"text-align: justify;\">Do total arrecadado, 45% permanecem na pr\u00f3pria diocese, 20% s\u00e3o destinados aos regionais da Confer\u00eancia Nacional dos Bispos do Brasil (CNBB) e 35% s\u00e3o destinados \u00e0 CNBB.<\/p>\n<p style=\"text-align: justify;\">Uma dessas a\u00e7\u00f5es em que o recurso da Coleta para a Evangeliza\u00e7\u00e3o \u00e9 aplicado \u00e9 no regional Norte 1, que compreende os estados do Amap\u00e1 e Roraima. Em relato ao portal da CNBB, o secret\u00e1rio executivo do regional Norte 1, di\u00e1cono Francisco Andrade de Lima, disse que algumas de suas dioceses tem tido a experi\u00eancia de constituir uma esp\u00e9cie de fundo, proveniente da Campanha para a Evangeliza\u00e7\u00e3o, que \u00e9 investido nas a\u00e7\u00f5es pastorais das igrejas locais.<\/p>\n<blockquote><p>\u201cTem algumas dioceses que tem utilizado esse recuso da Campanha para a Evangeliza\u00e7\u00e3o para fazer miss\u00f5es nas comunidades ribeirinhas, nas comunidades mais distantes\u201d, disse o di\u00e1cono.<\/p><\/blockquote>\n<p style=\"text-align: justify;\">Al\u00e9m disso, o di\u00e1cono Francisco informou que a parte do fundo que \u00e9 destinada ao regional\u00a0\u00e9 utilizada para atividades de evangeliza\u00e7\u00e3o, como catequese e liturgia.<\/p>\n<p style=\"text-align: justify;\">Outro projeto que tamb\u00e9m j\u00e1 recebeu aporte da Campanha para a Evangeliza\u00e7\u00e3o \u00e9\u00a0<a href=\"https:\/\/cnbbne2.org.br\/covid-19-projeto-apoiado-pelo-fns-garante-remedio-e-sabonete-a-populacao-de-rua-na-pb\/\" target=\"_blank\" rel=\"noopener\">o \u201cVida em Movimento\u201d, da Arquidiocese da Para\u00edba<\/a>, e que produz rem\u00e9dio naturais e fitoter\u00e1picos e os distribui para a popula\u00e7\u00e3o que vive nas ruas de Jo\u00e3o Pessoa, na Para\u00edba.<\/p>\n<p style=\"text-align: justify;\">O Vida em Movimento nasceu a partir do trabalho de uma casa de passagem mantida pela Arquidiocese da Para\u00edba para pacientes com HIV. O local oferece atendimento psicol\u00f3gico e alimenta\u00e7\u00e3o para cerca de 200 soropositivos.<\/p>\n<p style=\"text-align: justify;\">Tamb\u00e9m com os recursos doados pela Campanha para a Evangeliza\u00e7\u00e3o, o regional Sul 1, que compreende o estado de S\u00e3o Paulo, mant\u00e9m projetos de\u00a0<a href=\"https:\/\/cnbbsul1.org.br\/amazonia\/\" target=\"_blank\" rel=\"noopener\">coopera\u00e7\u00e3o mission\u00e1ria na Amaz\u00f4nia brasileira<\/a>\u00a0e\u00a0<a href=\"https:\/\/cnbbsul1.org.br\/acao-missionaria-pemba-2\/\" target=\"_blank\" rel=\"noopener\">na diocese de Pemba<\/a>, em Mo\u00e7ambique, na \u00c1frica.<\/p>\n<h3 style=\"text-align: justify;\"><strong>Participe da Coleta para a Evangeliza\u00e7\u00e3o<\/strong><\/h3>\n<p style=\"text-align: justify;\">Em 2021, a Coleta para a Evangeliza\u00e7\u00e3o ser\u00e1 realizada no fim de semana dos dias 11 e 12 de dezembro. O envelope da Coleta pode ser baixado (<a href=\"https:\/\/campanhas.cnbb.org.br\/campanha\/campanha-para-a-evangelizacao-2021#gallery-3\" target=\"_blank\" rel=\"noopener\">Aqui<\/a>).<\/p>\n<p style=\"text-align: justify;\">Veja o v\u00eddeo do secret\u00e1rio executivo das Campanhas da CNBB, padre Patriky Samuel Batista, incentivando todos a participarem:<\/p>\n<div class=\"wp-video\">\n<div id=\"mep_0\" class=\"mejs-container mejs-container-keyboard-inactive wp-video-shortcode mejs-video\" tabindex=\"0\" role=\"application\" aria-label=\"Tocador de v\u00eddeo\">\n<div class=\"mejs-inner\">\n<div class=\"mejs-layers\">\n<div class=\"mejs-overlay mejs-layer mejs-overlay-play\">\n<div class=\"mejs-overlay-button\" tabindex=\"0\" role=\"button\" aria-label=\"Reproduzir\" aria-pressed=\"false\">\n<div style=\"width: 640px;\" class=\"wp-video\"><!--[if lt IE 9]><script>document.createElement('video');<\/script><![endif]-->\n<video class=\"wp-video-shortcode\" id=\"video-71503-1\" width=\"640\" height=\"360\" preload=\"metadata\" controls=\"controls\"><source type=\"video\/mp4\" src=\"https:\/\/www.cnbb.org.br\/wp-content\/uploads\/2021\/11\/WhatsApp-Video-2021-11-19-at-14.58.00.mp4?_=1\" \/><a href=\"https:\/\/www.cnbb.org.br\/wp-content\/uploads\/2021\/11\/WhatsApp-Video-2021-11-19-at-14.58.00.mp4\">https:\/\/www.cnbb.org.br\/wp-content\/uploads\/2021\/11\/WhatsApp-Video-2021-11-19-at-14.58.00.mp4<\/a><\/video><\/div>\n<\/div>\n<\/div>\n<\/div>\n<\/div>\n<\/div>\n<\/div>\n<\/div>\n<\/div>\n","protected":false},"excerpt":{"rendered":"<p>Despertando o compromisso evangelizador em cada fiel e promovendo uma coleta em \u00e2mbito nacional,\u00a0a Campanha para a Evangeliza\u00e7\u00e3o\u00a0destina os seus recursos para a dinamiza\u00e7\u00e3o e manuten\u00e7\u00e3o dos 19 regionais da CNBB visando \u00e0 execu\u00e7\u00e3o das atividades evangelizadoras, programadas a partir das Diretrizes Gerais da A\u00e7\u00e3o Evangelizadora da Igreja no Brasil (DGAE). A coleta para a [&hellip;]<\/p>\n","protected":false},"author":1,"featured_media":71504,"comment_status":"open","ping_status":"closed","sticky":false,"template":"","format":"standard","meta":{"footnotes":""},"categories":[7],"tags":[],"class_list":["post-71503","post","type-post","status-publish","format-standard","has-post-thumbnail","hentry","category-cnbb"],"_links":{"self":[{"href":"https:\/\/catolicanet.net\/wp-cnet\/wp-json\/wp\/v2\/posts\/71503","targetHints":{"allow":["GET"]}}],"collection":[{"href":"https:\/\/catolicanet.net\/wp-cnet\/wp-json\/wp\/v2\/posts"}],"about":[{"href":"https:\/\/catolicanet.net\/wp-cnet\/wp-json\/wp\/v2\/types\/post"}],"author":[{"embeddable":true,"href":"https:\/\/catolicanet.net\/wp-cnet\/wp-json\/wp\/v2\/users\/1"}],"replies":[{"embeddable":true,"href":"https:\/\/catolicanet.net\/wp-cnet\/wp-json\/wp\/v2\/comments?post=71503"}],"version-history":[{"count":1,"href":"https:\/\/catolicanet.net\/wp-cnet\/wp-json\/wp\/v2\/posts\/71503\/revisions"}],"predecessor-version":[{"id":71505,"href":"https:\/\/catolicanet.net\/wp-cnet\/wp-json\/wp\/v2\/posts\/71503\/revisions\/71505"}],"wp:featuredmedia":[{"embeddable":true,"href":"https:\/\/catolicanet.net\/wp-cnet\/wp-json\/wp\/v2\/media\/71504"}],"wp:attachment":[{"href":"https:\/\/catolicanet.net\/wp-cnet\/wp-json\/wp\/v2\/media?parent=71503"}],"wp:term":[{"taxonomy":"category","embeddable":true,"href":"https:\/\/catolicanet.net\/wp-cnet\/wp-json\/wp\/v2\/categories?post=71503"},{"taxonomy":"post_tag","embeddable":true,"href":"https:\/\/catolicanet.net\/wp-cnet\/wp-json\/wp\/v2\/tags?post=71503"}],"curies":[{"name":"wp","href":"https:\/\/api.w.org\/{rel}","templated":true}]}}