{"id":71500,"date":"2021-11-24T09:47:11","date_gmt":"2021-11-24T12:47:11","guid":{"rendered":"https:\/\/catolicanet.net\/wp-cnet\/?p=71500"},"modified":"2021-11-24T13:49:04","modified_gmt":"2021-11-24T16:49:04","slug":"cnbb-prepara-ultima-missa-dos-parlamentares-de-2021-na-sede-da-entidade-em-brasilia-df","status":"publish","type":"post","link":"https:\/\/catolicanet.net\/wp-cnet\/cnbb-prepara-ultima-missa-dos-parlamentares-de-2021-na-sede-da-entidade-em-brasilia-df\/","title":{"rendered":"CNBB PREPARA \u00daLTIMA MISSA DOS PARLAMENTARES DE 2021 NA SEDE DA ENTIDADE EM BRAS\u00cdLIA (DF)"},"content":{"rendered":"<p style=\"text-align: justify;\">Na pr\u00f3xima quinta-feira, 02 de dezembro, ser\u00e1 celebrada a \u00faltima Missa dos Parlamentares do ano organizada pela Assessoria Pol\u00edtica da Confer\u00eancia Nacional dos Bispos do Brasil (CNBB). A celebra\u00e7\u00e3o, \u00e0s 8h, ser\u00e1 presidida pelo bispo auxiliar da arquidiocese do Rio de Janeiro e secret\u00e1rio-geral da entidade, dom Joel Portella Amado, na capela Nossa Senhora Aparecida, na sede da entidade, em Bras\u00edlia (DF).\u00a0Participam da celebra\u00e7\u00e3o deputados e senadores cat\u00f3licos, assessores e familiares.<\/p>\n<blockquote><p>O assessor pol\u00edtico da CNBB, padre Paulo Renato, disse que todas as autoridades devem sentir-se convidadas. \u201cMais do que um evento formal \u00e9 uma manifesta\u00e7\u00e3o de f\u00e9. Seguindo toda as normas de seguran\u00e7a ser\u00e1 uma ocasi\u00e3o agrad\u00e1vel de, ao redor p\u00e3o consagrado e da palavra proclamada, reencontrar aqueles que j\u00e1 frequentavam as missas mensais, para uma celebra\u00e7\u00e3o de final de ano. Vamos rezar por aqueles que perderam suas vidas nesse per\u00edodo, agradecer pelos curados e renovar nossa esperan\u00e7a em Deus para o pr\u00f3ximo ano.\u201d<\/p><\/blockquote>\n<p style=\"text-align: justify;\">A tradicional Missa dos Parlamentares \u00e9 um costume antigo na CNBB. A celebra\u00e7\u00e3o eucar\u00edstica que ocorre sempre na terceira quinta-feira de cada m\u00eas, \u00e0s 8h, ser\u00e1 retomada a partir de dezembro depois da suspens\u00e3o devido a pandemia da Covid-19.<\/p>\n<p style=\"text-align: justify;\">A Missa dos Parlamentares havia sido retomada no dia 19 de setembro e teve como presidente da celebra\u00e7\u00e3o o arcebispo de Belo Horizonte (MG) e presidente da entidade, dom Walmor Oliveira de Azevedo.<\/p>\n","protected":false},"excerpt":{"rendered":"<p>Na pr\u00f3xima quinta-feira, 02 de dezembro, ser\u00e1 celebrada a \u00faltima Missa dos Parlamentares do ano organizada pela Assessoria Pol\u00edtica da Confer\u00eancia Nacional dos Bispos do Brasil (CNBB). A celebra\u00e7\u00e3o, \u00e0s 8h, ser\u00e1 presidida pelo bispo auxiliar da arquidiocese do Rio de Janeiro e secret\u00e1rio-geral da entidade, dom Joel Portella Amado, na capela Nossa Senhora Aparecida, [&hellip;]<\/p>\n","protected":false},"author":1,"featured_media":71501,"comment_status":"open","ping_status":"closed","sticky":false,"template":"","format":"standard","meta":{"footnotes":""},"categories":[7],"tags":[],"class_list":["post-71500","post","type-post","status-publish","format-standard","has-post-thumbnail","hentry","category-cnbb"],"_links":{"self":[{"href":"https:\/\/catolicanet.net\/wp-cnet\/wp-json\/wp\/v2\/posts\/71500","targetHints":{"allow":["GET"]}}],"collection":[{"href":"https:\/\/catolicanet.net\/wp-cnet\/wp-json\/wp\/v2\/posts"}],"about":[{"href":"https:\/\/catolicanet.net\/wp-cnet\/wp-json\/wp\/v2\/types\/post"}],"author":[{"embeddable":true,"href":"https:\/\/catolicanet.net\/wp-cnet\/wp-json\/wp\/v2\/users\/1"}],"replies":[{"embeddable":true,"href":"https:\/\/catolicanet.net\/wp-cnet\/wp-json\/wp\/v2\/comments?post=71500"}],"version-history":[{"count":1,"href":"https:\/\/catolicanet.net\/wp-cnet\/wp-json\/wp\/v2\/posts\/71500\/revisions"}],"predecessor-version":[{"id":71502,"href":"https:\/\/catolicanet.net\/wp-cnet\/wp-json\/wp\/v2\/posts\/71500\/revisions\/71502"}],"wp:featuredmedia":[{"embeddable":true,"href":"https:\/\/catolicanet.net\/wp-cnet\/wp-json\/wp\/v2\/media\/71501"}],"wp:attachment":[{"href":"https:\/\/catolicanet.net\/wp-cnet\/wp-json\/wp\/v2\/media?parent=71500"}],"wp:term":[{"taxonomy":"category","embeddable":true,"href":"https:\/\/catolicanet.net\/wp-cnet\/wp-json\/wp\/v2\/categories?post=71500"},{"taxonomy":"post_tag","embeddable":true,"href":"https:\/\/catolicanet.net\/wp-cnet\/wp-json\/wp\/v2\/tags?post=71500"}],"curies":[{"name":"wp","href":"https:\/\/api.w.org\/{rel}","templated":true}]}}